{"id":20907,"date":"2024-12-18T07:48:43","date_gmt":"2024-12-18T10:48:43","guid":{"rendered":"https:\/\/minutobahia24h.com.br\/?p=20907"},"modified":"2024-12-18T07:48:45","modified_gmt":"2024-12-18T10:48:45","slug":"governo-inicia-mutirao-nacional-de-renegociacao-de-dividas","status":"publish","type":"post","link":"https:\/\/minutobahia24h.com.br\/?p=20907","title":{"rendered":"Governo inicia mutir\u00e3o nacional de renegocia\u00e7\u00e3o de d\u00edvidas"},"content":{"rendered":"<div class=\"wp-block-image\">\n<figure class=\"aligncenter size-full\"><img data-recalc-dims=\"1\" fetchpriority=\"high\" decoding=\"async\" width=\"540\" height=\"304\" src=\"https:\/\/i0.wp.com\/minutobahia24h.com.br\/wp-content\/uploads\/2024\/12\/Sem-titulo-252.jpg?resize=540%2C304&#038;ssl=1\" alt=\"\" class=\"wp-image-20908\" srcset=\"https:\/\/i0.wp.com\/minutobahia24h.com.br\/wp-content\/uploads\/2024\/12\/Sem-titulo-252.jpg?w=540&amp;ssl=1 540w, https:\/\/i0.wp.com\/minutobahia24h.com.br\/wp-content\/uploads\/2024\/12\/Sem-titulo-252.jpg?resize=300%2C169&amp;ssl=1 300w\" sizes=\"(max-width: 540px) 100vw, 540px\" \/><figcaption class=\"wp-element-caption\"><sub>Governo inicia mutir\u00e3o nacional de renegocia\u00e7\u00e3o de d\u00edvidas \u2013 Reprodu\u00e7\u00e3o<\/sub><br><\/figcaption><\/figure>\n<\/div>\n\n\n<p>Consumidores em todo o pa\u00eds com d\u00edvidas atrasadas podem aderir, desde a \u00faltima segunda-feira (16), \u00e0 segunda etapa do \u201cRenegocia!\u201d \u2013 mutir\u00e3o coordenado pela Secretaria Nacional do Consumidor (Senacon), do Minist\u00e9rio da Justi\u00e7a.<\/p>\n\n\n\n<p>Segundo o governo, o esfor\u00e7o vai at\u00e9 17 de janeiro de 2025. Poder\u00e3o ser renegociadas, por exemplo, d\u00edvidas com:<\/p>\n\n\n\n<ul class=\"wp-block-list\">\n<li>institui\u00e7\u00f5es financeiras (bancos e administradoras de cart\u00e3o);<\/li>\n\n\n\n<li>empresas de telefonia;<\/li>\n\n\n\n<li>companhias de \u00e1gua e energia el\u00e9trica, entre outros.<\/li>\n<\/ul>\n\n\n\n<p>Segundo o governo, os consumidores ter\u00e3o acesso a condi\u00e7\u00f5es especiais para renegociar os d\u00e9bitos: descontos em juros, prazos ampliados para pagamento e op\u00e7\u00f5es de parcelamento, por exemplo.<\/p>\n\n\n\n<p>Os Procons regionais e outros \u00f3rg\u00e3os de defesa do consumidor tamb\u00e9m s\u00e3o parceiros do mutir\u00e3o. A negocia\u00e7\u00e3o poder\u00e1 ser feita:<\/p>\n\n\n\n<ul class=\"wp-block-list\">\n<li>pela internet, no\u00a0<a href=\"https:\/\/consumidor.gov.br\/\"><strong><mark>consumidor.gov.br<\/mark><\/strong><\/a>\u00a0\u2013 em negocia\u00e7\u00e3o direta com as empresas;<\/li>\n\n\n\n<li>ou presencialmente, na sede dos Procons e de \u00f3rg\u00e3os similares \u2013 neste caso, \u00e9 importante conferir se o \u00f3rg\u00e3o local est\u00e1 participando do mutir\u00e3o.<\/li>\n<\/ul>\n\n\n\n<p>Segundo dados da Confedera\u00e7\u00e3o Nacional do Com\u00e9rcio citados pelo governo, 8 em cada 10 fam\u00edlias brasileiras t\u00eam algum tipo de d\u00edvida.<\/p>\n\n\n\n<p>\u201cEsse mutir\u00e3o representa um esfor\u00e7o conjunto para aliviar esse cen\u00e1rio, permitindo que as fam\u00edlias reorganizem suas finan\u00e7as e melhorem seu bem-estar econ\u00f4mico\u201d, diz o Minist\u00e9rio da Justi\u00e7a.<\/p>\n\n\n\n<p>O governo afirma, ainda, que o momento \u00e9 \u201cestrat\u00e9gico\u201d para renegociar d\u00edvidas, por coincidir com a virada do ano e, em muitos lares, a chegada do 13\u00ba sal\u00e1rio.<\/p>\n\n\n\n<p>\u201cNesta edi\u00e7\u00e3o, ter\u00e3o prioridade na negocia\u00e7\u00e3o os consumidores v\u00edtimas das enchentes do Rio Grande do Sul, moradores ribeirinhos da Regi\u00e3o Norte do Pa\u00eds, povos origin\u00e1rios e mulheres chefes de fam\u00edlia\u201d, informou o minist\u00e9rio.<\/p>\n\n\n\n<p>blogdoeloiltoncajuhy<\/p>\n","protected":false},"excerpt":{"rendered":"<p>Consumidores em todo o pa\u00eds com d\u00edvidas atrasadas podem aderir, desde a \u00faltima segunda-feira (16), \u00e0 segunda etapa do \u201cRenegocia!\u201d \u2013 mutir\u00e3o coordenado pela Secretaria Nacional do Consumidor (Senacon), do Minist\u00e9rio da Justi\u00e7a. Segundo o governo, o esfor\u00e7o vai at\u00e9 17 de janeiro de 2025. Poder\u00e3o ser renegociadas, por exemplo, d\u00edvidas com: Segundo o governo, [&hellip;]<\/p>\n","protected":false},"author":2,"featured_media":20908,"comment_status":"open","ping_status":"open","sticky":false,"template":"","format":"standard","meta":{"_jetpack_memberships_contains_paid_content":false,"footnotes":""},"categories":[19],"tags":[],"class_list":["post-20907","post","type-post","status-publish","format-standard","has-post-thumbnail","hentry","category-economia"],"aioseo_notices":[],"jetpack_featured_media_url":"https:\/\/i0.wp.com\/minutobahia24h.com.br\/wp-content\/uploads\/2024\/12\/Sem-titulo-252.jpg?fit=540%2C304&ssl=1","jetpack_sharing_enabled":true,"_links":{"self":[{"href":"https:\/\/minutobahia24h.com.br\/index.php?rest_route=\/wp\/v2\/posts\/20907","targetHints":{"allow":["GET"]}}],"collection":[{"href":"https:\/\/minutobahia24h.com.br\/index.php?rest_route=\/wp\/v2\/posts"}],"about":[{"href":"https:\/\/minutobahia24h.com.br\/index.php?rest_route=\/wp\/v2\/types\/post"}],"author":[{"embeddable":true,"href":"https:\/\/minutobahia24h.com.br\/index.php?rest_route=\/wp\/v2\/users\/2"}],"replies":[{"embeddable":true,"href":"https:\/\/minutobahia24h.com.br\/index.php?rest_route=%2Fwp%2Fv2%2Fcomments&post=20907"}],"version-history":[{"count":1,"href":"https:\/\/minutobahia24h.com.br\/index.php?rest_route=\/wp\/v2\/posts\/20907\/revisions"}],"predecessor-version":[{"id":20909,"href":"https:\/\/minutobahia24h.com.br\/index.php?rest_route=\/wp\/v2\/posts\/20907\/revisions\/20909"}],"wp:featuredmedia":[{"embeddable":true,"href":"https:\/\/minutobahia24h.com.br\/index.php?rest_route=\/wp\/v2\/media\/20908"}],"wp:attachment":[{"href":"https:\/\/minutobahia24h.com.br\/index.php?rest_route=%2Fwp%2Fv2%2Fmedia&parent=20907"}],"wp:term":[{"taxonomy":"category","embeddable":true,"href":"https:\/\/minutobahia24h.com.br\/index.php?rest_route=%2Fwp%2Fv2%2Fcategories&post=20907"},{"taxonomy":"post_tag","embeddable":true,"href":"https:\/\/minutobahia24h.com.br\/index.php?rest_route=%2Fwp%2Fv2%2Ftags&post=20907"}],"curies":[{"name":"wp","href":"https:\/\/api.w.org\/{rel}","templated":true}]}}