{"id":20904,"date":"2024-12-18T07:46:08","date_gmt":"2024-12-18T10:46:08","guid":{"rendered":"https:\/\/minutobahia24h.com.br\/?p=20904"},"modified":"2024-12-18T07:46:10","modified_gmt":"2024-12-18T10:46:10","slug":"rosemberg-deve-ser-indicado-para-1a-vice-presidencia-da-al-ba-o-cargo-mais-pretendido-da-casa","status":"publish","type":"post","link":"https:\/\/minutobahia24h.com.br\/?p=20904","title":{"rendered":"Rosemberg deve ser indicado para 1\u00aa vice-presid\u00eancia da AL-BA, o cargo mais \u201cpretendido\u201d da Casa"},"content":{"rendered":"<div class=\"wp-block-image\">\n<figure class=\"aligncenter size-large\"><img data-recalc-dims=\"1\" fetchpriority=\"high\" decoding=\"async\" width=\"800\" height=\"420\" src=\"https:\/\/i0.wp.com\/minutobahia24h.com.br\/wp-content\/uploads\/2024\/12\/Sem-titulo-251-1024x538.jpg?resize=800%2C420&#038;ssl=1\" alt=\"\" class=\"wp-image-20905\" srcset=\"https:\/\/i0.wp.com\/minutobahia24h.com.br\/wp-content\/uploads\/2024\/12\/Sem-titulo-251.jpg?resize=1024%2C538&amp;ssl=1 1024w, https:\/\/i0.wp.com\/minutobahia24h.com.br\/wp-content\/uploads\/2024\/12\/Sem-titulo-251.jpg?resize=300%2C158&amp;ssl=1 300w, https:\/\/i0.wp.com\/minutobahia24h.com.br\/wp-content\/uploads\/2024\/12\/Sem-titulo-251.jpg?resize=768%2C403&amp;ssl=1 768w, https:\/\/i0.wp.com\/minutobahia24h.com.br\/wp-content\/uploads\/2024\/12\/Sem-titulo-251.jpg?resize=750%2C394&amp;ssl=1 750w, https:\/\/i0.wp.com\/minutobahia24h.com.br\/wp-content\/uploads\/2024\/12\/Sem-titulo-251.jpg?resize=1140%2C599&amp;ssl=1 1140w, https:\/\/i0.wp.com\/minutobahia24h.com.br\/wp-content\/uploads\/2024\/12\/Sem-titulo-251.jpg?w=1200&amp;ssl=1 1200w\" sizes=\"(max-width: 800px) 100vw, 800px\" \/><figcaption class=\"wp-element-caption\">Foto: Reprodu\u00e7\u00e3o \/ AL-BA<br><\/figcaption><\/figure>\n<\/div>\n\n\n<p>O deputado estadual, Rosemberg Pinto (PT), atual l\u00edder do governo, deve ser indicado para ocupar o cargo mais disputado entre os parlamentares na elei\u00e7\u00e3o da pr\u00f3xima Mesa Diretora, que ir\u00e1 ser formada em fevereiro de 2025. De acordo com informa\u00e7\u00f5es obtidas pelo Bahia Not\u00edcias, o petista deve ser o\u00a0nome para substituir Z\u00e9 Raimundo (PT) na t\u00e3o sonhada 1\u00aa vice-presid\u00eancia da Assembleia Legislativa da Bahia (AL-BA).<\/p>\n\n\n\n<p>Em conversa com a reportagem, diversos deputados que participaram das tratativas assumiram que Rosemberg deve ser de fato o indicado ao cargo. Al\u00e9m do l\u00edder do governo, o J\u00fanior Muniz (PT) tamb\u00e9m pleiteava a cadeira, mas acabou sendo preterido dentro da bancada petista.<\/p>\n\n\n\n<p>Agora, os deputados devem debater o sucessor de Rosemberg na lideran\u00e7a do governo. Interlocutores informaram ao Bahia Not\u00edcias que n\u00e3o necessariamente o pr\u00f3ximo l\u00edder ser\u00e1 um deputado do PT, mas tamb\u00e9m n\u00e3o citaram os nomes ventilados para o cargo.<\/p>\n\n\n\n<p>Al\u00e9m disso, um parlamentar informou ao Bahia Not\u00edcias que ir\u00e1 tentar construir um consenso entre a base governista para evitar um \u201cbate-chapa\u201d para o posto. Atualmente, circula nos corredores da Assembleia que os deputados Ivana Bastos (PSD) e Angelo Coronel Filho (PSD) j\u00e1 estariam se movimentando para lan\u00e7ar suas candidaturas. Ivana, inclusive, j\u00e1 declarou publicamente o interesse na vaga.<\/p>\n\n\n\n<p>A 1\u00aa vice-presid\u00eancia, mais disputada no que nunca, atraiu os olhos dos deputados com a possibilidade de anula\u00e7\u00e3o da prov\u00e1vel reelei\u00e7\u00e3o do presidente da Casa, Adolfo Menezes (PSD). Uma decis\u00e3o do Supremo Tribunal Federal (STF) pode impedir a recondu\u00e7\u00e3o do social-democrata\u00a0por se tratar de um segundo mandato na presid\u00eancia em uma mesma legislatura.<\/p>\n\n\n\n<p>Com a possibilidade do impedindo de Adolfo, o 1\u00ba vice-presidente assumiria a lideran\u00e7a da AL-BA interinamente, convocando novas elei\u00e7\u00f5es em at\u00e9 60 dias, de acordo com o Regimento Interno da Assembleia. Os parlamentares acreditam que o per\u00edodo de dois meses \u00e0 frente da Casa pode dar uma \u201cvantagem\u201d em uma eventual candidatura para a presid\u00eancia.<\/p>\n\n\n\n<p>A PROPORCIONALIDADE<br>Em novembro, o Bahia Not\u00edcias publicou sobre a reuni\u00e3o da Federa\u00e7\u00e3o Brasil da Esperan\u00e7a (PT, PCdoB e PV) que definiu as estrat\u00e9gias sobre os cargos que ser\u00e3o ocupados pelo grupo na elei\u00e7\u00e3o da Mesa Diretora. Na reportagem, uma lideran\u00e7a apontou que\u00a0<a href=\"https:\/\/www.bahianoticias.com.br\/noticia\/298255-federacao-ajusta-indicacao-de-3-nomes-para-mesa-diretora-da-al-ba-pt-deve-ter-preferencia-por-escolha-de-cadeira\" target=\"_blank\" rel=\"noreferrer noopener\">o conjunto de legendas ir\u00e1 indicar tr\u00eas nomes<\/a>, sendo um para cada sigla, mantendo a representa\u00e7\u00e3o que existe hoje.<\/p>\n\n\n\n<p>Inclusive, ficou decidido que o PT teria prefer\u00eancia pelo cargo. Atualmente, o partido j\u00e1 ocupa a 1\u00aa vice-presid\u00eancia, com o deputado Z\u00e9 Raimundo.<\/p>\n\n\n\n<p>Na reuni\u00e3o da Federa\u00e7\u00e3o, tamb\u00e9m foi determinado que os membros da federa\u00e7\u00e3o s\u00f3 ir\u00e3o votar em candidatos \u201coficiais\u201d indicados pelos partidos, em respeito \u00e0 proporcionalidade. Assim, evitando as \u201ccandidaturas avulsas\u201d que ir\u00e3o promover os conhecidos \u201cbate-chapas\u201d pelos cargos da Mesa.<\/p>\n\n\n\n<p>Atualmente, PT, PCdoB e PV contam com 17 deputados no total.<\/p>\n\n\n\n<p>BN<\/p>\n","protected":false},"excerpt":{"rendered":"<p>O deputado estadual, Rosemberg Pinto (PT), atual l\u00edder do governo, deve ser indicado para ocupar o cargo mais disputado entre os parlamentares na elei\u00e7\u00e3o da pr\u00f3xima Mesa Diretora, que ir\u00e1 ser formada em fevereiro de 2025. De acordo com informa\u00e7\u00f5es obtidas pelo Bahia Not\u00edcias, o petista deve ser o\u00a0nome para substituir Z\u00e9 Raimundo (PT) na [&hellip;]<\/p>\n","protected":false},"author":2,"featured_media":20905,"comment_status":"open","ping_status":"open","sticky":false,"template":"","format":"standard","meta":{"_jetpack_memberships_contains_paid_content":false,"footnotes":""},"categories":[39],"tags":[],"class_list":["post-20904","post","type-post","status-publish","format-standard","has-post-thumbnail","hentry","category-politica"],"aioseo_notices":[],"jetpack_featured_media_url":"https:\/\/i0.wp.com\/minutobahia24h.com.br\/wp-content\/uploads\/2024\/12\/Sem-titulo-251.jpg?fit=1200%2C630&ssl=1","jetpack_sharing_enabled":true,"_links":{"self":[{"href":"https:\/\/minutobahia24h.com.br\/index.php?rest_route=\/wp\/v2\/posts\/20904","targetHints":{"allow":["GET"]}}],"collection":[{"href":"https:\/\/minutobahia24h.com.br\/index.php?rest_route=\/wp\/v2\/posts"}],"about":[{"href":"https:\/\/minutobahia24h.com.br\/index.php?rest_route=\/wp\/v2\/types\/post"}],"author":[{"embeddable":true,"href":"https:\/\/minutobahia24h.com.br\/index.php?rest_route=\/wp\/v2\/users\/2"}],"replies":[{"embeddable":true,"href":"https:\/\/minutobahia24h.com.br\/index.php?rest_route=%2Fwp%2Fv2%2Fcomments&post=20904"}],"version-history":[{"count":1,"href":"https:\/\/minutobahia24h.com.br\/index.php?rest_route=\/wp\/v2\/posts\/20904\/revisions"}],"predecessor-version":[{"id":20906,"href":"https:\/\/minutobahia24h.com.br\/index.php?rest_route=\/wp\/v2\/posts\/20904\/revisions\/20906"}],"wp:featuredmedia":[{"embeddable":true,"href":"https:\/\/minutobahia24h.com.br\/index.php?rest_route=\/wp\/v2\/media\/20905"}],"wp:attachment":[{"href":"https:\/\/minutobahia24h.com.br\/index.php?rest_route=%2Fwp%2Fv2%2Fmedia&parent=20904"}],"wp:term":[{"taxonomy":"category","embeddable":true,"href":"https:\/\/minutobahia24h.com.br\/index.php?rest_route=%2Fwp%2Fv2%2Fcategories&post=20904"},{"taxonomy":"post_tag","embeddable":true,"href":"https:\/\/minutobahia24h.com.br\/index.php?rest_route=%2Fwp%2Fv2%2Ftags&post=20904"}],"curies":[{"name":"wp","href":"https:\/\/api.w.org\/{rel}","templated":true}]}}