{"id":20901,"date":"2024-12-18T07:37:35","date_gmt":"2024-12-18T10:37:35","guid":{"rendered":"https:\/\/minutobahia24h.com.br\/?p=20901"},"modified":"2024-12-18T07:37:37","modified_gmt":"2024-12-18T10:37:37","slug":"jovem-e-morto-com-tiro-na-cabeca-em-feira-de-santana-policia-diz-que-vitima-foi-baleada-por-engano","status":"publish","type":"post","link":"https:\/\/minutobahia24h.com.br\/?p=20901","title":{"rendered":"Jovem \u00e9 morto com tiro na cabe\u00e7a em Feira de Santana; pol\u00edcia diz que v\u00edtima foi baleada por engano"},"content":{"rendered":"<div class=\"wp-block-image\">\n<figure class=\"aligncenter size-full\"><img data-recalc-dims=\"1\" fetchpriority=\"high\" decoding=\"async\" width=\"800\" height=\"452\" src=\"https:\/\/i0.wp.com\/minutobahia24h.com.br\/wp-content\/uploads\/2024\/12\/Sem-titulo-250.jpg?resize=800%2C452&#038;ssl=1\" alt=\"\" class=\"wp-image-20902\" srcset=\"https:\/\/i0.wp.com\/minutobahia24h.com.br\/wp-content\/uploads\/2024\/12\/Sem-titulo-250.jpg?w=979&amp;ssl=1 979w, https:\/\/i0.wp.com\/minutobahia24h.com.br\/wp-content\/uploads\/2024\/12\/Sem-titulo-250.jpg?resize=300%2C169&amp;ssl=1 300w, https:\/\/i0.wp.com\/minutobahia24h.com.br\/wp-content\/uploads\/2024\/12\/Sem-titulo-250.jpg?resize=768%2C434&amp;ssl=1 768w, https:\/\/i0.wp.com\/minutobahia24h.com.br\/wp-content\/uploads\/2024\/12\/Sem-titulo-250.jpg?resize=750%2C424&amp;ssl=1 750w\" sizes=\"(max-width: 800px) 100vw, 800px\" \/><figcaption class=\"wp-element-caption\">Jovem de 20 anos \u00e9 morto por engano em Feira de Santana \u2014 Foto: Foto: Divulga\u00e7\u00e3o\/Arquivo Pessoal<br><br><\/figcaption><\/figure>\n<\/div>\n\n\n<p>Um jovem de 20 anos, identificado como Kauan Gomes, morreu nesta ter\u00e7a-feira (17) ap\u00f3s passar quatro dias internado no Hospital Geral Cl\u00e9riston Andrade, em&nbsp;<a class=\"\" href=\"https:\/\/g1.globo.com\/ba\/feira-de-santana-regiao\/cidade\/feira-de-santana\/\">Feira de Santana<\/a>. Ele foi atingido com um tiro na cabe\u00e7a por volta das 6h30 de sexta-feira (13), enquanto estava dentro de um carro.<\/p>\n\n\n\n<p>De acordo com informa\u00e7\u00f5es apuradas pela produ\u00e7\u00e3o da TV Suba\u00e9, Kauan estava acompanhado da m\u00e3e, que dirigia o ve\u00edculo, e uma amiga. Elas n\u00e3o tiveram nomes divulgados. Os tr\u00eas sa\u00edram do bairro Papagaio em dire\u00e7\u00e3o ao trabalho de Kauan, uma academia no bairro Sobradinho, quando foram surpreendidos por disparos ao passarem pela Avenida Fraga Maia.<\/p>\n\n\n\n<p>As primeiras informa\u00e7\u00f5es colhidas pela pol\u00edcia apontam que o autor do disparo passou a madrugada bebendo com um amigo e uma mulher, com quem tem um relacionamento. Por volta das 5h da manh\u00e3, o suspeito e a mulher discutiram por ci\u00fames. Em retalia\u00e7\u00e3o, ela saiu do local com a chave e o documento da moto do atirador.<\/p>\n\n\n\n<p>A pol\u00edcia acredita que a mulher foi embora em outro ve\u00edculo com uma pessoa desconhecida. Para conseguir essa carona, ela alegou que fugia de uma tentativa de assalto.<\/p>\n\n\n\n<p>Como o carro da m\u00e3e de Kauan era parecido com o do homem que deu carona \u00e0 mulher<strong>, o autor dos disparos teria confundido o alvo<\/strong>. Um primeiro tiro foi disparado para cima e um segundo atingiu a cabe\u00e7a de Kauan.<\/p>\n\n\n\n<p>Ao perceber que Kauan foi atingido, a amiga que estava no carro desceu para pedir ajuda, momento em que um autom\u00f3vel preto passou ao lado do ve\u00edculo e fez contato visual com a m\u00e3e de Kauan.<\/p>\n\n\n\n<p>Ainda segundo a pol\u00edcia, ap\u00f3s notar que matou uma pessoa que n\u00e3o tinha liga\u00e7\u00e3o com o epis\u00f3dio, o suspeito fugiu para a zona rural de&nbsp;<a class=\"\" href=\"https:\/\/g1.globo.com\/ba\/bahia\/cidade\/pe-de-serra\/\">P\u00e9 de Serra<\/a>, cidade a 100 km de Feira de Santana.<\/p>\n\n\n\n<p>Na segunda-feira (16), o suspeito retornou para Feira de Santana e junto com o homem que estava com ele no bar anteriormente, foi at\u00e9 a casa da mulher com quem mant\u00e9m um relacionamento, amea\u00e7ando-a para que n\u00e3o revelasse a autoria do crime.<\/p>\n\n\n<div class=\"wp-block-image\">\n<figure class=\"aligncenter\"><img decoding=\"async\" src=\"https:\/\/s2-g1.glbimg.com\/AS4pwnlFoNpM8Amv_YCyZ4prGAw=\/0x0:1600x1002\/984x0\/smart\/filters:strip_icc()\/i.s3.glbimg.com\/v1\/AUTH_59edd422c0c84a879bd37670ae4f538a\/internal_photos\/bs\/2024\/j\/m\/vJXhbuR6CemZEFXICxOA\/arma.jfif\" alt=\"Pol\u00edcia encontrou arma que teria sido utilizada na morte de Kauan Gomes \u2014 Foto: Foto: Divulga\u00e7\u00e3o\/PC BA\"\/><\/figure>\n<\/div>\n\n\n<p>Pol\u00edcia encontrou arma que teria sido utilizada na morte de Kauan Gomes \u2014 Foto: Foto: Divulga\u00e7\u00e3o\/PC BA<\/p>\n\n\n\n<p>A pol\u00edcia localizou o im\u00f3vel onde o suposto atirador estava escondido, em P\u00e9 de Serra. Era a casa de um amigo, que n\u00e3o \u00e9 investigado no caso, e l\u00e1 foi encontrada a arma utilizada no crime. A PC segue com as buscas para localizar e prender os suspeitos. Apesar de terem sido identificados, os dois n\u00e3o tiveram nomes divulgados pela pol\u00edcia.<\/p>\n\n\n\n<p>Segundo testemunhas, o suspeito de atirar \u00e9 um homem violento, usu\u00e1rio de drogas e possui passagem pela pol\u00edcia por roubo. Ele tamb\u00e9m atuava como traficante, enquanto o amigo que o acompanhava no bar trabalha como motorista de aplicativo.<\/p>\n","protected":false},"excerpt":{"rendered":"<p>Um jovem de 20 anos, identificado como Kauan Gomes, morreu nesta ter\u00e7a-feira (17) ap\u00f3s passar quatro dias internado no Hospital Geral Cl\u00e9riston Andrade, em&nbsp;Feira de Santana. Ele foi atingido com um tiro na cabe\u00e7a por volta das 6h30 de sexta-feira (13), enquanto estava dentro de um carro. De acordo com informa\u00e7\u00f5es apuradas pela produ\u00e7\u00e3o da [&hellip;]<\/p>\n","protected":false},"author":2,"featured_media":20902,"comment_status":"open","ping_status":"open","sticky":false,"template":"","format":"standard","meta":{"_jetpack_memberships_contains_paid_content":false,"footnotes":""},"categories":[3],"tags":[],"class_list":["post-20901","post","type-post","status-publish","format-standard","has-post-thumbnail","hentry","category-regional"],"aioseo_notices":[],"jetpack_featured_media_url":"https:\/\/i0.wp.com\/minutobahia24h.com.br\/wp-content\/uploads\/2024\/12\/Sem-titulo-250.jpg?fit=979%2C553&ssl=1","jetpack_sharing_enabled":true,"_links":{"self":[{"href":"https:\/\/minutobahia24h.com.br\/index.php?rest_route=\/wp\/v2\/posts\/20901","targetHints":{"allow":["GET"]}}],"collection":[{"href":"https:\/\/minutobahia24h.com.br\/index.php?rest_route=\/wp\/v2\/posts"}],"about":[{"href":"https:\/\/minutobahia24h.com.br\/index.php?rest_route=\/wp\/v2\/types\/post"}],"author":[{"embeddable":true,"href":"https:\/\/minutobahia24h.com.br\/index.php?rest_route=\/wp\/v2\/users\/2"}],"replies":[{"embeddable":true,"href":"https:\/\/minutobahia24h.com.br\/index.php?rest_route=%2Fwp%2Fv2%2Fcomments&post=20901"}],"version-history":[{"count":1,"href":"https:\/\/minutobahia24h.com.br\/index.php?rest_route=\/wp\/v2\/posts\/20901\/revisions"}],"predecessor-version":[{"id":20903,"href":"https:\/\/minutobahia24h.com.br\/index.php?rest_route=\/wp\/v2\/posts\/20901\/revisions\/20903"}],"wp:featuredmedia":[{"embeddable":true,"href":"https:\/\/minutobahia24h.com.br\/index.php?rest_route=\/wp\/v2\/media\/20902"}],"wp:attachment":[{"href":"https:\/\/minutobahia24h.com.br\/index.php?rest_route=%2Fwp%2Fv2%2Fmedia&parent=20901"}],"wp:term":[{"taxonomy":"category","embeddable":true,"href":"https:\/\/minutobahia24h.com.br\/index.php?rest_route=%2Fwp%2Fv2%2Fcategories&post=20901"},{"taxonomy":"post_tag","embeddable":true,"href":"https:\/\/minutobahia24h.com.br\/index.php?rest_route=%2Fwp%2Fv2%2Ftags&post=20901"}],"curies":[{"name":"wp","href":"https:\/\/api.w.org\/{rel}","templated":true}]}}