{"id":20886,"date":"2024-12-18T07:14:27","date_gmt":"2024-12-18T10:14:27","guid":{"rendered":"https:\/\/minutobahia24h.com.br\/?p=20886"},"modified":"2024-12-18T07:14:29","modified_gmt":"2024-12-18T10:14:29","slug":"prefeita-eleita-valdice-castro-anuncia-secretariado-municipal-para-gestao-2025-2028","status":"publish","type":"post","link":"https:\/\/minutobahia24h.com.br\/?p=20886","title":{"rendered":"Prefeita Eleita Valdice Castro Anuncia Secretariado Municipal para Gest\u00e3o 2025-2028"},"content":{"rendered":"<div class=\"wp-block-image\">\n<figure class=\"aligncenter size-full\"><img data-recalc-dims=\"1\" fetchpriority=\"high\" decoding=\"async\" width=\"571\" height=\"386\" src=\"https:\/\/i0.wp.com\/minutobahia24h.com.br\/wp-content\/uploads\/2024\/12\/Sem-titulo-245.jpg?resize=571%2C386&#038;ssl=1\" alt=\"\" class=\"wp-image-20887\" srcset=\"https:\/\/i0.wp.com\/minutobahia24h.com.br\/wp-content\/uploads\/2024\/12\/Sem-titulo-245.jpg?w=571&amp;ssl=1 571w, https:\/\/i0.wp.com\/minutobahia24h.com.br\/wp-content\/uploads\/2024\/12\/Sem-titulo-245.jpg?resize=300%2C203&amp;ssl=1 300w\" sizes=\"(max-width: 571px) 100vw, 571px\" \/><\/figure>\n<\/div>\n\n\n<p>Na coletiva de imprensa realizada nesta ter\u00e7a-feira (17), no Audit\u00f3rio Jayme D\u2019Almeida Cruz, a prefeita eleita de Jacobina, Valdice Castro, anunciou os nomes dos secret\u00e1rios que compor\u00e3o o primeiro escal\u00e3o de sua administra\u00e7\u00e3o. A nova equipe foi apresentada ao p\u00fablico e \u00e0 imprensa logo ap\u00f3s a cerim\u00f4nia de diploma\u00e7\u00e3o.\u00a0<\/p>\n\n\n\n<p>Os escolhidos destacam-se pela compet\u00eancia t\u00e9cnica e alinhamento com as propostas da nova administra\u00e7\u00e3o de austeridade e efici\u00eancia, refor\u00e7ando o compromisso com a reconstru\u00e7\u00e3o de Jacobina e a implementa\u00e7\u00e3o de pol\u00edticas p\u00fablicas respons\u00e1veis e inovadoras.&nbsp;<\/p>\n\n\n\n<p><strong>Conhe\u00e7a o Secretariado:&nbsp;<\/strong><a><\/a><strong><\/strong><\/p>\n\n\n\n<p>Secretaria Municipal da Educa\u00e7\u00e3o e Cultura&nbsp;<\/p>\n\n\n\n<p>Emanuela Oliveira Cunha Silva&nbsp;<\/p>\n\n\n\n<p>Forma\u00e7\u00e3o: Licenciatura em Pedagogia; Especialista em Gest\u00e3o Escolar; P\u00f3s-Graduanda em Neuropsicopedagogia.&nbsp;<\/p>\n\n\n\n<p>Experi\u00eancias Profissionais: Coordenadora Pedag\u00f3gica h\u00e1 10 anos, atua na Secretaria Municipal da Educa\u00e7\u00e3o e Cultura na forma\u00e7\u00e3o de professores e coordenadores. Possui vasta experi\u00eancia como professora em todos os segmentos e modalidades da Educa\u00e7\u00e3o B\u00e1sica.&nbsp;<\/p>\n\n\n\n<p>Secretaria Municipal da Sa\u00fade&nbsp;<\/p>\n\n\n\n<p>Tania Santos&nbsp;<\/p>\n\n\n\n<p>Forma\u00e7\u00e3o: Enfermeira Sanitarista; Especialista em Sa\u00fade P\u00fablica.&nbsp;<\/p>\n\n\n\n<p>Experi\u00eancias Profissionais: Secret\u00e1ria de Sa\u00fade de Jacobina (1999-2003), atuou na implanta\u00e7\u00e3o de importantes programas como o Programa de Agentes Comunit\u00e1rios de Sa\u00fade e a Vigil\u00e2ncia Sanit\u00e1ria Municipal.&nbsp;<\/p>\n\n\n\n<p>Secretaria Municipal de Finan\u00e7as&nbsp;<\/p>\n\n\n\n<p>Antonio Nicolau Moura Cunha&nbsp;<\/p>\n\n\n\n<p>Forma\u00e7\u00e3o Acad\u00eamica: Bacharel em Ci\u00eancias Cont\u00e1beis; P\u00f3s-Graduado em Direito Tribut\u00e1rio.&nbsp;<\/p>\n\n\n\n<p>Experi\u00eancias Profissionais: Empres\u00e1rio de Contabilidade, atuou como Tesoureiro (1997-2004) e Secret\u00e1rio de Finan\u00e7as (2009-2012).&nbsp;<\/p>\n\n\n\n<p>Secretaria Municipal de Administra\u00e7\u00e3o&nbsp;&nbsp;<\/p>\n\n\n\n<p>Roberval Henrique Ferreira&nbsp;<\/p>\n\n\n\n<p>Forma\u00e7\u00e3o Acad\u00eamica: Bacharel em Direito; Gradua\u00e7\u00e3o em Administra\u00e7\u00e3o, com MBA em Gest\u00e3o de Pessoas.&nbsp;<\/p>\n\n\n\n<p>Experi\u00eancias Profissionais: Secret\u00e1rio de Educa\u00e7\u00e3o de Jacobina (2001-2004 e 2019-2020) e Secret\u00e1rio de Administra\u00e7\u00e3o Geral (2009-2012).&nbsp;<\/p>\n\n\n\n<p>Secretaria Municipal de Planejamento&nbsp;<\/p>\n\n\n\n<p>Levi Bahia Teixeira Soares&nbsp;<\/p>\n\n\n\n<p>Forma\u00e7\u00e3o: Enfermeiro; Especialista em Nefrologia.&nbsp;<\/p>\n\n\n\n<p>Experi\u00eancias Profissionais: Empres\u00e1rio multissetorial, empreendedor social e ex-diretor na Associa\u00e7\u00e3o Comercial de Jacobina por seis anos na pasta Com\u00e9rcio e Servi\u00e7o.&nbsp;<\/p>\n\n\n\n<p>Secretaria Municipal de Assist\u00eancia Social&nbsp;<\/p>\n\n\n\n<p>Elisangela Lopes Braga&nbsp;<\/p>\n\n\n\n<p>Forma\u00e7\u00e3o: Bacharel em Servi\u00e7o Social; MBA em Recursos Humanos e Coaching; Especialista em Controle da Depend\u00eancia Qu\u00edmica e An\u00e1lise Comportamental.&nbsp;<\/p>\n\n\n\n<p>Experi\u00eancias Profissionais: Assistente Social com 15 anos de trajet\u00f3ria no Sistema \u00danico de Assist\u00eancia Social (SUAS), atuando em CRAS, CREAS e Centro de Refer\u00eancia de Atendimento \u00e0 Mulher (CRAM).&nbsp;<\/p>\n\n\n\n<p>Secretaria Municipal de Transporte&nbsp;<\/p>\n\n\n\n<p>Sandro Hallam Nunes Gomes&nbsp;<\/p>\n\n\n\n<p>Forma\u00e7\u00e3o Acad\u00eamica: Administra\u00e7\u00e3o de Empresas.&nbsp;<\/p>\n\n\n\n<p>Experi\u00eancias Profissionais: Atuou como Diretor de Fiscaliza\u00e7\u00e3o e Apoio e Diretor de Transporte da Prefeitura de Jacobina.&nbsp;<\/p>\n\n\n\n<p>Secretaria Municipal de Agricultura&nbsp;<\/p>\n\n\n\n<p>Roberto Amorim&nbsp;<\/p>\n\n\n\n<p>Forma\u00e7\u00e3o: T\u00e9cnico em Agropecu\u00e1ria; Graduando em Administra\u00e7\u00e3o de Empresas.&nbsp;<\/p>\n\n\n\n<p>Experi\u00eancias Profissionais: Atuou em diversas cooperativas rurais e foi Secret\u00e1rio Municipal de Agricultura e Diretor de Desenvolvimento Rural.&nbsp;<\/p>\n\n\n\n<p>Secretaria Municipal de Pol\u00edticas para Mulheres&nbsp;<\/p>\n\n\n\n<p>Maria da Concei\u00e7\u00e3o Ferreira da Silva Lopes&nbsp;<\/p>\n\n\n\n<p>Forma\u00e7\u00e3o Acad\u00eamica: Bacharel em Direito; P\u00f3s-Graduada em Ci\u00eancias Criminais e Direito Municipal e Administrativo.&nbsp;<\/p>\n\n\n\n<p>Experi\u00eancias Profissionais: Servidora efetiva da Prefeitura de Jacobina e ex-Secret\u00e1ria de Administra\u00e7\u00e3o e ex-Chefe de Gabinete.&nbsp;<\/p>\n\n\n\n<p>Secretaria Municipal de Infraestrutura&nbsp;<\/p>\n\n\n\n<p>Lucas Vilas B\u00f4as&nbsp;<\/p>\n\n\n\n<p>Forma\u00e7\u00e3o Acad\u00eamica: Engenheiro Civil, com cursos complementares em drenagem urbana e pavimenta\u00e7\u00e3o.&nbsp;<\/p>\n\n\n\n<p>Experi\u00eancias Profissionais: Experi\u00eancia na coordena\u00e7\u00e3o e implementa\u00e7\u00e3o de projetos de infraestrutura e engenharia.<\/p>\n\n\n\n<p>abahiaacontece<\/p>\n","protected":false},"excerpt":{"rendered":"<p>Na coletiva de imprensa realizada nesta ter\u00e7a-feira (17), no Audit\u00f3rio Jayme D\u2019Almeida Cruz, a prefeita eleita de Jacobina, Valdice Castro, anunciou os nomes dos secret\u00e1rios que compor\u00e3o o primeiro escal\u00e3o de sua administra\u00e7\u00e3o. A nova equipe foi apresentada ao p\u00fablico e \u00e0 imprensa logo ap\u00f3s a cerim\u00f4nia de diploma\u00e7\u00e3o.\u00a0 Os escolhidos destacam-se pela compet\u00eancia t\u00e9cnica [&hellip;]<\/p>\n","protected":false},"author":2,"featured_media":20887,"comment_status":"open","ping_status":"open","sticky":false,"template":"","format":"standard","meta":{"_jetpack_memberships_contains_paid_content":false,"footnotes":""},"categories":[3],"tags":[],"class_list":["post-20886","post","type-post","status-publish","format-standard","has-post-thumbnail","hentry","category-regional"],"aioseo_notices":[],"jetpack_featured_media_url":"https:\/\/i0.wp.com\/minutobahia24h.com.br\/wp-content\/uploads\/2024\/12\/Sem-titulo-245.jpg?fit=571%2C386&ssl=1","jetpack_sharing_enabled":true,"_links":{"self":[{"href":"https:\/\/minutobahia24h.com.br\/index.php?rest_route=\/wp\/v2\/posts\/20886","targetHints":{"allow":["GET"]}}],"collection":[{"href":"https:\/\/minutobahia24h.com.br\/index.php?rest_route=\/wp\/v2\/posts"}],"about":[{"href":"https:\/\/minutobahia24h.com.br\/index.php?rest_route=\/wp\/v2\/types\/post"}],"author":[{"embeddable":true,"href":"https:\/\/minutobahia24h.com.br\/index.php?rest_route=\/wp\/v2\/users\/2"}],"replies":[{"embeddable":true,"href":"https:\/\/minutobahia24h.com.br\/index.php?rest_route=%2Fwp%2Fv2%2Fcomments&post=20886"}],"version-history":[{"count":1,"href":"https:\/\/minutobahia24h.com.br\/index.php?rest_route=\/wp\/v2\/posts\/20886\/revisions"}],"predecessor-version":[{"id":20888,"href":"https:\/\/minutobahia24h.com.br\/index.php?rest_route=\/wp\/v2\/posts\/20886\/revisions\/20888"}],"wp:featuredmedia":[{"embeddable":true,"href":"https:\/\/minutobahia24h.com.br\/index.php?rest_route=\/wp\/v2\/media\/20887"}],"wp:attachment":[{"href":"https:\/\/minutobahia24h.com.br\/index.php?rest_route=%2Fwp%2Fv2%2Fmedia&parent=20886"}],"wp:term":[{"taxonomy":"category","embeddable":true,"href":"https:\/\/minutobahia24h.com.br\/index.php?rest_route=%2Fwp%2Fv2%2Fcategories&post=20886"},{"taxonomy":"post_tag","embeddable":true,"href":"https:\/\/minutobahia24h.com.br\/index.php?rest_route=%2Fwp%2Fv2%2Ftags&post=20886"}],"curies":[{"name":"wp","href":"https:\/\/api.w.org\/{rel}","templated":true}]}}