{"id":20863,"date":"2024-12-17T15:20:07","date_gmt":"2024-12-17T18:20:07","guid":{"rendered":"https:\/\/minutobahia24h.com.br\/?p=20863"},"modified":"2024-12-17T15:20:08","modified_gmt":"2024-12-17T18:20:08","slug":"ministerio-da-saude-entrega-27-novas-ambulancias-do-samu-para-a-bahia","status":"publish","type":"post","link":"https:\/\/minutobahia24h.com.br\/?p=20863","title":{"rendered":"Minist\u00e9rio da Sa\u00fade entrega 27 novas ambul\u00e2ncias do Samu para a Bahia"},"content":{"rendered":"<div class=\"wp-block-image\">\n<figure class=\"aligncenter size-full\"><img data-recalc-dims=\"1\" fetchpriority=\"high\" decoding=\"async\" width=\"602\" height=\"420\" src=\"https:\/\/i0.wp.com\/minutobahia24h.com.br\/wp-content\/uploads\/2024\/12\/Sem-titulo-238.jpg?resize=602%2C420&#038;ssl=1\" alt=\"\" class=\"wp-image-20864\" srcset=\"https:\/\/i0.wp.com\/minutobahia24h.com.br\/wp-content\/uploads\/2024\/12\/Sem-titulo-238.jpg?w=602&amp;ssl=1 602w, https:\/\/i0.wp.com\/minutobahia24h.com.br\/wp-content\/uploads\/2024\/12\/Sem-titulo-238.jpg?resize=300%2C209&amp;ssl=1 300w\" sizes=\"(max-width: 602px) 100vw, 602px\" \/><figcaption class=\"wp-element-caption\">Foto: Ricardo Stuckert\/ PR<br><\/figcaption><\/figure>\n<\/div>\n\n\n<p>Em cerim\u00f4nia realizada nesta ter\u00e7a-feira (17), no munic\u00edpio de Sorocaba, S\u00e3o Paulo, o Minist\u00e9rio da Sa\u00fade entregou 27 novas ambul\u00e2ncias do Servi\u00e7o de Atendimento M\u00f3vel de Urg\u00eancia (Samu) destinadas a 23 munic\u00edpios baianos. A medida visa ampliar e renovar a frota de atendimento de urg\u00eancia no estado, pensando em maior agilidade e efici\u00eancia nos servi\u00e7os de sa\u00fade prestados \u00e0 popula\u00e7\u00e3o.<\/p>\n\n\n\n<p>As entregas fazem parte de um compromisso do Governo Federal com a sa\u00fade p\u00fablica e marcam um importante refor\u00e7o para a Bahia, que j\u00e1 recebeu 102 ambul\u00e2ncias desde janeiro de 2023. A previs\u00e3o \u00e9 que novas entregas sejam realizadas em fevereiro de 2025, beneficiando mais cidades do estado e viabilizando a expans\u00e3o para a regi\u00e3o de Seabra\/Itaberaba, atualmente a \u00fanica regi\u00e3o que n\u00e3o conta com o servi\u00e7o. Participaram da solenidade a ministra da Sa\u00fade e o subsecret\u00e1rio da Sa\u00fade do Estado, Paulo Barbosa, que representou a Bahia durante o evento.<\/p>\n\n\n\n<p>Os munic\u00edpios beneficiados com as novas unidades s\u00e3o: Alagoinhas, Amargosa, Andorinha, Caravelas, Catu, Caturama, Correntina, Dom Bas\u00edlio, Ipia\u00fa, Irec\u00ea (2), Itabuna (3), Itapicuru, Jaguarari, Lauro de Freitas, Mansid\u00e3o, Morpar\u00e1, Nova Itarana, Salinas da Margarida, Santa In\u00eas, Santana, Santo Amaro (2), Ubaitaba e Wanderley.<\/p>\n\n\n\n<p>O subsecret\u00e1rio da Sa\u00fade do Estado, Paulo Barbosa, destacou a import\u00e2ncia da renova\u00e7\u00e3o da frota. \u201cAs novas ambul\u00e2ncias s\u00e3o fundamentais para garantir um atendimento mais \u00e1gil e eficiente \u00e0 popula\u00e7\u00e3o baiana. Esta entrega refor\u00e7a nosso compromisso com a sa\u00fade p\u00fablica e a parceria entre o Governo do Estado e o Minist\u00e9rio da Sa\u00fade para atender as necessidades dos munic\u00edpios\u201d.<\/p>\n\n\n\n<p>J\u00e1 a secret\u00e1ria da Sa\u00fade do Estado, Roberta Santana, ressaltou o impacto positivo na rede de urg\u00eancia e emerg\u00eancia. \u201cEstamos avan\u00e7ando na moderniza\u00e7\u00e3o da frota do Samu na Bahia. Este investimento fortalece o sistema de sa\u00fade e assegura que o servi\u00e7o de urg\u00eancia alcance aqueles que mais precisam, no menor tempo poss\u00edvel. Seguiremos trabalhando para que mais munic\u00edpios sejam contemplados nas pr\u00f3ximas entregas\u201d.<\/p>\n\n\n\n<p>Bahia.ba<\/p>\n","protected":false},"excerpt":{"rendered":"<p>Em cerim\u00f4nia realizada nesta ter\u00e7a-feira (17), no munic\u00edpio de Sorocaba, S\u00e3o Paulo, o Minist\u00e9rio da Sa\u00fade entregou 27 novas ambul\u00e2ncias do Servi\u00e7o de Atendimento M\u00f3vel de Urg\u00eancia (Samu) destinadas a 23 munic\u00edpios baianos. A medida visa ampliar e renovar a frota de atendimento de urg\u00eancia no estado, pensando em maior agilidade e efici\u00eancia nos servi\u00e7os [&hellip;]<\/p>\n","protected":false},"author":2,"featured_media":20864,"comment_status":"open","ping_status":"open","sticky":false,"template":"","format":"standard","meta":{"_jetpack_memberships_contains_paid_content":false,"footnotes":""},"categories":[18],"tags":[],"class_list":["post-20863","post","type-post","status-publish","format-standard","has-post-thumbnail","hentry","category-saude"],"aioseo_notices":[],"jetpack_featured_media_url":"https:\/\/i0.wp.com\/minutobahia24h.com.br\/wp-content\/uploads\/2024\/12\/Sem-titulo-238.jpg?fit=602%2C420&ssl=1","jetpack_sharing_enabled":true,"_links":{"self":[{"href":"https:\/\/minutobahia24h.com.br\/index.php?rest_route=\/wp\/v2\/posts\/20863","targetHints":{"allow":["GET"]}}],"collection":[{"href":"https:\/\/minutobahia24h.com.br\/index.php?rest_route=\/wp\/v2\/posts"}],"about":[{"href":"https:\/\/minutobahia24h.com.br\/index.php?rest_route=\/wp\/v2\/types\/post"}],"author":[{"embeddable":true,"href":"https:\/\/minutobahia24h.com.br\/index.php?rest_route=\/wp\/v2\/users\/2"}],"replies":[{"embeddable":true,"href":"https:\/\/minutobahia24h.com.br\/index.php?rest_route=%2Fwp%2Fv2%2Fcomments&post=20863"}],"version-history":[{"count":1,"href":"https:\/\/minutobahia24h.com.br\/index.php?rest_route=\/wp\/v2\/posts\/20863\/revisions"}],"predecessor-version":[{"id":20865,"href":"https:\/\/minutobahia24h.com.br\/index.php?rest_route=\/wp\/v2\/posts\/20863\/revisions\/20865"}],"wp:featuredmedia":[{"embeddable":true,"href":"https:\/\/minutobahia24h.com.br\/index.php?rest_route=\/wp\/v2\/media\/20864"}],"wp:attachment":[{"href":"https:\/\/minutobahia24h.com.br\/index.php?rest_route=%2Fwp%2Fv2%2Fmedia&parent=20863"}],"wp:term":[{"taxonomy":"category","embeddable":true,"href":"https:\/\/minutobahia24h.com.br\/index.php?rest_route=%2Fwp%2Fv2%2Fcategories&post=20863"},{"taxonomy":"post_tag","embeddable":true,"href":"https:\/\/minutobahia24h.com.br\/index.php?rest_route=%2Fwp%2Fv2%2Ftags&post=20863"}],"curies":[{"name":"wp","href":"https:\/\/api.w.org\/{rel}","templated":true}]}}