{"id":20838,"date":"2024-12-17T08:23:11","date_gmt":"2024-12-17T11:23:11","guid":{"rendered":"https:\/\/minutobahia24h.com.br\/?p=20838"},"modified":"2024-12-17T08:23:12","modified_gmt":"2024-12-17T11:23:12","slug":"atentado-mata-chefe-da-defesa-nuclear-e-de-armas-quimicas-da-russia-em-moscou","status":"publish","type":"post","link":"https:\/\/minutobahia24h.com.br\/?p=20838","title":{"rendered":"Atentado mata chefe da defesa nuclear e de armas qu\u00edmicas da R\u00fassia em Moscou"},"content":{"rendered":"\n<p>O general Igor Kirillov, chefe das For\u00e7as de Defesa Nuclear, Biol\u00f3gica e Qu\u00edmica da\u00a0<a class=\"\" href=\"https:\/\/g1.globo.com\/tudo-sobre\/russia\/\">R\u00fassia<\/a>, morreu nesta ter\u00e7a-feira (17) ap\u00f3s uma explos\u00e3o em\u00a0<a class=\"\" href=\"https:\/\/g1.globo.com\/mundo\/russia\/cidade\/moscou.html\">Moscou<\/a>, informou o Comit\u00ea de Investiga\u00e7\u00e3o russo. A explos\u00e3o tamb\u00e9m matou um assessor do general. <\/p>\n\n\n\n<blockquote class=\"wp-block-quote is-layout-flow wp-block-quote-is-layout-flow\">\n<p>&#8220;Um artefato explosivo colocado em uma scooter estacionada perto da entrada de um im\u00f3vel residencial foi ativado na avenida Riazanski em Moscou&#8221;, disse o comit\u00ea em um comunicado. &#8220;O comandante das for\u00e7as russas de defesa radiol\u00f3gica, qu\u00edmica e biol\u00f3gica, Igor Kirilov, e seu adjunto morreram&#8221;, acrescentou.<\/p>\n<\/blockquote>\n\n\n\n<p>A bomba foi ativada \u00e0 dist\u00e2ncia e tinha cerca de 300g de TNT, reportou a ag\u00eancia estatal russa Tass.&nbsp;&#8220;Investigadores, peritos forenses e servi\u00e7os operacionais est\u00e3o trabalhando no local da explos\u00e3o&#8221;, acrescentou a ag\u00eancia. A explos\u00e3o, ocorrida quando Kirillov deixava o edif\u00edcio, danificou a entrada e v\u00e1rias janelas dos apartamentos.<\/p>\n\n\n\n<p>Uma fonte do Servi\u00e7o de Seguran\u00e7a da&nbsp;<a class=\"\" href=\"https:\/\/g1.globo.com\/tudo-sobre\/ucrania\/\">Ucr\u00e2nia<\/a>, o SBU, confirmou \u00e0 ag\u00eancia de not\u00edcias Reuters que&nbsp;a ag\u00eancia de intelig\u00eancia ucraniana est\u00e1 por tr\u00e1s do ataque. &#8220;A liquida\u00e7\u00e3o do chefe das tropas de prote\u00e7\u00e3o radiol\u00f3gica e qu\u00edmica da Federa\u00e7\u00e3o Russa \u00e9 obra do SBU&#8221;, disse a fonte. Fontes da BBC nos servi\u00e7os de seguran\u00e7a ucranianos tamb\u00e9m afirmaram que o pa\u00eds est\u00e1 por tr\u00e1s da opera\u00e7\u00e3o.<\/p>\n\n\n<div class=\"wp-block-image\">\n<figure class=\"aligncenter size-full\"><img data-recalc-dims=\"1\" fetchpriority=\"high\" decoding=\"async\" width=\"800\" height=\"449\" src=\"https:\/\/i0.wp.com\/minutobahia24h.com.br\/wp-content\/uploads\/2024\/12\/Sem-titulo-234.jpg?resize=800%2C449&#038;ssl=1\" alt=\"\" class=\"wp-image-20839\" srcset=\"https:\/\/i0.wp.com\/minutobahia24h.com.br\/wp-content\/uploads\/2024\/12\/Sem-titulo-234.jpg?w=984&amp;ssl=1 984w, https:\/\/i0.wp.com\/minutobahia24h.com.br\/wp-content\/uploads\/2024\/12\/Sem-titulo-234.jpg?resize=300%2C168&amp;ssl=1 300w, https:\/\/i0.wp.com\/minutobahia24h.com.br\/wp-content\/uploads\/2024\/12\/Sem-titulo-234.jpg?resize=768%2C431&amp;ssl=1 768w, https:\/\/i0.wp.com\/minutobahia24h.com.br\/wp-content\/uploads\/2024\/12\/Sem-titulo-234.jpg?resize=750%2C421&amp;ssl=1 750w\" sizes=\"(max-width: 800px) 100vw, 800px\" \/><figcaption class=\"wp-element-caption\">General Igor Kirillov, do Minist\u00e9rio da Defesa da R\u00fassia, em imagem de fevereiro de 2023 \u2014 Foto: Servi\u00e7o de Imprensa do Minist\u00e9rio da Defesa da R\u00fassia \/ via AP<br><\/figcaption><\/figure>\n<\/div>\n\n\n<p>O ataque desta ter\u00e7a foi o primeiro que teve como alvo uma autoridade russa desde o in\u00edcio da guerra, em 2022. O SBU j\u00e1 havia acusado Kirillov de usar armas qu\u00edmicas proibidas durante a invas\u00e3o militar russa em territ\u00f3rio ucraniano, que come\u00e7ou em fevereiro de 2022.<\/p>\n\n\n\n<figure class=\"wp-block-image\"><img data-recalc-dims=\"1\" decoding=\"async\" src=\"https:\/\/i0.wp.com\/s2-g1.glbimg.com\/YWOp7gbqjlHt9srW5AgH6IE-u0M%3D\/0x0%3A1024x683\/984x0\/smart\/filters%3Astrip_icc%28%29\/i.s3.glbimg.com\/v1\/AUTH_59edd422c0c84a879bd37670ae4f538a\/internal_photos\/bs\/2024\/B\/a\/W7WJqEQq2x9CVhJ6OmTw\/design-sem-nome-65-.jpg?w=800&#038;ssl=1\" alt=\"Corpo do estirado no ch\u00e3o onde o general Igor Kirillov, chefe das For\u00e7as de defesa nuclear, biol\u00f3gica e qu\u00edmica da R\u00fassia, morreu ap\u00f3s explos\u00e3o em Moscou em 17 de dezembro de 2024. \u2014 Foto: AP Photo\"\/><\/figure>\n\n\n\n<p>Corpo do estirado no ch\u00e3o onde o general Igor Kirillov, chefe das For\u00e7as de defesa nuclear, biol\u00f3gica e qu\u00edmica da R\u00fassia, morreu ap\u00f3s explos\u00e3o em Moscou em 17 de dezembro de 2024. \u2014 Foto: AP Photo<\/p>\n\n\n\n<p>Segundo a Reuters, a imprensa ucraniana tamb\u00e9m credita \u00e0 Ucr\u00e2nia o ataque que matou o general russo. O governo ucraniano ainda n\u00e3o se manifestou oficialmente sobre o caso.<\/p>\n\n\n\n<p>O SBU afirma que registrou mais de 4.800 usos de armas qu\u00edmicas no campo de batalha desde fevereiro de 2022, especialmente granadas de combate K-1.<\/p>\n\n\n\n<p>Em maio, o&nbsp;<a class=\"\" href=\"https:\/\/g1.globo.com\/mundo\/noticia\/2024\/05\/01\/eua-acusam-russia-de-usar-armamento-quimico-na-ucrania.ghtml\">Departamento de Estado dos Estados Unidos<\/a>&nbsp;tamb\u00e9m afirmou que havia registrado o uso de&nbsp;<a class=\"\" href=\"https:\/\/g1.globo.com\/mundo\/noticia\/2024\/05\/03\/o-que-e-cloropicrina-arma-quimica-da-1a-guerra-que-russia-e-acusada-de-usar-na-ucrania.ghtml\">cloropicrina<\/a>, arma qu\u00edmica utilizada pela primeira vez na Primeira Guerra Mundial, contra as tropas ucranianas.<\/p>\n\n\n\n<p>Kirillov, que foi nomeado chefe das for\u00e7as de defesa nuclear da R\u00fassia em abril de 2017, foi sancionado por v\u00e1rios pa\u00edses, incluindo Reino Unido e Canad\u00e1, por seu papel na Ucr\u00e2nia.<\/p>\n","protected":false},"excerpt":{"rendered":"<p>O general Igor Kirillov, chefe das For\u00e7as de Defesa Nuclear, Biol\u00f3gica e Qu\u00edmica da\u00a0R\u00fassia, morreu nesta ter\u00e7a-feira (17) ap\u00f3s uma explos\u00e3o em\u00a0Moscou, informou o Comit\u00ea de Investiga\u00e7\u00e3o russo. A explos\u00e3o tamb\u00e9m matou um assessor do general. &#8220;Um artefato explosivo colocado em uma scooter estacionada perto da entrada de um im\u00f3vel residencial foi ativado na avenida [&hellip;]<\/p>\n","protected":false},"author":2,"featured_media":20839,"comment_status":"open","ping_status":"open","sticky":false,"template":"","format":"standard","meta":{"_jetpack_memberships_contains_paid_content":false,"footnotes":""},"categories":[15],"tags":[],"class_list":["post-20838","post","type-post","status-publish","format-standard","has-post-thumbnail","hentry","category-mundo"],"aioseo_notices":[],"jetpack_featured_media_url":"https:\/\/i0.wp.com\/minutobahia24h.com.br\/wp-content\/uploads\/2024\/12\/Sem-titulo-234.jpg?fit=984%2C552&ssl=1","jetpack_sharing_enabled":true,"_links":{"self":[{"href":"https:\/\/minutobahia24h.com.br\/index.php?rest_route=\/wp\/v2\/posts\/20838","targetHints":{"allow":["GET"]}}],"collection":[{"href":"https:\/\/minutobahia24h.com.br\/index.php?rest_route=\/wp\/v2\/posts"}],"about":[{"href":"https:\/\/minutobahia24h.com.br\/index.php?rest_route=\/wp\/v2\/types\/post"}],"author":[{"embeddable":true,"href":"https:\/\/minutobahia24h.com.br\/index.php?rest_route=\/wp\/v2\/users\/2"}],"replies":[{"embeddable":true,"href":"https:\/\/minutobahia24h.com.br\/index.php?rest_route=%2Fwp%2Fv2%2Fcomments&post=20838"}],"version-history":[{"count":1,"href":"https:\/\/minutobahia24h.com.br\/index.php?rest_route=\/wp\/v2\/posts\/20838\/revisions"}],"predecessor-version":[{"id":20840,"href":"https:\/\/minutobahia24h.com.br\/index.php?rest_route=\/wp\/v2\/posts\/20838\/revisions\/20840"}],"wp:featuredmedia":[{"embeddable":true,"href":"https:\/\/minutobahia24h.com.br\/index.php?rest_route=\/wp\/v2\/media\/20839"}],"wp:attachment":[{"href":"https:\/\/minutobahia24h.com.br\/index.php?rest_route=%2Fwp%2Fv2%2Fmedia&parent=20838"}],"wp:term":[{"taxonomy":"category","embeddable":true,"href":"https:\/\/minutobahia24h.com.br\/index.php?rest_route=%2Fwp%2Fv2%2Fcategories&post=20838"},{"taxonomy":"post_tag","embeddable":true,"href":"https:\/\/minutobahia24h.com.br\/index.php?rest_route=%2Fwp%2Fv2%2Ftags&post=20838"}],"curies":[{"name":"wp","href":"https:\/\/api.w.org\/{rel}","templated":true}]}}