{"id":20813,"date":"2024-12-17T07:56:57","date_gmt":"2024-12-17T10:56:57","guid":{"rendered":"https:\/\/minutobahia24h.com.br\/?p=20813"},"modified":"2024-12-17T07:56:58","modified_gmt":"2024-12-17T10:56:58","slug":"mpf-apura-fechamento-de-14-escolas-em-comunidades-quilombolas-de-vitoria-da-conquista","status":"publish","type":"post","link":"https:\/\/minutobahia24h.com.br\/?p=20813","title":{"rendered":"MPF apura fechamento de 14 escolas em comunidades quilombolas de Vit\u00f3ria da Conquista"},"content":{"rendered":"<div class=\"wp-block-image\">\n<figure class=\"aligncenter size-large\"><img data-recalc-dims=\"1\" fetchpriority=\"high\" decoding=\"async\" width=\"800\" height=\"393\" src=\"https:\/\/i0.wp.com\/minutobahia24h.com.br\/wp-content\/uploads\/2024\/12\/Sem-titulo-226-1024x503.jpg?resize=800%2C393&#038;ssl=1\" alt=\"\" class=\"wp-image-20814\" srcset=\"https:\/\/i0.wp.com\/minutobahia24h.com.br\/wp-content\/uploads\/2024\/12\/Sem-titulo-226.jpg?resize=1024%2C503&amp;ssl=1 1024w, https:\/\/i0.wp.com\/minutobahia24h.com.br\/wp-content\/uploads\/2024\/12\/Sem-titulo-226.jpg?resize=300%2C147&amp;ssl=1 300w, https:\/\/i0.wp.com\/minutobahia24h.com.br\/wp-content\/uploads\/2024\/12\/Sem-titulo-226.jpg?resize=768%2C378&amp;ssl=1 768w, https:\/\/i0.wp.com\/minutobahia24h.com.br\/wp-content\/uploads\/2024\/12\/Sem-titulo-226.jpg?resize=750%2C369&amp;ssl=1 750w, https:\/\/i0.wp.com\/minutobahia24h.com.br\/wp-content\/uploads\/2024\/12\/Sem-titulo-226.jpg?resize=1140%2C560&amp;ssl=1 1140w, https:\/\/i0.wp.com\/minutobahia24h.com.br\/wp-content\/uploads\/2024\/12\/Sem-titulo-226.jpg?w=1196&amp;ssl=1 1196w\" sizes=\"(max-width: 800px) 100vw, 800px\" \/><figcaption class=\"wp-element-caption\">Escola desativa em 2022 \/ Foto: Reprodu\u00e7\u00e3o \/ Conquista Rep\u00f3rter<br><\/figcaption><\/figure>\n<\/div>\n\n\n<p>Um inqu\u00e9rito foi aberto pelo Minist\u00e9rio P\u00fablico Federal (MPF) na Bahia para apurar o fechamento de 14 escolas em comunidades quilombolas em\u00a0<a href=\"https:\/\/www.bahianoticias.com.br\/tags\/vit%C3%B3ria-da-conquista\" target=\"_blank\" rel=\"noreferrer noopener\">Vit\u00f3ria da Conquista<\/a>, no Sudoeste. Segundo o MPF, os casos ocorreram entre 2018 e este ano em escolas situadas na zona rural de Vit\u00f3ria da Conquista.<\/p>\n\n\n\n<p>Conforme o procurador federal Roberto Oliveira Vieira, respons\u00e1vel pelo inqu\u00e9rito anunciado nesta segunda-feira (16), a investiga\u00e7\u00e3o tem como base um estudo da Universidade Estadual do Sudoeste da Bahia (Uesb), coordenado pela professora Vanessa Costa dos Santos. Segundo informa\u00e7\u00f5es do Conquista Rep\u00f3rter, em dezembro do ano passado, do total de 26 escolas quilombolas, pelo menos 14 foram desativadas desde 2018.<\/p>\n\n\n\n<p>As escolas atendiam alunos do Ensino Fundamental I (1\u00ba ao 4\u00ba ano). Em uma delas, situada no distrito de Igu\u00e1, no quilombo de Cachoeira dos Porcos, a unidade foi fechada em 2022 ap\u00f3s ser entregue reformada dois meses antes. Com isso, os alunos da Escola Municipal Juv\u00eancio Rocha foram remanejados para um col\u00e9gio a 13,5 km da comunidade quilombola.<\/p>\n\n\n<div class=\"wp-block-image\">\n<figure class=\"aligncenter\"><img data-recalc-dims=\"1\" decoding=\"async\" src=\"https:\/\/i0.wp.com\/www.bahianoticias.com.br\/fotos\/municipios_noticias\/42997\/mg\/estrada%20em%20comunidade%20de%20quilombo%20de%20conquista.jpg?w=800&#038;ssl=1\" alt=\"\"\/><\/figure>\n<\/div>\n\n\n<p><em>Estrada em comunidade do Sinzoca \/ Foto: Reprodu\u00e7\u00e3o \/ Conquista Rep\u00f3rter<\/em><\/p>\n\n\n\n<p>A lista de locais desativados tem ainda as escolas municipais Dom Clim\u00e9rio de Almeida Andrade, no quilombo S\u00e3o Joaquim de Paulo; a Jorge Amado, no quilombo Manoel Ant\u00f4nio; e a Carlos Gomes, no quilombo de Batalha. Com mais de 30 comunidades quilombolas, Vit\u00f3ria da Conquista tem a d\u00e9cima maior popula\u00e7\u00e3o quilombola do pa\u00eds em n\u00fameros absolutos, de acordo com o Censo do IBGE 2022.\u00a0<\/p>\n\n\n\n<p>BN<\/p>\n","protected":false},"excerpt":{"rendered":"<p>Um inqu\u00e9rito foi aberto pelo Minist\u00e9rio P\u00fablico Federal (MPF) na Bahia para apurar o fechamento de 14 escolas em comunidades quilombolas em\u00a0Vit\u00f3ria da Conquista, no Sudoeste. Segundo o MPF, os casos ocorreram entre 2018 e este ano em escolas situadas na zona rural de Vit\u00f3ria da Conquista. Conforme o procurador federal Roberto Oliveira Vieira, respons\u00e1vel [&hellip;]<\/p>\n","protected":false},"author":2,"featured_media":20814,"comment_status":"open","ping_status":"open","sticky":false,"template":"","format":"standard","meta":{"_jetpack_memberships_contains_paid_content":false,"footnotes":""},"categories":[3],"tags":[],"class_list":["post-20813","post","type-post","status-publish","format-standard","has-post-thumbnail","hentry","category-regional"],"aioseo_notices":[],"jetpack_featured_media_url":"https:\/\/i0.wp.com\/minutobahia24h.com.br\/wp-content\/uploads\/2024\/12\/Sem-titulo-226.jpg?fit=1196%2C588&ssl=1","jetpack_sharing_enabled":true,"_links":{"self":[{"href":"https:\/\/minutobahia24h.com.br\/index.php?rest_route=\/wp\/v2\/posts\/20813","targetHints":{"allow":["GET"]}}],"collection":[{"href":"https:\/\/minutobahia24h.com.br\/index.php?rest_route=\/wp\/v2\/posts"}],"about":[{"href":"https:\/\/minutobahia24h.com.br\/index.php?rest_route=\/wp\/v2\/types\/post"}],"author":[{"embeddable":true,"href":"https:\/\/minutobahia24h.com.br\/index.php?rest_route=\/wp\/v2\/users\/2"}],"replies":[{"embeddable":true,"href":"https:\/\/minutobahia24h.com.br\/index.php?rest_route=%2Fwp%2Fv2%2Fcomments&post=20813"}],"version-history":[{"count":1,"href":"https:\/\/minutobahia24h.com.br\/index.php?rest_route=\/wp\/v2\/posts\/20813\/revisions"}],"predecessor-version":[{"id":20815,"href":"https:\/\/minutobahia24h.com.br\/index.php?rest_route=\/wp\/v2\/posts\/20813\/revisions\/20815"}],"wp:featuredmedia":[{"embeddable":true,"href":"https:\/\/minutobahia24h.com.br\/index.php?rest_route=\/wp\/v2\/media\/20814"}],"wp:attachment":[{"href":"https:\/\/minutobahia24h.com.br\/index.php?rest_route=%2Fwp%2Fv2%2Fmedia&parent=20813"}],"wp:term":[{"taxonomy":"category","embeddable":true,"href":"https:\/\/minutobahia24h.com.br\/index.php?rest_route=%2Fwp%2Fv2%2Fcategories&post=20813"},{"taxonomy":"post_tag","embeddable":true,"href":"https:\/\/minutobahia24h.com.br\/index.php?rest_route=%2Fwp%2Fv2%2Ftags&post=20813"}],"curies":[{"name":"wp","href":"https:\/\/api.w.org\/{rel}","templated":true}]}}