{"id":20782,"date":"2024-12-16T10:08:27","date_gmt":"2024-12-16T13:08:27","guid":{"rendered":"https:\/\/minutobahia24h.com.br\/?p=20782"},"modified":"2024-12-16T10:11:40","modified_gmt":"2024-12-16T13:11:40","slug":"empresas-tem-ate-esta-sexta-feira-para-pagar-a-segunda-parcela-do-decimo-terceiro-salario","status":"publish","type":"post","link":"https:\/\/minutobahia24h.com.br\/?p=20782","title":{"rendered":"Empresas t\u00eam at\u00e9 esta sexta-feira para pagar a segunda parcela do d\u00e9cimo terceiro sal\u00e1rio"},"content":{"rendered":"<div class=\"wp-block-image\">\n<figure class=\"aligncenter size-full\"><img data-recalc-dims=\"1\" fetchpriority=\"high\" decoding=\"async\" width=\"522\" height=\"308\" src=\"https:\/\/i0.wp.com\/minutobahia24h.com.br\/wp-content\/uploads\/2024\/12\/Sem-titulo-218.jpg?resize=522%2C308&#038;ssl=1\" alt=\"\" class=\"wp-image-20783\" srcset=\"https:\/\/i0.wp.com\/minutobahia24h.com.br\/wp-content\/uploads\/2024\/12\/Sem-titulo-218.jpg?w=522&amp;ssl=1 522w, https:\/\/i0.wp.com\/minutobahia24h.com.br\/wp-content\/uploads\/2024\/12\/Sem-titulo-218.jpg?resize=300%2C177&amp;ssl=1 300w\" sizes=\"(max-width: 522px) 100vw, 522px\" \/><\/figure>\n<\/div>\n\n\n<p>Nesta sexta-feira, 20 de dezembro, \u00e9 o prazo final para o pagamento da segunda parcela do d\u00e9cimo terceiro sal\u00e1rio para os trabalhadores com carteira assinada. Conforme a legisla\u00e7\u00e3o, a primeira parcela foi paga at\u00e9 29 de novembro.<\/p>\n\n\n\n<p>Segundo o Departamento Intersindical de Estat\u00edstica e Estudos Socioecon\u00f4micos (Dieese), a inje\u00e7\u00e3o de R$ 321,4 bilh\u00f5es na economia, resultante do d\u00e9cimo terceiro, beneficia diretamente os consumidores e impulsiona o com\u00e9rcio neste final de ano. Em m\u00e9dia, cada trabalhador receber\u00e1 R$ 3.096,78 somando as duas parcelas.<\/p>\n\n\n\n<p>A Lei 4.090\/1962, que instituiu o d\u00e9cimo terceiro sal\u00e1rio, assegura o direito ao benef\u00edcio aos aposentados, pensionistas e empregados com carteira assinada que trabalharam pelo menos 15 dias durante o ano.<a><\/a><\/p>\n\n\n\n<p>Trabalhadores em licen\u00e7a maternidade, afastados por doen\u00e7a ou acidente tamb\u00e9m recebem o benef\u00edcio. No caso de demiss\u00e3o sem justa causa, o d\u00e9cimo terceiro \u00e9 pago proporcionalmente ao per\u00edodo trabalhado.<\/p>\n\n\n\n<p>O c\u00e1lculo do d\u00e9cimo terceiro considera 1\/12 do sal\u00e1rio para cada m\u00eas completo de trabalho. Trabalhadores que n\u00e3o completaram um ano na mesma empresa recebem o benef\u00edcio proporcionalmente.<\/p>\n\n\n\n<p>\u00c9 importante que o trabalhador esteja atento \u00e0 tributa\u00e7\u00e3o sobre o d\u00e9cimo terceiro, que incide apenas sobre a segunda parcela, incluindo Imposto de Renda, INSS e, no caso do empregador, Fundo de Garantia do Tempo de Servi\u00e7o.<\/p>\n\n\n\n<p>abahiaacontece<\/p>\n","protected":false},"excerpt":{"rendered":"<p>Nesta sexta-feira, 20 de dezembro, \u00e9 o prazo final para o pagamento da segunda parcela do d\u00e9cimo terceiro sal\u00e1rio para os trabalhadores com carteira assinada. Conforme a legisla\u00e7\u00e3o, a primeira parcela foi paga at\u00e9 29 de novembro. Segundo o Departamento Intersindical de Estat\u00edstica e Estudos Socioecon\u00f4micos (Dieese), a inje\u00e7\u00e3o de R$ 321,4 bilh\u00f5es na economia, [&hellip;]<\/p>\n","protected":false},"author":2,"featured_media":20783,"comment_status":"open","ping_status":"open","sticky":false,"template":"","format":"standard","meta":{"_jetpack_memberships_contains_paid_content":false,"footnotes":""},"categories":[19],"tags":[],"class_list":["post-20782","post","type-post","status-publish","format-standard","has-post-thumbnail","hentry","category-economia"],"aioseo_notices":[],"jetpack_featured_media_url":"https:\/\/i0.wp.com\/minutobahia24h.com.br\/wp-content\/uploads\/2024\/12\/Sem-titulo-218.jpg?fit=522%2C308&ssl=1","jetpack_sharing_enabled":true,"_links":{"self":[{"href":"https:\/\/minutobahia24h.com.br\/index.php?rest_route=\/wp\/v2\/posts\/20782","targetHints":{"allow":["GET"]}}],"collection":[{"href":"https:\/\/minutobahia24h.com.br\/index.php?rest_route=\/wp\/v2\/posts"}],"about":[{"href":"https:\/\/minutobahia24h.com.br\/index.php?rest_route=\/wp\/v2\/types\/post"}],"author":[{"embeddable":true,"href":"https:\/\/minutobahia24h.com.br\/index.php?rest_route=\/wp\/v2\/users\/2"}],"replies":[{"embeddable":true,"href":"https:\/\/minutobahia24h.com.br\/index.php?rest_route=%2Fwp%2Fv2%2Fcomments&post=20782"}],"version-history":[{"count":1,"href":"https:\/\/minutobahia24h.com.br\/index.php?rest_route=\/wp\/v2\/posts\/20782\/revisions"}],"predecessor-version":[{"id":20784,"href":"https:\/\/minutobahia24h.com.br\/index.php?rest_route=\/wp\/v2\/posts\/20782\/revisions\/20784"}],"wp:featuredmedia":[{"embeddable":true,"href":"https:\/\/minutobahia24h.com.br\/index.php?rest_route=\/wp\/v2\/media\/20783"}],"wp:attachment":[{"href":"https:\/\/minutobahia24h.com.br\/index.php?rest_route=%2Fwp%2Fv2%2Fmedia&parent=20782"}],"wp:term":[{"taxonomy":"category","embeddable":true,"href":"https:\/\/minutobahia24h.com.br\/index.php?rest_route=%2Fwp%2Fv2%2Fcategories&post=20782"},{"taxonomy":"post_tag","embeddable":true,"href":"https:\/\/minutobahia24h.com.br\/index.php?rest_route=%2Fwp%2Fv2%2Ftags&post=20782"}],"curies":[{"name":"wp","href":"https:\/\/api.w.org\/{rel}","templated":true}]}}