{"id":20758,"date":"2024-12-16T07:23:26","date_gmt":"2024-12-16T10:23:26","guid":{"rendered":"https:\/\/minutobahia24h.com.br\/?p=20758"},"modified":"2024-12-16T07:23:27","modified_gmt":"2024-12-16T10:23:27","slug":"relator-da-tributaria-na-camara-diz-que-respeitara-trava-de-265-do-iva","status":"publish","type":"post","link":"https:\/\/minutobahia24h.com.br\/?p=20758","title":{"rendered":"Relator da tribut\u00e1ria na C\u00e2mara diz que respeitar\u00e1 trava de 26,5% do IVA"},"content":{"rendered":"<div class=\"wp-block-image\">\n<figure class=\"aligncenter size-full\"><img data-recalc-dims=\"1\" fetchpriority=\"high\" decoding=\"async\" width=\"600\" height=\"422\" src=\"https:\/\/i0.wp.com\/minutobahia24h.com.br\/wp-content\/uploads\/2024\/12\/Sem-titulo-210.jpg?resize=600%2C422&#038;ssl=1\" alt=\"\" class=\"wp-image-20759\" srcset=\"https:\/\/i0.wp.com\/minutobahia24h.com.br\/wp-content\/uploads\/2024\/12\/Sem-titulo-210.jpg?w=600&amp;ssl=1 600w, https:\/\/i0.wp.com\/minutobahia24h.com.br\/wp-content\/uploads\/2024\/12\/Sem-titulo-210.jpg?resize=300%2C211&amp;ssl=1 300w\" sizes=\"(max-width: 600px) 100vw, 600px\" \/><figcaption class=\"wp-element-caption\">M\u00e1rio Agra\/C\u00e2mara dos Deputados<br><\/figcaption><\/figure>\n<\/div>\n\n\n<p>O deputado Reginaldo Lopes (PT-MG), relator da regulamenta\u00e7\u00e3o da reforma tribut\u00e1ria na C\u00e2mara, reafirmou neste domingo (15) que ir\u00e1 trabalhar para manter a al\u00edquota do novo Imposto sobre Valor Agregado (IVA) dentro do teto de 26,5%, ap\u00f3s a proposta ter sido aprovada no Senado e retornado para an\u00e1lise dos deputados.<\/p>\n\n\n\n<p>\u201cTemos que preservar pelo teto da al\u00edquota padr\u00e3o no Brasil. N\u00f3s colocamos um teto, o teto \u00e9 26,5%. O mais importante, na minha opini\u00e3o, \u00e9 garantir uma reforma que n\u00e3o ultrapasse essa trava de 26,5% de imposto sobre consumos e servi\u00e7os\u201d, declarou.<\/p>\n\n\n\n<p>A al\u00edquota de 27,91%, mencionada pelo governo, \u00e9 superior ao teto previsto no projeto, e Lopes defende que a capacidade arrecadat\u00f3ria do novo sistema pode ser maior do que a estimada pelo Minist\u00e9rio da Fazenda. \u201cAcredito que, no pleno funcionamento do atual sistema, com todos os regimes de isen\u00e7\u00f5es, a al\u00edquota pode chegar na casa de 25%\u201d, afirmou o deputado.<\/p>\n\n\n\n<p>A al\u00edquota de 25% mencionada por Lopes corresponde \u00e0 taxa padr\u00e3o que seria aplicada a produtos sem regras especiais. O deputado ressaltou tamb\u00e9m que a reforma tribut\u00e1ria inclui mecanismos para formalizar a economia, o que pode contribuir para um aumento na arrecada\u00e7\u00e3o.<\/p>\n\n\n\n<p>Os deputados envolvidos na regulamenta\u00e7\u00e3o da reforma tribut\u00e1ria est\u00e3o atualmente revisando as altera\u00e7\u00f5es feitas pelo Senado. Um grupo de trabalho se reuniu na C\u00e2mara e dever\u00e1 se encontrar com representantes do governo e com o presidente da C\u00e2mara, Arthur Lira (PP-AL), para discutir os pr\u00f3ximos passos da reforma.<\/p>\n\n\n\n<p>A expectativa \u00e9 que a proposta seja votada novamente o mais r\u00e1pido poss\u00edvel para dar continuidade ao processo de implementa\u00e7\u00e3o das mudan\u00e7as tribut\u00e1rias no pa\u00eds.<\/p>\n\n\n\n<p>Bahia.ba<\/p>\n","protected":false},"excerpt":{"rendered":"<p>O deputado Reginaldo Lopes (PT-MG), relator da regulamenta\u00e7\u00e3o da reforma tribut\u00e1ria na C\u00e2mara, reafirmou neste domingo (15) que ir\u00e1 trabalhar para manter a al\u00edquota do novo Imposto sobre Valor Agregado (IVA) dentro do teto de 26,5%, ap\u00f3s a proposta ter sido aprovada no Senado e retornado para an\u00e1lise dos deputados. \u201cTemos que preservar pelo teto [&hellip;]<\/p>\n","protected":false},"author":2,"featured_media":20759,"comment_status":"open","ping_status":"open","sticky":false,"template":"","format":"standard","meta":{"_jetpack_memberships_contains_paid_content":false,"footnotes":""},"categories":[39],"tags":[],"class_list":["post-20758","post","type-post","status-publish","format-standard","has-post-thumbnail","hentry","category-politica"],"aioseo_notices":[],"jetpack_featured_media_url":"https:\/\/i0.wp.com\/minutobahia24h.com.br\/wp-content\/uploads\/2024\/12\/Sem-titulo-210.jpg?fit=600%2C422&ssl=1","jetpack_sharing_enabled":true,"_links":{"self":[{"href":"https:\/\/minutobahia24h.com.br\/index.php?rest_route=\/wp\/v2\/posts\/20758","targetHints":{"allow":["GET"]}}],"collection":[{"href":"https:\/\/minutobahia24h.com.br\/index.php?rest_route=\/wp\/v2\/posts"}],"about":[{"href":"https:\/\/minutobahia24h.com.br\/index.php?rest_route=\/wp\/v2\/types\/post"}],"author":[{"embeddable":true,"href":"https:\/\/minutobahia24h.com.br\/index.php?rest_route=\/wp\/v2\/users\/2"}],"replies":[{"embeddable":true,"href":"https:\/\/minutobahia24h.com.br\/index.php?rest_route=%2Fwp%2Fv2%2Fcomments&post=20758"}],"version-history":[{"count":1,"href":"https:\/\/minutobahia24h.com.br\/index.php?rest_route=\/wp\/v2\/posts\/20758\/revisions"}],"predecessor-version":[{"id":20760,"href":"https:\/\/minutobahia24h.com.br\/index.php?rest_route=\/wp\/v2\/posts\/20758\/revisions\/20760"}],"wp:featuredmedia":[{"embeddable":true,"href":"https:\/\/minutobahia24h.com.br\/index.php?rest_route=\/wp\/v2\/media\/20759"}],"wp:attachment":[{"href":"https:\/\/minutobahia24h.com.br\/index.php?rest_route=%2Fwp%2Fv2%2Fmedia&parent=20758"}],"wp:term":[{"taxonomy":"category","embeddable":true,"href":"https:\/\/minutobahia24h.com.br\/index.php?rest_route=%2Fwp%2Fv2%2Fcategories&post=20758"},{"taxonomy":"post_tag","embeddable":true,"href":"https:\/\/minutobahia24h.com.br\/index.php?rest_route=%2Fwp%2Fv2%2Ftags&post=20758"}],"curies":[{"name":"wp","href":"https:\/\/api.w.org\/{rel}","templated":true}]}}