{"id":20746,"date":"2024-12-16T07:16:38","date_gmt":"2024-12-16T10:16:38","guid":{"rendered":"https:\/\/minutobahia24h.com.br\/?p=20746"},"modified":"2024-12-16T07:16:40","modified_gmt":"2024-12-16T10:16:40","slug":"apos-seca-recorde-setor-eletrico-inicia-recuperacao-e-conta-de-luz-deve-ficar-sem-taxa-extra-em-quase-todo-2025","status":"publish","type":"post","link":"https:\/\/minutobahia24h.com.br\/?p=20746","title":{"rendered":"Ap\u00f3s seca recorde, setor el\u00e9trico inicia recupera\u00e7\u00e3o e conta de luz deve ficar sem taxa extra em quase todo 2025"},"content":{"rendered":"<div class=\"wp-block-image\">\n<figure class=\"aligncenter size-full\"><img data-recalc-dims=\"1\" fetchpriority=\"high\" decoding=\"async\" width=\"800\" height=\"452\" src=\"https:\/\/i0.wp.com\/minutobahia24h.com.br\/wp-content\/uploads\/2024\/12\/Sem-titulo-206.jpg?resize=800%2C452&#038;ssl=1\" alt=\"\" class=\"wp-image-20747\" srcset=\"https:\/\/i0.wp.com\/minutobahia24h.com.br\/wp-content\/uploads\/2024\/12\/Sem-titulo-206.jpg?w=980&amp;ssl=1 980w, https:\/\/i0.wp.com\/minutobahia24h.com.br\/wp-content\/uploads\/2024\/12\/Sem-titulo-206.jpg?resize=300%2C170&amp;ssl=1 300w, https:\/\/i0.wp.com\/minutobahia24h.com.br\/wp-content\/uploads\/2024\/12\/Sem-titulo-206.jpg?resize=768%2C434&amp;ssl=1 768w, https:\/\/i0.wp.com\/minutobahia24h.com.br\/wp-content\/uploads\/2024\/12\/Sem-titulo-206.jpg?resize=750%2C424&amp;ssl=1 750w\" sizes=\"(max-width: 800px) 100vw, 800px\" \/><figcaption class=\"wp-element-caption\">Divulga\u00e7\u00e3o \u2014 Foto: Divulga\u00e7\u00e3o &#8211; Torres de transmiss\u00e3o da Itaipu. &#8211; Edino Krug\/Itaipu Binacional<br><br><\/figcaption><\/figure>\n<\/div>\n\n\n<p>Depois da seca recorde em 2024, o setor el\u00e9trico come\u00e7a a se recuperar com o retorno do per\u00edodo chuvoso.\u00a0<strong>A expectativa \u00e9 que o clima mais ameno em 2025 ajude a manter a conta de luz sem taxas extras durante a maior parte do ano.<\/strong> Segundo especialistas consultados pelo\u00a0<strong>g1<\/strong>, a perspectiva \u00e9 que o pr\u00f3ximo ano tenha menos picos de calor e mais chuvas durante o ver\u00e3o.<\/p>\n\n\n\n<p>Isso deve exigir menos do sistema el\u00e9trico, o que leva \u00e0 manuten\u00e7\u00e3o da bandeira tarif\u00e1ria no patamar verde na maior parte do pr\u00f3ximo ano.<\/p>\n\n\n\n<ul class=\"wp-block-list\">\n<li>\ud83d\udca1O sistema de cores da Ag\u00eancia Nacional de Energia El\u00e9trica (<a class=\"\" href=\"https:\/\/g1.globo.com\/tudo-sobre\/aneel\/\">Aneel<\/a>) sinaliza as condi\u00e7\u00f5es de gera\u00e7\u00e3o de energia.<\/li>\n\n\n\n<li>\ud83d\udca1Se chove pouco e as hidrel\u00e9tricas geram menos, \u00e9 preciso acionar usinas termel\u00e9tricas, que s\u00e3o mais caras. Por isso, a Aneel aciona as bandeiras amarela, vermelha 1 ou vermelha 2, com taxas extras na conta de luz.<\/li>\n<\/ul>\n\n\n\n<blockquote class=\"wp-block-quote is-layout-flow wp-block-quote-is-layout-flow\">\n<p>\u201cA nossa expectativa \u00e9 de bandeira verde o ano todo, com exce\u00e7\u00e3o de agosto e setembro, que vai para a amarela. Tirando esses dois meses que vai para amarela, \u00e9 um ano que por enquanto est\u00e1 mostrando bandeira verde em todos os per\u00edodos\u201d, afirmou a diretora de Regula\u00e7\u00e3o e Estudos de Mercado da consultoria Thymos Energia, Mayra Guimar\u00e3es.<\/p>\n<\/blockquote>\n\n\n\n<p><strong>A especialista afirma que agosto e setembro devem ter bandeira amarela (com taxa extra) por conta do per\u00edodo seco, com o acionamento de usinas termel\u00e9tricas para suprir os picos de demanda.<\/strong><\/p>\n\n\n\n<p>O s\u00f3cio-diretor e meteorologista da consultoria Nottus, Alexandre Nascimento, afirma que as chuvas na segunda quinzena de dezembro devem ajudar a aumentar os n\u00edveis de armazenamento do Sistema Interligado Nacional (SIN). Segundo ele, \u00e9 um movimento de recupera\u00e7\u00e3o.<\/p>\n\n\n\n<blockquote class=\"wp-block-quote is-layout-flow wp-block-quote-is-layout-flow\">\n<p>\u201cBoa parte do solo brasileiro, principalmente onde est\u00e3o os principais reservat\u00f3rios, funcionam como uma esponja. Ent\u00e3o, as primeiras chuvas funcionam para ir selando o solo, para depois receber as chuvas que v\u00eam adiante, e a\u00ed depois qualquer pancadinha j\u00e1 repleciona o reservat\u00f3rio\u201d, declarou.<\/p>\n<\/blockquote>\n\n\n\n<p>Nascimento explica que, em 2025, deve-se formar um La Ni\u00f1a de baixa intensidade. Esse fen\u00f4meno clim\u00e1tico geralmente est\u00e1 associado a chuvas acima da m\u00e9dia no Norte e Nordeste e abaixo da m\u00e9dia no Sul.<\/p>\n\n\n\n<p>Contudo, para o meteorologista, um La Ni\u00f1a com menos intensidade e mais curto n\u00e3o deve implicar seca no sul do pa\u00eds.<\/p>\n\n\n\n<p>A consequ\u00eancia \u00e9 um clima mais ameno, com menos ondas de calor como as de 2023. Isso ajuda o setor el\u00e9trico por dois motivos:<\/p>\n\n\n\n<ul class=\"wp-block-list\">\n<li>menos consumo associado ao calor (como uso de aparelhos de ar-condicionado e de refrigera\u00e7\u00e3o);<\/li>\n\n\n\n<li>menos perda de \u00e1gua por evapora\u00e7\u00e3o nos reservat\u00f3rios das hidrel\u00e9tricas.<\/li>\n<\/ul>\n\n\n\n<h2 class=\"wp-block-heading\">Seca hist\u00f3rica<\/h2>\n\n\n\n<p>Em 2024, quando o pa\u00eds registrou uma das piores secas da hist\u00f3ria,&nbsp;<a class=\"\" href=\"https:\/\/g1.globo.com\/economia\/noticia\/2024\/07\/29\/seca-no-norte-agencia-nacional-de-aguas-declara-situacao-critica-no-rio-madeira.ghtml\">a Ag\u00eancia Nacional de \u00c1guas e Saneamento (ANA) decretou situa\u00e7\u00e3o cr\u00edtica de escassez h\u00eddrica em cinco bacias hidrogr\u00e1ficas<\/a>:<\/p>\n\n\n\n<ul class=\"wp-block-list\">\n<li>rio Paraguai;<\/li>\n\n\n\n<li>rio Madeira;<\/li>\n\n\n\n<li>rio Purus e seus afluentes;<\/li>\n\n\n\n<li>trecho baixo do rio Tapaj\u00f3s;<\/li>\n\n\n\n<li>rio Xingu.<\/li>\n<\/ul>\n\n\n\n<p>A diretora presidente da ANA, Veronica S\u00e1nchez, afirma que j\u00e1 observa uma melhora no n\u00edvel dos rios Madeira, Purus, Tapaj\u00f3s e Xingu.<\/p>\n\n\n\n<blockquote class=\"wp-block-quote is-layout-flow wp-block-quote-is-layout-flow\">\n<p>\u201cA curva come\u00e7ou a se inverter e j\u00e1 est\u00e1 crescendo, vamos dizer assim, na velocidade que se espera do rio. Lembrando que eles estavam no ponto mais baixo porque esse ano foi a pior seca de todos os rios do Norte\u201d, declarou.<\/p>\n<\/blockquote>\n\n\n\n<p>Os rios Madeira e Xingu abrigam grandes hidrel\u00e9tricas que respondem por boa parte do suprimento de energia do pa\u00eds, como Belo Monte, Santo Ant\u00f4nio e Jirau. Para os dois rios, a ANA v\u00ea uma tend\u00eancia de recupera\u00e7\u00e3o dos volumes.<\/p>\n\n\n\n<figure class=\"wp-block-image\"><img data-recalc-dims=\"1\" decoding=\"async\" src=\"https:\/\/i0.wp.com\/s2-g1.glbimg.com\/ey0lDunIoM4FVAcMfIQH56l78dc%3D\/0x0%3A2000x1125\/984x0\/smart\/filters%3Astrip_icc%28%29\/i.s3.glbimg.com\/v1\/AUTH_59edd422c0c84a879bd37670ae4f538a\/internal_photos\/bs\/2024\/j\/X\/0gxe9ySXudqOtCmL2Baw\/about-usina.webp?w=800&#038;ssl=1\" alt=\"Usina Hidrel\u00e9trica Belo Monte, no Par\u00e1. \u2014 Foto: Norte Energia\"\/><\/figure>\n\n\n\n<p>Usina Hidrel\u00e9trica Belo Monte, no Par\u00e1. \u2014 Foto: Norte Energia<\/p>\n\n\n\n<p>Al\u00e9m disso, por causa da seca,&nbsp;<strong>a ag\u00eancia modificou as autoriza\u00e7\u00f5es de vaz\u00e3o das usinas de Jirau e Belo Monte, permitindo que as usinas gerem energia com mais flexibilidade.<\/strong><\/p>\n\n\n\n<p>\u201cForam duas decis\u00f5es importantes nesse per\u00edodo seco para permitir que as usinas n\u00e3o parassem, no caso do rio Madeira e Belo Monte, e continuassem gerando energia para atender ao sistema sem interrup\u00e7\u00f5es\u201d, explicou.<\/p>\n","protected":false},"excerpt":{"rendered":"<p>Depois da seca recorde em 2024, o setor el\u00e9trico come\u00e7a a se recuperar com o retorno do per\u00edodo chuvoso.\u00a0A expectativa \u00e9 que o clima mais ameno em 2025 ajude a manter a conta de luz sem taxas extras durante a maior parte do ano. Segundo especialistas consultados pelo\u00a0g1, a perspectiva \u00e9 que o pr\u00f3ximo ano [&hellip;]<\/p>\n","protected":false},"author":2,"featured_media":20747,"comment_status":"open","ping_status":"open","sticky":false,"template":"","format":"standard","meta":{"_jetpack_memberships_contains_paid_content":false,"footnotes":""},"categories":[19],"tags":[],"class_list":["post-20746","post","type-post","status-publish","format-standard","has-post-thumbnail","hentry","category-economia"],"aioseo_notices":[],"jetpack_featured_media_url":"https:\/\/i0.wp.com\/minutobahia24h.com.br\/wp-content\/uploads\/2024\/12\/Sem-titulo-206.jpg?fit=980%2C554&ssl=1","jetpack_sharing_enabled":true,"_links":{"self":[{"href":"https:\/\/minutobahia24h.com.br\/index.php?rest_route=\/wp\/v2\/posts\/20746","targetHints":{"allow":["GET"]}}],"collection":[{"href":"https:\/\/minutobahia24h.com.br\/index.php?rest_route=\/wp\/v2\/posts"}],"about":[{"href":"https:\/\/minutobahia24h.com.br\/index.php?rest_route=\/wp\/v2\/types\/post"}],"author":[{"embeddable":true,"href":"https:\/\/minutobahia24h.com.br\/index.php?rest_route=\/wp\/v2\/users\/2"}],"replies":[{"embeddable":true,"href":"https:\/\/minutobahia24h.com.br\/index.php?rest_route=%2Fwp%2Fv2%2Fcomments&post=20746"}],"version-history":[{"count":1,"href":"https:\/\/minutobahia24h.com.br\/index.php?rest_route=\/wp\/v2\/posts\/20746\/revisions"}],"predecessor-version":[{"id":20748,"href":"https:\/\/minutobahia24h.com.br\/index.php?rest_route=\/wp\/v2\/posts\/20746\/revisions\/20748"}],"wp:featuredmedia":[{"embeddable":true,"href":"https:\/\/minutobahia24h.com.br\/index.php?rest_route=\/wp\/v2\/media\/20747"}],"wp:attachment":[{"href":"https:\/\/minutobahia24h.com.br\/index.php?rest_route=%2Fwp%2Fv2%2Fmedia&parent=20746"}],"wp:term":[{"taxonomy":"category","embeddable":true,"href":"https:\/\/minutobahia24h.com.br\/index.php?rest_route=%2Fwp%2Fv2%2Fcategories&post=20746"},{"taxonomy":"post_tag","embeddable":true,"href":"https:\/\/minutobahia24h.com.br\/index.php?rest_route=%2Fwp%2Fv2%2Ftags&post=20746"}],"curies":[{"name":"wp","href":"https:\/\/api.w.org\/{rel}","templated":true}]}}