{"id":20736,"date":"2024-12-16T06:57:23","date_gmt":"2024-12-16T09:57:23","guid":{"rendered":"https:\/\/minutobahia24h.com.br\/?p=20736"},"modified":"2024-12-16T06:57:24","modified_gmt":"2024-12-16T09:57:24","slug":"dourineide-representa-andorinha-em-encontro-importante-sobre-planejamento-educacional-na-bahia","status":"publish","type":"post","link":"https:\/\/minutobahia24h.com.br\/?p=20736","title":{"rendered":"Dourineide Representa Andorinha em encontro importante sobre planejamento educacional na Bahia"},"content":{"rendered":"<div class=\"wp-block-image\">\n<figure class=\"aligncenter size-full\"><img data-recalc-dims=\"1\" fetchpriority=\"high\" decoding=\"async\" width=\"569\" height=\"461\" src=\"https:\/\/i0.wp.com\/minutobahia24h.com.br\/wp-content\/uploads\/2024\/12\/Sem-titulo-203.jpg?resize=569%2C461&#038;ssl=1\" alt=\"\" class=\"wp-image-20737\" srcset=\"https:\/\/i0.wp.com\/minutobahia24h.com.br\/wp-content\/uploads\/2024\/12\/Sem-titulo-203.jpg?w=569&amp;ssl=1 569w, https:\/\/i0.wp.com\/minutobahia24h.com.br\/wp-content\/uploads\/2024\/12\/Sem-titulo-203.jpg?resize=300%2C243&amp;ssl=1 300w\" sizes=\"(max-width: 569px) 100vw, 569px\" \/><\/figure>\n<\/div>\n\n\n<p>Um importante evento reuniu prefeitos e dirigentes municipais de educa\u00e7\u00e3o para discutir o planejamento estrat\u00e9gico dos primeiros&nbsp;<strong>100 dias<\/strong>&nbsp;de gest\u00e3o na \u00e1rea educacional. O encontro, com a participa\u00e7\u00e3o de&nbsp;<strong>Dourineide<\/strong>,&nbsp;<em>futura Secret\u00e1ria de Educa\u00e7\u00e3o<\/em>&nbsp;do Governo do prefeito eleito&nbsp;<strong>Adilberto Evangelista<\/strong>&nbsp;em 2025, foi realizado em parceria com a Undime (<em>Uni\u00e3o Nacional dos Dirigentes Municipais de Educa\u00e7\u00e3o<\/em>), a Secretaria Municipal de Educa\u00e7\u00e3o, o Instituto An\u00edsio Teixeira (<strong>IAT<\/strong>) e o Governo do Estado da Bahia, abordando temas cruciais para o fortalecimento da educa\u00e7\u00e3o nos munic\u00edpios baianos.<\/p>\n\n\n\n<p>Entre os principais pontos debatidos, destacou-se a import\u00e2ncia do Regime de Colabora\u00e7\u00e3o entre o Estado e os Munic\u00edpios, um modelo que visa promover maior integra\u00e7\u00e3o e efici\u00eancia na gest\u00e3o educacional. De forma pioneira no Brasil, o evento antecipou orienta\u00e7\u00f5es essenciais para os novos gestores municipais, oferecendo subs\u00eddios para que possam iniciar seus mandatos com um planejamento bem estruturado.<\/p>\n\n\n\n<p>A programa\u00e7\u00e3o contou com a presen\u00e7a de palestrantes renomados, incluindo a&nbsp;<em>Secret\u00e1ria de Estado da Educa\u00e7\u00e3o<\/em>,&nbsp;<strong>Rowenna Brito<\/strong>, que destacou as metas e prioridades para a educa\u00e7\u00e3o baiana nos pr\u00f3ximos anos. &#8220;<em>O fortalecimento da parceria entre Estado e Munic\u00edpios \u00e9 fundamental para garantirmos avan\u00e7os consistentes na qualidade do ensino p\u00fablico<\/em>&#8220;, enfatizou&nbsp;<strong>Rowenna<\/strong>.<\/p>\n\n\n\n<p>Os participantes avaliaram o evento como de grande relev\u00e2ncia, especialmente para os novos dirigentes municipais de educa\u00e7\u00e3o, que puderam se atualizar sobre pautas estrat\u00e9gicas para o bom desempenho e desenvolvimento dos servi\u00e7os p\u00fablicos educacionais. Esse encontro pioneiro refor\u00e7a o compromisso das institui\u00e7\u00f5es envolvidas em construir uma educa\u00e7\u00e3o p\u00fablica mais eficiente, inclusiva e de qualidade para todos os baianos.<\/p>\n\n\n\n<p>andorinhanews<\/p>\n","protected":false},"excerpt":{"rendered":"<p>Um importante evento reuniu prefeitos e dirigentes municipais de educa\u00e7\u00e3o para discutir o planejamento estrat\u00e9gico dos primeiros&nbsp;100 dias&nbsp;de gest\u00e3o na \u00e1rea educacional. O encontro, com a participa\u00e7\u00e3o de&nbsp;Dourineide,&nbsp;futura Secret\u00e1ria de Educa\u00e7\u00e3o&nbsp;do Governo do prefeito eleito&nbsp;Adilberto Evangelista&nbsp;em 2025, foi realizado em parceria com a Undime (Uni\u00e3o Nacional dos Dirigentes Municipais de Educa\u00e7\u00e3o), a Secretaria Municipal de [&hellip;]<\/p>\n","protected":false},"author":2,"featured_media":20737,"comment_status":"open","ping_status":"open","sticky":false,"template":"","format":"standard","meta":{"_jetpack_memberships_contains_paid_content":false,"footnotes":""},"categories":[3],"tags":[],"class_list":["post-20736","post","type-post","status-publish","format-standard","has-post-thumbnail","hentry","category-regional"],"aioseo_notices":[],"jetpack_featured_media_url":"https:\/\/i0.wp.com\/minutobahia24h.com.br\/wp-content\/uploads\/2024\/12\/Sem-titulo-203.jpg?fit=569%2C461&ssl=1","jetpack_sharing_enabled":true,"_links":{"self":[{"href":"https:\/\/minutobahia24h.com.br\/index.php?rest_route=\/wp\/v2\/posts\/20736","targetHints":{"allow":["GET"]}}],"collection":[{"href":"https:\/\/minutobahia24h.com.br\/index.php?rest_route=\/wp\/v2\/posts"}],"about":[{"href":"https:\/\/minutobahia24h.com.br\/index.php?rest_route=\/wp\/v2\/types\/post"}],"author":[{"embeddable":true,"href":"https:\/\/minutobahia24h.com.br\/index.php?rest_route=\/wp\/v2\/users\/2"}],"replies":[{"embeddable":true,"href":"https:\/\/minutobahia24h.com.br\/index.php?rest_route=%2Fwp%2Fv2%2Fcomments&post=20736"}],"version-history":[{"count":1,"href":"https:\/\/minutobahia24h.com.br\/index.php?rest_route=\/wp\/v2\/posts\/20736\/revisions"}],"predecessor-version":[{"id":20738,"href":"https:\/\/minutobahia24h.com.br\/index.php?rest_route=\/wp\/v2\/posts\/20736\/revisions\/20738"}],"wp:featuredmedia":[{"embeddable":true,"href":"https:\/\/minutobahia24h.com.br\/index.php?rest_route=\/wp\/v2\/media\/20737"}],"wp:attachment":[{"href":"https:\/\/minutobahia24h.com.br\/index.php?rest_route=%2Fwp%2Fv2%2Fmedia&parent=20736"}],"wp:term":[{"taxonomy":"category","embeddable":true,"href":"https:\/\/minutobahia24h.com.br\/index.php?rest_route=%2Fwp%2Fv2%2Fcategories&post=20736"},{"taxonomy":"post_tag","embeddable":true,"href":"https:\/\/minutobahia24h.com.br\/index.php?rest_route=%2Fwp%2Fv2%2Ftags&post=20736"}],"curies":[{"name":"wp","href":"https:\/\/api.w.org\/{rel}","templated":true}]}}