{"id":20724,"date":"2024-12-16T06:37:00","date_gmt":"2024-12-16T09:37:00","guid":{"rendered":"https:\/\/minutobahia24h.com.br\/?p=20724"},"modified":"2024-12-15T23:14:59","modified_gmt":"2024-12-16T02:14:59","slug":"inmet-emite-alerta-de-chuvas-intensas-para-46-cidades-da-bahia","status":"publish","type":"post","link":"https:\/\/minutobahia24h.com.br\/?p=20724","title":{"rendered":"Inmet emite alerta de chuvas intensas para 46 cidades da Bahia"},"content":{"rendered":"<div class=\"wp-block-image\">\n<figure class=\"aligncenter size-full\"><img data-recalc-dims=\"1\" fetchpriority=\"high\" decoding=\"async\" width=\"601\" height=\"420\" src=\"https:\/\/i0.wp.com\/minutobahia24h.com.br\/wp-content\/uploads\/2024\/12\/Sem-titulo-199.jpg?resize=601%2C420&#038;ssl=1\" alt=\"\" class=\"wp-image-20725\" srcset=\"https:\/\/i0.wp.com\/minutobahia24h.com.br\/wp-content\/uploads\/2024\/12\/Sem-titulo-199.jpg?w=601&amp;ssl=1 601w, https:\/\/i0.wp.com\/minutobahia24h.com.br\/wp-content\/uploads\/2024\/12\/Sem-titulo-199.jpg?resize=300%2C210&amp;ssl=1 300w\" sizes=\"(max-width: 601px) 100vw, 601px\" \/><figcaption class=\"wp-element-caption\">Foto: Secom\/Prefeitura de Salvador<br><\/figcaption><\/figure>\n<\/div>\n\n\n<p>O Instituto Nacional de Meteorologia (Inmet) emitiu um alerta amarelo, de perigo potencial, para 46 cidades baianas devido \u00e0 previs\u00e3o de chuvas intensas a partir das 10h deste domingo (15) at\u00e9 \u00e0s 10h desta segunda-feira (16). Segundo o aviso, s\u00e3o esperados acumulados entre 20 e 30 mm\/h ou at\u00e9 50 mm\/dia, com ventos fortes de 40 a 60 km\/h.<\/p>\n\n\n\n<p>O alerta vale para munic\u00edpios das regi\u00f5es extremo oeste, centro-sul, sul e do Vale do S\u00e3o Francisco. O instituto aponta baixo risco de corte de energia, quedas de galhos, alagamentos e descargas el\u00e9tricas, mas orienta que os moradores fiquem atentos.<\/p>\n\n\n\n<p>Entre as cidades que poder\u00e3o ser afetadas est\u00e3o: Vit\u00f3ria da Conquista, Lu\u00eds Eduardo Magalh\u00e3es, Teixeira de Freitas, Barreiras, Eun\u00e1polis e Caravelas. Outros munic\u00edpios em alerta incluem Itamaraju, Ribeir\u00e3o do Largo, C\u00e2ndido Sales, Pirip\u00e1 e Nova Vi\u00e7osa.<\/p>\n\n\n\n<p>A recomenda\u00e7\u00e3o do Inmet \u00e9 evitar se abrigar debaixo de \u00e1rvores, desligar aparelhos eletr\u00f4nicos em caso de raios e n\u00e3o estacionar ve\u00edculos pr\u00f3ximos a placas ou \u00e1rvores que possam ser derrubadas pelos ventos.<\/p>\n\n\n\n<p>Confira as 46 cidades baianas que ser\u00e3o afetadas:<\/p>\n\n\n\n<p>Vereda<\/p>\n\n\n\n<p>Urandi<\/p>\n\n\n\n<p>Tremedal<\/p>\n\n\n\n<p>Teixeira de Freitas<\/p>\n\n\n\n<p>S\u00e3o Desid\u00e9rio<\/p>\n\n\n\n<p>Sebasti\u00e3o Laranjeiras<\/p>\n\n\n\n<p>Ribeir\u00e3o do Largo<\/p>\n\n\n\n<p>Riach\u00e3o das Neves<\/p>\n\n\n\n<p>Pirip\u00e1<\/p>\n\n\n\n<p>Pinda\u00ed<\/p>\n\n\n\n<p>Vit\u00f3ria da Conquista<\/p>\n\n\n\n<p>Palmas de Monte Alto<\/p>\n\n\n\n<p>Nova Vi\u00e7osa<\/p>\n\n\n\n<p>Mucuri<\/p>\n\n\n\n<p>Mortugaba<\/p>\n\n\n\n<p>Medeiros Neto<\/p>\n\n\n\n<p>Malhada<\/p>\n\n\n\n<p>Maiquinique<\/p>\n\n\n\n<p>Macarani<\/p>\n\n\n\n<p>Lu\u00eds Eduardo Magalh\u00e3es<\/p>\n\n\n\n<p>Lic\u00ednio de Almeida<\/p>\n\n\n\n<p>Lajed\u00e3o<\/p>\n\n\n\n<p>Jucuru\u00e7u<\/p>\n\n\n\n<p>Jacaraci<\/p>\n\n\n\n<p>Jaborandi<\/p>\n\n\n\n<p>Iuiu<\/p>\n\n\n\n<p>Itarantim<\/p>\n\n\n\n<p>Itapebi<\/p>\n\n\n\n<p>Itanh\u00e9m<\/p>\n\n\n\n<p>Itamaraju<\/p>\n\n\n\n<p>Itagimirim<\/p>\n\n\n\n<p>Ibirapu\u00e3<\/p>\n\n\n\n<p>Guaratinga<\/p>\n\n\n\n<p>Formosa do Rio Preto<\/p>\n\n\n\n<p>Feira da Mata<\/p>\n\n\n\n<p>Eun\u00e1polis<\/p>\n\n\n\n<p>Encruzilhada<\/p>\n\n\n\n<p>C\u00e2ndido Sales<\/p>\n\n\n\n<p>Correntina<\/p>\n\n\n\n<p>Coribe<\/p>\n\n\n\n<p>Cordeiros<\/p>\n\n\n\n<p>Conde\u00faba<\/p>\n\n\n\n<p>Cocos<\/p>\n\n\n\n<p>Carinhanha<\/p>\n\n\n\n<p>Caravelas<\/p>\n\n\n\n<p>Barreiras<\/p>\n\n\n\n<p>Bahia.ba<\/p>\n","protected":false},"excerpt":{"rendered":"<p>O Instituto Nacional de Meteorologia (Inmet) emitiu um alerta amarelo, de perigo potencial, para 46 cidades baianas devido \u00e0 previs\u00e3o de chuvas intensas a partir das 10h deste domingo (15) at\u00e9 \u00e0s 10h desta segunda-feira (16). Segundo o aviso, s\u00e3o esperados acumulados entre 20 e 30 mm\/h ou at\u00e9 50 mm\/dia, com ventos fortes de [&hellip;]<\/p>\n","protected":false},"author":2,"featured_media":20725,"comment_status":"open","ping_status":"open","sticky":false,"template":"","format":"standard","meta":{"_jetpack_memberships_contains_paid_content":false,"footnotes":""},"categories":[21],"tags":[],"class_list":["post-20724","post","type-post","status-publish","format-standard","has-post-thumbnail","hentry","category-bahia"],"aioseo_notices":[],"jetpack_featured_media_url":"https:\/\/i0.wp.com\/minutobahia24h.com.br\/wp-content\/uploads\/2024\/12\/Sem-titulo-199.jpg?fit=601%2C420&ssl=1","jetpack_sharing_enabled":true,"_links":{"self":[{"href":"https:\/\/minutobahia24h.com.br\/index.php?rest_route=\/wp\/v2\/posts\/20724","targetHints":{"allow":["GET"]}}],"collection":[{"href":"https:\/\/minutobahia24h.com.br\/index.php?rest_route=\/wp\/v2\/posts"}],"about":[{"href":"https:\/\/minutobahia24h.com.br\/index.php?rest_route=\/wp\/v2\/types\/post"}],"author":[{"embeddable":true,"href":"https:\/\/minutobahia24h.com.br\/index.php?rest_route=\/wp\/v2\/users\/2"}],"replies":[{"embeddable":true,"href":"https:\/\/minutobahia24h.com.br\/index.php?rest_route=%2Fwp%2Fv2%2Fcomments&post=20724"}],"version-history":[{"count":1,"href":"https:\/\/minutobahia24h.com.br\/index.php?rest_route=\/wp\/v2\/posts\/20724\/revisions"}],"predecessor-version":[{"id":20726,"href":"https:\/\/minutobahia24h.com.br\/index.php?rest_route=\/wp\/v2\/posts\/20724\/revisions\/20726"}],"wp:featuredmedia":[{"embeddable":true,"href":"https:\/\/minutobahia24h.com.br\/index.php?rest_route=\/wp\/v2\/media\/20725"}],"wp:attachment":[{"href":"https:\/\/minutobahia24h.com.br\/index.php?rest_route=%2Fwp%2Fv2%2Fmedia&parent=20724"}],"wp:term":[{"taxonomy":"category","embeddable":true,"href":"https:\/\/minutobahia24h.com.br\/index.php?rest_route=%2Fwp%2Fv2%2Fcategories&post=20724"},{"taxonomy":"post_tag","embeddable":true,"href":"https:\/\/minutobahia24h.com.br\/index.php?rest_route=%2Fwp%2Fv2%2Ftags&post=20724"}],"curies":[{"name":"wp","href":"https:\/\/api.w.org\/{rel}","templated":true}]}}