{"id":207,"date":"2023-09-12T09:59:50","date_gmt":"2023-09-12T12:59:50","guid":{"rendered":"https:\/\/minutobahia24h.com.br\/?p=207"},"modified":"2023-09-12T09:59:50","modified_gmt":"2023-09-12T12:59:50","slug":"ipca-sobe-023-em-agosto-com-aumento-na-conta-de-luz","status":"publish","type":"post","link":"https:\/\/minutobahia24h.com.br\/?p=207","title":{"rendered":"IPCA sobe 0,23% em agosto, com aumento na conta de luz"},"content":{"rendered":"\n<figure class=\"wp-block-image size-full\"><img data-recalc-dims=\"1\" fetchpriority=\"high\" decoding=\"async\" width=\"800\" height=\"522\" src=\"https:\/\/i0.wp.com\/minutobahia24h.com.br\/wp-content\/uploads\/2023\/09\/energiacara-eletrobras-bolsonaro.jpeg?resize=800%2C522&#038;ssl=1\" alt=\"\" class=\"wp-image-209\" srcset=\"https:\/\/i0.wp.com\/minutobahia24h.com.br\/wp-content\/uploads\/2023\/09\/energiacara-eletrobras-bolsonaro.jpeg?w=800&amp;ssl=1 800w, https:\/\/i0.wp.com\/minutobahia24h.com.br\/wp-content\/uploads\/2023\/09\/energiacara-eletrobras-bolsonaro.jpeg?resize=300%2C196&amp;ssl=1 300w, https:\/\/i0.wp.com\/minutobahia24h.com.br\/wp-content\/uploads\/2023\/09\/energiacara-eletrobras-bolsonaro.jpeg?resize=768%2C501&amp;ssl=1 768w, https:\/\/i0.wp.com\/minutobahia24h.com.br\/wp-content\/uploads\/2023\/09\/energiacara-eletrobras-bolsonaro.jpeg?resize=750%2C489&amp;ssl=1 750w\" sizes=\"(max-width: 800px) 100vw, 800px\" \/><\/figure>\n\n\n\n<p>O \u00cdndice Nacional de Pre\u00e7os ao Consumidor Amplo (<a class=\"\" href=\"https:\/\/g1.globo.com\/tudo-sobre\/ipca\/\">IPCA<\/a>), indicador considerado a infla\u00e7\u00e3o oficial do pa\u00eds, subiu 0,23% em agosto, segundo dados divulgados nesta ter\u00e7a-feira (12) pelo Instituto Brasileiro de Geografia e Estat\u00edstica (<a class=\"\" href=\"https:\/\/g1.globo.com\/tudo-sobre\/ibge\/\">IBGE<\/a>).<\/p>\n\n\n\n<p>O indicador voltou a acelerar em rela\u00e7\u00e3o ao m\u00eas anterior, puxado desta vez por um aumento da energia el\u00e9trica residencial (4,59% no m\u00eas). Em junho, o IPCA fechou com&nbsp;<a class=\"\" href=\"https:\/\/g1.globo.com\/economia\/noticia\/2023\/08\/11\/ipca-vai-012percent-em-julho.ghtml\">alta de 0,12%<\/a>. J\u00e1 em agosto de 2022, o pa\u00eds havia registrado&nbsp;<a class=\"\" href=\"https:\/\/g1.globo.com\/economia\/noticia\/2022\/09\/09\/ipca-brasil-registra-deflacao-de-036percent-em-agosto.ghtml\">defla\u00e7\u00e3o de 0,36%, na esteira da desonera\u00e7\u00e3o de combust\u00edveis.<\/a><\/p>\n\n\n\n<p><strong>Com isso, o pa\u00eds passa a ter uma infla\u00e7\u00e3o acumulada de 4,61% na janela de 12 meses.<\/strong>\u00a0No ano, acumula alta de 3,23%.<\/p>\n\n\n\n<p>Mesmo em trajet\u00f3ria de alta, o \u00edndice de pre\u00e7os veio levemente abaixo das proje\u00e7\u00f5es do mercado financeiro. A mediana das estimativas coletadas pelo Valor Data apontava alta de 0,29% no m\u00eas.<\/p>\n\n\n<div class=\"wp-block-image\">\n<figure class=\"aligncenter size-full\"><img data-recalc-dims=\"1\" decoding=\"async\" width=\"797\" height=\"517\" src=\"https:\/\/i0.wp.com\/minutobahia24h.com.br\/wp-content\/uploads\/2023\/09\/Luz.jpg?resize=797%2C517&#038;ssl=1\" alt=\"\" class=\"wp-image-210\" srcset=\"https:\/\/i0.wp.com\/minutobahia24h.com.br\/wp-content\/uploads\/2023\/09\/Luz.jpg?w=797&amp;ssl=1 797w, https:\/\/i0.wp.com\/minutobahia24h.com.br\/wp-content\/uploads\/2023\/09\/Luz.jpg?resize=300%2C195&amp;ssl=1 300w, https:\/\/i0.wp.com\/minutobahia24h.com.br\/wp-content\/uploads\/2023\/09\/Luz.jpg?resize=768%2C498&amp;ssl=1 768w, https:\/\/i0.wp.com\/minutobahia24h.com.br\/wp-content\/uploads\/2023\/09\/Luz.jpg?resize=750%2C487&amp;ssl=1 750w\" sizes=\"(max-width: 797px) 100vw, 797px\" \/><figcaption class=\"wp-element-caption\">Fonte: IBGE<\/figcaption><\/figure>\n<\/div>\n\n\n<p>O IBGE mostra que houve alta em seis dos nove grupos que comp\u00f5em o IPCA. O maior ganho vem do grupo Habita\u00e7\u00e3o (1,11%), que abriga o subitem de energia el\u00e9trica residencial. As contas de luz tiveram alta de 4,59% e impacto de 0,18 ponto percentual no \u00edndice geral.<\/p>\n\n\n\n<p>O aumento das contas de luz tem rela\u00e7\u00e3o com o fim da incorpora\u00e7\u00e3o do b\u00f4nus de Itaipu, um saldo positivo na conta de comercializa\u00e7\u00e3o de energia el\u00e9trica de Itaipu em 2022. Esse b\u00f4nus foi incorporado nas contas de luz de julho e saiu da conta em agosto.<\/p>\n\n\n\n<p>Por outro lado, o grupo de Alimenta\u00e7\u00e3o e bebidas continua em queda, e registra defla\u00e7\u00e3o de 0,85% em agosto. \u00c9 o terceiro m\u00eas consecutivo de quedas no grupo, puxados sempre pelos pre\u00e7os da alimenta\u00e7\u00e3o no domic\u00edlio (-1,26% no m\u00eas).<\/p>\n\n\n\n<h2 class=\"wp-block-heading\">Veja o resultado dos grupos do IPCA:<\/h2>\n\n\n\n<ul class=\"wp-block-list\">\n<li>Alimenta\u00e7\u00e3o e bebidas: -0,85%;<\/li>\n\n\n\n<li>Habita\u00e7\u00e3o: 1,11%;<\/li>\n\n\n\n<li>Artigos de resid\u00eancia: -0,04%;<\/li>\n\n\n\n<li>Vestu\u00e1rio: 0,54%;<\/li>\n\n\n\n<li>Transportes: 0,34%;<\/li>\n\n\n\n<li>Sa\u00fade e cuidados pessoais: 0,58%;<\/li>\n\n\n\n<li>Despesas pessoais: 0,38%;<\/li>\n\n\n\n<li>Educa\u00e7\u00e3o: 0,69%;<\/li>\n\n\n\n<li>Comunica\u00e7\u00e3o: -0,09%.<\/li>\n<\/ul>\n\n\n<div class=\"wp-block-image\">\n<figure class=\"aligncenter size-full\"><img data-recalc-dims=\"1\" decoding=\"async\" width=\"789\" height=\"483\" src=\"https:\/\/i0.wp.com\/minutobahia24h.com.br\/wp-content\/uploads\/2023\/09\/luz-2.jpg?resize=789%2C483&#038;ssl=1\" alt=\"\" class=\"wp-image-211\" srcset=\"https:\/\/i0.wp.com\/minutobahia24h.com.br\/wp-content\/uploads\/2023\/09\/luz-2.jpg?w=789&amp;ssl=1 789w, https:\/\/i0.wp.com\/minutobahia24h.com.br\/wp-content\/uploads\/2023\/09\/luz-2.jpg?resize=300%2C184&amp;ssl=1 300w, https:\/\/i0.wp.com\/minutobahia24h.com.br\/wp-content\/uploads\/2023\/09\/luz-2.jpg?resize=768%2C470&amp;ssl=1 768w, https:\/\/i0.wp.com\/minutobahia24h.com.br\/wp-content\/uploads\/2023\/09\/luz-2.jpg?resize=750%2C459&amp;ssl=1 750w\" sizes=\"(max-width: 789px) 100vw, 789px\" \/><figcaption class=\"wp-element-caption\">Fonte: IBGE<br><\/figcaption><\/figure>\n<\/div>\n\n\n<h2 class=\"wp-block-heading\">INPC tem alta de 0,20% em agosto<\/h2>\n\n\n\n<p>O \u00cdndice Nacional de Pre\u00e7os ao Consumidor (INPC) \u2014 que \u00e9 usado como refer\u00eancia para reajustes do sal\u00e1rio m\u00ednimo, pois calcula a infla\u00e7\u00e3o para fam\u00edlias com renda mais baixa \u2014 teve alta de 0,20% em agosto. Em julho, houve queda foi de 0,09%.<\/p>\n\n\n\n<p>Assim, o INPC acumula alta de 2,80% no ano e de 4,06% nos \u00faltimos 12 meses. Em agosto de 2022, a taxa foi de -0,31%.<\/p>\n\n\n\n<p>&#8220;Os produtos aliment\u00edcios apresentaram varia\u00e7\u00e3o de -0,91% em agosto, ap\u00f3s queda de 0,59% em julho. Nos produtos n\u00e3o aliment\u00edcios, foi registrada alta de 0,56%, acima do resultado de 0,07% observado em julho&#8221;, destaca o IBGE.<\/p>\n\n\n\n<p>G1<\/p>\n","protected":false},"excerpt":{"rendered":"<p>O \u00cdndice Nacional de Pre\u00e7os ao Consumidor Amplo (IPCA), indicador considerado a infla\u00e7\u00e3o oficial do pa\u00eds, subiu 0,23% em agosto, segundo dados divulgados nesta ter\u00e7a-feira (12) pelo Instituto Brasileiro de Geografia e Estat\u00edstica (IBGE). O indicador voltou a acelerar em rela\u00e7\u00e3o ao m\u00eas anterior, puxado desta vez por um aumento da energia el\u00e9trica residencial (4,59% [&hellip;]<\/p>\n","protected":false},"author":2,"featured_media":209,"comment_status":"open","ping_status":"open","sticky":false,"template":"","format":"standard","meta":{"_jetpack_memberships_contains_paid_content":false,"footnotes":""},"categories":[19,2],"tags":[],"class_list":["post-207","post","type-post","status-publish","format-standard","has-post-thumbnail","hentry","category-economia","category-nacional"],"aioseo_notices":[],"jetpack_featured_media_url":"https:\/\/i0.wp.com\/minutobahia24h.com.br\/wp-content\/uploads\/2023\/09\/energiacara-eletrobras-bolsonaro.jpeg?fit=800%2C522&ssl=1","jetpack_sharing_enabled":true,"_links":{"self":[{"href":"https:\/\/minutobahia24h.com.br\/index.php?rest_route=\/wp\/v2\/posts\/207","targetHints":{"allow":["GET"]}}],"collection":[{"href":"https:\/\/minutobahia24h.com.br\/index.php?rest_route=\/wp\/v2\/posts"}],"about":[{"href":"https:\/\/minutobahia24h.com.br\/index.php?rest_route=\/wp\/v2\/types\/post"}],"author":[{"embeddable":true,"href":"https:\/\/minutobahia24h.com.br\/index.php?rest_route=\/wp\/v2\/users\/2"}],"replies":[{"embeddable":true,"href":"https:\/\/minutobahia24h.com.br\/index.php?rest_route=%2Fwp%2Fv2%2Fcomments&post=207"}],"version-history":[{"count":1,"href":"https:\/\/minutobahia24h.com.br\/index.php?rest_route=\/wp\/v2\/posts\/207\/revisions"}],"predecessor-version":[{"id":212,"href":"https:\/\/minutobahia24h.com.br\/index.php?rest_route=\/wp\/v2\/posts\/207\/revisions\/212"}],"wp:featuredmedia":[{"embeddable":true,"href":"https:\/\/minutobahia24h.com.br\/index.php?rest_route=\/wp\/v2\/media\/209"}],"wp:attachment":[{"href":"https:\/\/minutobahia24h.com.br\/index.php?rest_route=%2Fwp%2Fv2%2Fmedia&parent=207"}],"wp:term":[{"taxonomy":"category","embeddable":true,"href":"https:\/\/minutobahia24h.com.br\/index.php?rest_route=%2Fwp%2Fv2%2Fcategories&post=207"},{"taxonomy":"post_tag","embeddable":true,"href":"https:\/\/minutobahia24h.com.br\/index.php?rest_route=%2Fwp%2Fv2%2Ftags&post=207"}],"curies":[{"name":"wp","href":"https:\/\/api.w.org\/{rel}","templated":true}]}}