{"id":20636,"date":"2024-12-13T07:06:04","date_gmt":"2024-12-13T10:06:04","guid":{"rendered":"https:\/\/minutobahia24h.com.br\/?p=20636"},"modified":"2024-12-13T07:06:06","modified_gmt":"2024-12-13T10:06:06","slug":"ate-domingo-15-5o-bonfim-moto-fest-movimenta-a-cidade-com-atracoes-musicais-e-confraternizacao-de-motociclistas","status":"publish","type":"post","link":"https:\/\/minutobahia24h.com.br\/?p=20636","title":{"rendered":"At\u00e9 domingo (15), 5\u00ba Bonfim Moto Fest movimenta a cidade com atra\u00e7\u00f5es musicais e confraterniza\u00e7\u00e3o de motociclistas"},"content":{"rendered":"<div class=\"wp-block-image\">\n<figure class=\"aligncenter size-full is-resized\"><img data-recalc-dims=\"1\" fetchpriority=\"high\" decoding=\"async\" width=\"320\" height=\"210\" src=\"https:\/\/i0.wp.com\/minutobahia24h.com.br\/wp-content\/uploads\/2024\/12\/Sem-titulo-180.jpg?resize=320%2C210&#038;ssl=1\" alt=\"\" class=\"wp-image-20637\" style=\"width:439px;height:auto\" srcset=\"https:\/\/i0.wp.com\/minutobahia24h.com.br\/wp-content\/uploads\/2024\/12\/Sem-titulo-180.jpg?w=320&amp;ssl=1 320w, https:\/\/i0.wp.com\/minutobahia24h.com.br\/wp-content\/uploads\/2024\/12\/Sem-titulo-180.jpg?resize=300%2C197&amp;ssl=1 300w\" sizes=\"(max-width: 320px) 100vw, 320px\" \/><\/figure>\n<\/div>\n\n\n<p>Senhor do Bonfim est\u00e1 sendo palco da quinta edi\u00e7\u00e3o do Bonfim Moto Fest, que come\u00e7ou nesta quinta-feira (12) e vai at\u00e9 o pr\u00f3ximo domingo (15), um dos maiores eventos de motociclistas da regi\u00e3o, organizado pelo Moto Clube Lobos Solit\u00e1rios, em parceria com a Prefeitura Municipal. O encontro promete movimentar a cidade com shows, integra\u00e7\u00e3o e celebra\u00e7\u00e3o, encerrando com chave de ouro o calend\u00e1rio anual dos motociclistas.<\/p>\n\n\n\n<p>O prefeito La\u00e9rcio J\u00fanior celebrou a realiza\u00e7\u00e3o do evento e o impacto positivo para o munic\u00edpio. \u201cEstamos felizes em apoiar mais uma edi\u00e7\u00e3o do Bonfim Moto Fest. Este evento refor\u00e7a o papel de Senhor do Bonfim como um importante centro de eventos e atrai visitantes, gerando renda e promovendo a nossa cidade. \u00c9 um momento de celebra\u00e7\u00e3o e uni\u00e3o que, com certeza, marcar\u00e1 o fim do ano de forma especial\u201d, afirmou o gestor.<\/p>\n\n\n\n<p>A programa\u00e7\u00e3o come\u00e7a na quinta-feira (12), com a recep\u00e7\u00e3o dos primeiros motociclistas na Pra\u00e7a Nova. No dia 13, acontece a abertura oficial do evento, que contar\u00e1 com apresenta\u00e7\u00f5es de artistas renomados como Doctor Five, Instinto Sonante, Time e Renato Marinho, garantindo m\u00fasica de qualidade e muita anima\u00e7\u00e3o. J\u00e1 no s\u00e1bado (14), o encerramento ter\u00e1 como grande destaque a banda Ad\u00e3o Negro, um \u00edcone do reggae nacional.<\/p>\n\n\n\n<p>O evento tamb\u00e9m integra a programa\u00e7\u00e3o do Natal Iluminado, trazendo ainda mais brilho e energia \u00e0s noites bonfinenses. Para o presidente do Moto Clube Lobos Solit\u00e1rios, Alexandre, o Bonfim Moto Fest \u00e9 mais do que um encontro de motociclistas. \u201c\u00c9 uma grande confraterniza\u00e7\u00e3o que une pessoas de diferentes cidades e estados em torno da paix\u00e3o pelas motos. Al\u00e9m disso, \u00e9 uma oportunidade de fortalecer o turismo e a economia local, contribuindo diretamente para o desenvolvimento de Senhor do Bonfim\u201d, destacou.<\/p>\n\n\n\n<p>Bonfim Moto Fest<\/p>\n\n\n\n<p>\u00c9 um convite para todos os amantes de motocicletas e m\u00fasica. Com entrada gratuita e uma programa\u00e7\u00e3o rica, o evento promete atrair turistas e moradores para noites inesquec\u00edveis na Pra\u00e7a Nova.<\/p>\n\n\n\n<p>Programa\u00e7\u00e3o<\/p>\n\n\n\n<p>12\/12 \u2013 Quinta-Feira<\/p>\n\n\n\n<p>8h \u00e0s 18h \u2013 Recep\u00e7\u00e3o aos primeiros motociclistas<\/p>\n\n\n\n<p>13\/12 \u2013 Sexta-feira<\/p>\n\n\n\n<p>7h30 \u00e0s 17h45 \u2013 Recep\u00e7\u00e3o de motociclistas<\/p>\n\n\n\n<p>18h \u2013 Show com Doctor five<\/p>\n\n\n\n<p>20h \u2013 Show com Instinto de sonante<\/p>\n\n\n\n<p>22h \u2013 Show com Time<\/p>\n\n\n\n<p>00h30 \u2013 Show com Renato Marinho<\/p>\n\n\n\n<p>14\/12 \u2013 S\u00e1bado<\/p>\n\n\n\n<p>7h30 \u00e0s 12h \u2013 Recep\u00e7\u00e3o de motociclistas<\/p>\n\n\n\n<p>18h \u2013 Show com Super Nova<\/p>\n\n\n\n<p>20h \u2013 Show com Charly Brown<\/p>\n\n\n\n<p>22h \u2013 Show com Ad\u00e3o Negro<\/p>\n\n\n\n<p>00h \u2013 Show com 80 na Pista<\/p>\n\n\n\n<p>15\/12 \u2013 Domingo<\/p>\n\n\n\n<p>7h \u00e0s 10h30 \u2013 Caf\u00e9 da manh\u00e3 de despedida<\/p>\n\n\n\n<p>\u2013<\/p>\n\n\n\n<p>nonatonoticias<\/p>\n","protected":false},"excerpt":{"rendered":"<p>Senhor do Bonfim est\u00e1 sendo palco da quinta edi\u00e7\u00e3o do Bonfim Moto Fest, que come\u00e7ou nesta quinta-feira (12) e vai at\u00e9 o pr\u00f3ximo domingo (15), um dos maiores eventos de motociclistas da regi\u00e3o, organizado pelo Moto Clube Lobos Solit\u00e1rios, em parceria com a Prefeitura Municipal. O encontro promete movimentar a cidade com shows, integra\u00e7\u00e3o e [&hellip;]<\/p>\n","protected":false},"author":2,"featured_media":20637,"comment_status":"open","ping_status":"open","sticky":false,"template":"","format":"standard","meta":{"_jetpack_memberships_contains_paid_content":false,"footnotes":""},"categories":[3],"tags":[],"class_list":["post-20636","post","type-post","status-publish","format-standard","has-post-thumbnail","hentry","category-regional"],"aioseo_notices":[],"jetpack_featured_media_url":"https:\/\/i0.wp.com\/minutobahia24h.com.br\/wp-content\/uploads\/2024\/12\/Sem-titulo-180.jpg?fit=320%2C210&ssl=1","jetpack_sharing_enabled":true,"_links":{"self":[{"href":"https:\/\/minutobahia24h.com.br\/index.php?rest_route=\/wp\/v2\/posts\/20636","targetHints":{"allow":["GET"]}}],"collection":[{"href":"https:\/\/minutobahia24h.com.br\/index.php?rest_route=\/wp\/v2\/posts"}],"about":[{"href":"https:\/\/minutobahia24h.com.br\/index.php?rest_route=\/wp\/v2\/types\/post"}],"author":[{"embeddable":true,"href":"https:\/\/minutobahia24h.com.br\/index.php?rest_route=\/wp\/v2\/users\/2"}],"replies":[{"embeddable":true,"href":"https:\/\/minutobahia24h.com.br\/index.php?rest_route=%2Fwp%2Fv2%2Fcomments&post=20636"}],"version-history":[{"count":1,"href":"https:\/\/minutobahia24h.com.br\/index.php?rest_route=\/wp\/v2\/posts\/20636\/revisions"}],"predecessor-version":[{"id":20638,"href":"https:\/\/minutobahia24h.com.br\/index.php?rest_route=\/wp\/v2\/posts\/20636\/revisions\/20638"}],"wp:featuredmedia":[{"embeddable":true,"href":"https:\/\/minutobahia24h.com.br\/index.php?rest_route=\/wp\/v2\/media\/20637"}],"wp:attachment":[{"href":"https:\/\/minutobahia24h.com.br\/index.php?rest_route=%2Fwp%2Fv2%2Fmedia&parent=20636"}],"wp:term":[{"taxonomy":"category","embeddable":true,"href":"https:\/\/minutobahia24h.com.br\/index.php?rest_route=%2Fwp%2Fv2%2Fcategories&post=20636"},{"taxonomy":"post_tag","embeddable":true,"href":"https:\/\/minutobahia24h.com.br\/index.php?rest_route=%2Fwp%2Fv2%2Ftags&post=20636"}],"curies":[{"name":"wp","href":"https:\/\/api.w.org\/{rel}","templated":true}]}}