{"id":20633,"date":"2024-12-13T07:03:32","date_gmt":"2024-12-13T10:03:32","guid":{"rendered":"https:\/\/minutobahia24h.com.br\/?p=20633"},"modified":"2024-12-13T07:03:34","modified_gmt":"2024-12-13T10:03:34","slug":"motorista-perde-controle-do-veiculo-e-invade-matagal-em-itiuba","status":"publish","type":"post","link":"https:\/\/minutobahia24h.com.br\/?p=20633","title":{"rendered":"Motorista perde controle do ve\u00edculo e invade matagal em Iti\u00faba"},"content":{"rendered":"<div class=\"wp-block-image\">\n<figure class=\"aligncenter size-full\"><img data-recalc-dims=\"1\" fetchpriority=\"high\" decoding=\"async\" width=\"318\" height=\"320\" src=\"https:\/\/i0.wp.com\/minutobahia24h.com.br\/wp-content\/uploads\/2024\/12\/Sem-titulo-179.jpg?resize=318%2C320&#038;ssl=1\" alt=\"\" class=\"wp-image-20634\" srcset=\"https:\/\/i0.wp.com\/minutobahia24h.com.br\/wp-content\/uploads\/2024\/12\/Sem-titulo-179.jpg?w=318&amp;ssl=1 318w, https:\/\/i0.wp.com\/minutobahia24h.com.br\/wp-content\/uploads\/2024\/12\/Sem-titulo-179.jpg?resize=298%2C300&amp;ssl=1 298w, https:\/\/i0.wp.com\/minutobahia24h.com.br\/wp-content\/uploads\/2024\/12\/Sem-titulo-179.jpg?resize=150%2C150&amp;ssl=1 150w, https:\/\/i0.wp.com\/minutobahia24h.com.br\/wp-content\/uploads\/2024\/12\/Sem-titulo-179.jpg?resize=75%2C75&amp;ssl=1 75w\" sizes=\"(max-width: 318px) 100vw, 318px\" \/><\/figure>\n<\/div>\n\n\n<p>Um acidente ocorreu na BA 381, sa\u00edda de Iti\u00faba, sentido Cansan\u00e7\u00e3o, antes da ladeira da Cal\u00e7ada de Pedra, quando um motorista perdeu o controle de seu ve\u00edculo e invadiu um matagal pr\u00f3ximo. O acidente ocorreu nesta quinta feira, 12, por volta das 16:30. Segundo testemunhas, o ve\u00edculo VW\/Voyage, cor prata, saiu da pista e adentrou no matagal, ficando bastante avariado.<\/p>\n\n\n\n<p>Equipe do SAMU 192, esteve no local e prestou os primeiros atendimentos ao condutor do ve\u00edculo o Sr Carlos Oliveira da Silva, conhecido como Carlito, que \u00e9 morador do Povoado de Morcego, e em seguida encaminhou ao Hospital Municipal de Iti\u00faba.<\/p>\n\n\n\n<p>Fonte: Press\u00e3o Popular&nbsp;<\/p>\n\n\n\n<p>Reportagem: Chagas Vieira DRT 7.604\/DF<\/p>\n","protected":false},"excerpt":{"rendered":"<p>Um acidente ocorreu na BA 381, sa\u00edda de Iti\u00faba, sentido Cansan\u00e7\u00e3o, antes da ladeira da Cal\u00e7ada de Pedra, quando um motorista perdeu o controle de seu ve\u00edculo e invadiu um matagal pr\u00f3ximo. O acidente ocorreu nesta quinta feira, 12, por volta das 16:30. Segundo testemunhas, o ve\u00edculo VW\/Voyage, cor prata, saiu da pista e adentrou [&hellip;]<\/p>\n","protected":false},"author":2,"featured_media":20634,"comment_status":"open","ping_status":"open","sticky":false,"template":"","format":"standard","meta":{"_jetpack_memberships_contains_paid_content":false,"footnotes":""},"categories":[3],"tags":[],"class_list":["post-20633","post","type-post","status-publish","format-standard","has-post-thumbnail","hentry","category-regional"],"aioseo_notices":[],"jetpack_featured_media_url":"https:\/\/i0.wp.com\/minutobahia24h.com.br\/wp-content\/uploads\/2024\/12\/Sem-titulo-179.jpg?fit=318%2C320&ssl=1","jetpack_sharing_enabled":true,"_links":{"self":[{"href":"https:\/\/minutobahia24h.com.br\/index.php?rest_route=\/wp\/v2\/posts\/20633","targetHints":{"allow":["GET"]}}],"collection":[{"href":"https:\/\/minutobahia24h.com.br\/index.php?rest_route=\/wp\/v2\/posts"}],"about":[{"href":"https:\/\/minutobahia24h.com.br\/index.php?rest_route=\/wp\/v2\/types\/post"}],"author":[{"embeddable":true,"href":"https:\/\/minutobahia24h.com.br\/index.php?rest_route=\/wp\/v2\/users\/2"}],"replies":[{"embeddable":true,"href":"https:\/\/minutobahia24h.com.br\/index.php?rest_route=%2Fwp%2Fv2%2Fcomments&post=20633"}],"version-history":[{"count":1,"href":"https:\/\/minutobahia24h.com.br\/index.php?rest_route=\/wp\/v2\/posts\/20633\/revisions"}],"predecessor-version":[{"id":20635,"href":"https:\/\/minutobahia24h.com.br\/index.php?rest_route=\/wp\/v2\/posts\/20633\/revisions\/20635"}],"wp:featuredmedia":[{"embeddable":true,"href":"https:\/\/minutobahia24h.com.br\/index.php?rest_route=\/wp\/v2\/media\/20634"}],"wp:attachment":[{"href":"https:\/\/minutobahia24h.com.br\/index.php?rest_route=%2Fwp%2Fv2%2Fmedia&parent=20633"}],"wp:term":[{"taxonomy":"category","embeddable":true,"href":"https:\/\/minutobahia24h.com.br\/index.php?rest_route=%2Fwp%2Fv2%2Fcategories&post=20633"},{"taxonomy":"post_tag","embeddable":true,"href":"https:\/\/minutobahia24h.com.br\/index.php?rest_route=%2Fwp%2Fv2%2Ftags&post=20633"}],"curies":[{"name":"wp","href":"https:\/\/api.w.org\/{rel}","templated":true}]}}