{"id":20551,"date":"2024-12-11T14:27:03","date_gmt":"2024-12-11T17:27:03","guid":{"rendered":"https:\/\/minutobahia24h.com.br\/?p=20551"},"modified":"2024-12-11T14:27:05","modified_gmt":"2024-12-11T17:27:05","slug":"alistamento-militar-feminino-comeca-em-1-de-janeiro-veja-detalhes","status":"publish","type":"post","link":"https:\/\/minutobahia24h.com.br\/?p=20551","title":{"rendered":"Alistamento militar feminino come\u00e7a em 1\u00b0 de janeiro; veja detalhes"},"content":{"rendered":"<div class=\"wp-block-image\">\n<figure class=\"aligncenter size-full\"><img data-recalc-dims=\"1\" fetchpriority=\"high\" decoding=\"async\" width=\"800\" height=\"533\" src=\"https:\/\/i0.wp.com\/minutobahia24h.com.br\/wp-content\/uploads\/2024\/12\/Sem-titulo-155.jpg?resize=800%2C533&#038;ssl=1\" alt=\"\" class=\"wp-image-20552\" srcset=\"https:\/\/i0.wp.com\/minutobahia24h.com.br\/wp-content\/uploads\/2024\/12\/Sem-titulo-155.jpg?w=984&amp;ssl=1 984w, https:\/\/i0.wp.com\/minutobahia24h.com.br\/wp-content\/uploads\/2024\/12\/Sem-titulo-155.jpg?resize=300%2C200&amp;ssl=1 300w, https:\/\/i0.wp.com\/minutobahia24h.com.br\/wp-content\/uploads\/2024\/12\/Sem-titulo-155.jpg?resize=768%2C512&amp;ssl=1 768w, https:\/\/i0.wp.com\/minutobahia24h.com.br\/wp-content\/uploads\/2024\/12\/Sem-titulo-155.jpg?resize=750%2C500&amp;ssl=1 750w\" sizes=\"(max-width: 800px) 100vw, 800px\" \/><figcaption class=\"wp-element-caption\">Cadetes na Escola de Prepara\u00e7\u00e3o do Ex\u00e9rcito (ESPCEX), em imagem de arquivo \u2014 Foto: Reprodu\u00e7\u00e3o\/ESPECEX<br><br><\/figcaption><\/figure>\n<\/div>\n\n\n<p>O Minist\u00e9rio da Defesa anunciou nesta quarta-feira (11) que mulheres que completarem 18 anos em 2025 poder\u00e3o, de 1\u00ba de janeiro a 30 de junho, realizar o alistamento militar volunt\u00e1rio. A iniciativa \u00e9 pioneira nas For\u00e7as Armadas e deve ofertar cerca de 1,5 mil vagas em 28 munic\u00edpios de 13 estados e no Distrito Federal \u2013 155 vagas na Marinha, 1.010 no Ex\u00e9rcito e 300 na Aeron\u00e1utica.<\/p>\n\n\n\n<p>At\u00e9 agora, o alistamento aos 18 anos ainda era restrito aos homens \u2013 convocados ou volunt\u00e1rios. As novas regras que permitiram que mulheres tamb\u00e9m se voluntariem nessa idade foram publicadas em 28 de agosto.<\/p>\n\n\n\n<p>&#8220;Vai trazer \u00e0s mulheres essa possibilidade de compor a for\u00e7a de trabalho, eu diria at\u00e9 de qualificar ainda mais a for\u00e7a de trabalho que ingressa voluntariamente \u00e0s For\u00e7as. [&#8230;] Elas v\u00e3o poder entrar e conhecer as For\u00e7as, e participar de todo esse processo que implica em uma transforma\u00e7\u00e3o social, uma transforma\u00e7\u00e3o do car\u00e1ter da cidad\u00e3&#8221;, diz o subchefe de Mobiliza\u00e7\u00e3o da Defesa, contra-almirante Andr\u00e9 Gustavo Guimar\u00e3es.<\/p>\n\n\n\n<p>As candidatas&nbsp;<a class=\"\" href=\"https:\/\/alistamento.eb.mil.br\/\" target=\"_blank\" rel=\"noreferrer noopener\">poder\u00e3o se alistar pela internet<\/a>&nbsp;ou presencialmente em uma Junta de Servi\u00e7o Militar (<strong>veja cidades abaixo<\/strong>).<\/p>\n\n\n\n<h2 class=\"wp-block-heading\">Crit\u00e9rios de alistamento<\/h2>\n\n\n\n<p>Para o alistamento volunt\u00e1rio, \u00e9 preciso que as candidatas preencham&nbsp;<strong>dois crit\u00e9rios<\/strong>:<\/p>\n\n\n\n<ul class=\"wp-block-list\">\n<li>residir em um dos munic\u00edpios contemplados no Plano Geral de Convoca\u00e7\u00e3o;<\/li>\n\n\n\n<li>completar 18 anos em 2025 (ou seja, ter nascido em 2007).<\/li>\n<\/ul>\n\n\n\n<p><strong>Entre os documentos solicitados est\u00e3o:<\/strong><\/p>\n\n\n\n<ul class=\"wp-block-list\">\n<li>certid\u00e3o de nascimento ou prova de naturaliza\u00e7\u00e3o;<\/li>\n\n\n\n<li>comprovante de resid\u00eancia;<\/li>\n\n\n\n<li>documento oficial com foto, como identidade ou carteira de trabalho.<\/li>\n<\/ul>\n\n\n\n<p><\/p>\n","protected":false},"excerpt":{"rendered":"<p>O Minist\u00e9rio da Defesa anunciou nesta quarta-feira (11) que mulheres que completarem 18 anos em 2025 poder\u00e3o, de 1\u00ba de janeiro a 30 de junho, realizar o alistamento militar volunt\u00e1rio. A iniciativa \u00e9 pioneira nas For\u00e7as Armadas e deve ofertar cerca de 1,5 mil vagas em 28 munic\u00edpios de 13 estados e no Distrito Federal [&hellip;]<\/p>\n","protected":false},"author":2,"featured_media":20552,"comment_status":"open","ping_status":"open","sticky":false,"template":"","format":"standard","meta":{"_jetpack_memberships_contains_paid_content":false,"footnotes":""},"categories":[39],"tags":[],"class_list":["post-20551","post","type-post","status-publish","format-standard","has-post-thumbnail","hentry","category-politica"],"aioseo_notices":[],"jetpack_featured_media_url":"https:\/\/i0.wp.com\/minutobahia24h.com.br\/wp-content\/uploads\/2024\/12\/Sem-titulo-155.jpg?fit=984%2C656&ssl=1","jetpack_sharing_enabled":true,"_links":{"self":[{"href":"https:\/\/minutobahia24h.com.br\/index.php?rest_route=\/wp\/v2\/posts\/20551","targetHints":{"allow":["GET"]}}],"collection":[{"href":"https:\/\/minutobahia24h.com.br\/index.php?rest_route=\/wp\/v2\/posts"}],"about":[{"href":"https:\/\/minutobahia24h.com.br\/index.php?rest_route=\/wp\/v2\/types\/post"}],"author":[{"embeddable":true,"href":"https:\/\/minutobahia24h.com.br\/index.php?rest_route=\/wp\/v2\/users\/2"}],"replies":[{"embeddable":true,"href":"https:\/\/minutobahia24h.com.br\/index.php?rest_route=%2Fwp%2Fv2%2Fcomments&post=20551"}],"version-history":[{"count":1,"href":"https:\/\/minutobahia24h.com.br\/index.php?rest_route=\/wp\/v2\/posts\/20551\/revisions"}],"predecessor-version":[{"id":20553,"href":"https:\/\/minutobahia24h.com.br\/index.php?rest_route=\/wp\/v2\/posts\/20551\/revisions\/20553"}],"wp:featuredmedia":[{"embeddable":true,"href":"https:\/\/minutobahia24h.com.br\/index.php?rest_route=\/wp\/v2\/media\/20552"}],"wp:attachment":[{"href":"https:\/\/minutobahia24h.com.br\/index.php?rest_route=%2Fwp%2Fv2%2Fmedia&parent=20551"}],"wp:term":[{"taxonomy":"category","embeddable":true,"href":"https:\/\/minutobahia24h.com.br\/index.php?rest_route=%2Fwp%2Fv2%2Fcategories&post=20551"},{"taxonomy":"post_tag","embeddable":true,"href":"https:\/\/minutobahia24h.com.br\/index.php?rest_route=%2Fwp%2Fv2%2Ftags&post=20551"}],"curies":[{"name":"wp","href":"https:\/\/api.w.org\/{rel}","templated":true}]}}