{"id":2035,"date":"2023-10-10T15:16:15","date_gmt":"2023-10-10T18:16:15","guid":{"rendered":"https:\/\/minutobahia24h.com.br\/?p=2035"},"modified":"2023-10-10T15:16:16","modified_gmt":"2023-10-10T18:16:16","slug":"aviao-da-fab-decola-de-israel-com-brasileiros-resgatados-voo-deve-chegar-a-brasilia-na-madrugada","status":"publish","type":"post","link":"https:\/\/minutobahia24h.com.br\/?p=2035","title":{"rendered":"Avi\u00e3o da FAB decola de Israel com brasileiros resgatados; voo deve chegar a Bras\u00edlia na madrugada"},"content":{"rendered":"<div class=\"wp-block-image\">\n<figure class=\"aligncenter size-full\"><img data-recalc-dims=\"1\" fetchpriority=\"high\" decoding=\"async\" width=\"800\" height=\"455\" src=\"https:\/\/i0.wp.com\/minutobahia24h.com.br\/wp-content\/uploads\/2023\/10\/Sem-titulo-75.jpg?resize=800%2C455&#038;ssl=1\" alt=\"\" class=\"wp-image-2037\" srcset=\"https:\/\/i0.wp.com\/minutobahia24h.com.br\/wp-content\/uploads\/2023\/10\/Sem-titulo-75.jpg?w=984&amp;ssl=1 984w, https:\/\/i0.wp.com\/minutobahia24h.com.br\/wp-content\/uploads\/2023\/10\/Sem-titulo-75.jpg?resize=300%2C171&amp;ssl=1 300w, https:\/\/i0.wp.com\/minutobahia24h.com.br\/wp-content\/uploads\/2023\/10\/Sem-titulo-75.jpg?resize=768%2C437&amp;ssl=1 768w, https:\/\/i0.wp.com\/minutobahia24h.com.br\/wp-content\/uploads\/2023\/10\/Sem-titulo-75.jpg?resize=750%2C427&amp;ssl=1 750w\" sizes=\"(max-width: 800px) 100vw, 800px\" \/><figcaption class=\"wp-element-caption\">1\u00ba voo da FAB com brasileiros se prepara para deixar Israel \u2014 Foto: Reprodu\u00e7\u00e3o\/GloboNews<br><\/figcaption><\/figure>\n<\/div>\n\n\n<p>O primeiro voo com brasileiros resgatados pela For\u00e7a A\u00e9rea Brasileira (FAB) nas \u00e1reas de conflito em\u00a0<a class=\"\" href=\"https:\/\/g1.globo.com\/tudo-sobre\/israel\/\">Israel<\/a>\u00a0decolou do aeroporto internacional de Tel Aviv nesta ter\u00e7a-feira (10). Segundo o Minist\u00e9rio das Rela\u00e7\u00f5es Exteriores (MRE), a aeronave KC-30, com 211 passageiros, levantou voo \u00e0s 20h12 no hor\u00e1rio local (14h12 no hor\u00e1rio de Bras\u00edlia).<\/p>\n\n\n\n<p>O avi\u00e3o far\u00e1 um voo direto, sem escalas, e deve pousar em Bras\u00edlia \u00e0s 4h desta quarta (11). A lista de passageiros n\u00e3o foi divulgada por raz\u00f5es de seguran\u00e7a. Segundo o Itamaraty, est\u00e3o previstos mais cinco voos at\u00e9 o pr\u00f3ximo domingo (15).<\/p>\n\n\n\n<p>A&nbsp;<strong>GloboNews<\/strong>&nbsp;apurou que o governo deu prioridade a fam\u00edlias com crian\u00e7as, idosos, pessoas com defici\u00eancia ou enfermos. O Minist\u00e9rio das Rela\u00e7\u00f5es Exteriores tamb\u00e9m monitora se brasileiros com passagem comprada est\u00e3o conseguindo embarcar nos voos comerciais para deixar Israel.<\/p>\n\n\n\n<figure class=\"wp-block-image\"><img data-recalc-dims=\"1\" decoding=\"async\" src=\"https:\/\/i0.wp.com\/s2-g1.glbimg.com\/zxlVI-4t4mv6C-JuNqj4F-8-qG0%3D\/0x0%3A1200x1527\/984x0\/smart\/filters%3Astrip_icc%28%29\/i.s3.glbimg.com\/v1\/AUTH_59edd422c0c84a879bd37670ae4f538a\/internal_photos\/bs\/2023\/9\/W\/xhaWHPQAW0ARXRJxkqsw\/10-10-23-primeiro-voo-vindo-de-israel.jpg?w=800&#038;ssl=1\" alt=\"Resgate de brasileiros: primeiro voo da FAB sai de Israel nesta ter\u00e7a-feira \u2014 Foto: Arte\/g1\"\/><\/figure>\n\n\n\n<p>Resgate de brasileiros: primeiro voo da FAB sai de Israel nesta ter\u00e7a-feira \u2014 Foto: Arte\/g1<\/p>\n\n\n\n<h2 class=\"wp-block-heading\">Ajustes<\/h2>\n\n\n\n<p>Inicialmente, a previs\u00e3o era de que o voo pousaria na Base A\u00e9rea de Bras\u00edlia \u00e0 1h desta quarta. No entanto, houve um atraso que interferiu no hor\u00e1rio da chegada.<\/p>\n\n\n\n<p>O avi\u00e3o decolou \u00e0s 14h12 (hor\u00e1rio de Bras\u00edlia) de Tel Aviv, mas a previs\u00e3o inicial era decolar \u00e0s 12h (hor\u00e1rio de Bras\u00edlia).<\/p>\n\n\n\n<p>O segundo voo deve chegar na noite desta quarta-feira, mas no aeroporto do Gale\u00e3o (RJ).<\/p>\n\n\n\n<h2 class=\"wp-block-heading\">Cronograma<\/h2>\n\n\n\n<p>No domingo (8), o governo brasileiro informou que havia seis aeronaves prontas para a repatria\u00e7\u00e3o dos brasileiros.<\/p>\n\n\n\n<p>At\u00e9 o momento, no entanto,&nbsp;<strong>ser\u00e3o priorizados os voos das duas aeronaves KC-30<\/strong>&nbsp;\u2013 os maiores avi\u00f5es da FAB, com capacidade para mais passageiros e maior autonomia de voo.<\/p>\n\n\n\n<figure class=\"wp-block-image\"><img data-recalc-dims=\"1\" decoding=\"async\" src=\"https:\/\/i0.wp.com\/s2-g1.glbimg.com\/VHE4oQwnxp76Y0SipvyzEtAfU6A%3D\/0x0%3A1600x900\/984x0\/smart\/filters%3Astrip_icc%28%29\/i.s3.glbimg.com\/v1\/AUTH_59edd422c0c84a879bd37670ae4f538a\/internal_photos\/bs\/2023\/W\/O\/XMLkSxSCWJhDCBvvLPKA\/whatsapp-image-2023-10-10-at-10.07.44-2-.jpeg?w=800&#038;ssl=1\" alt=\"Avi\u00e3o KC-30, da FAB, no p\u00e1tio do Aeroporto Internacional de Tel Aviv \u2014 Foto: Frederico Meyer\/Arquivo Pessoal\"\/><\/figure>\n\n\n\n<p>Avi\u00e3o KC-30, da FAB, no p\u00e1tio do Aeroporto Internacional de Tel Aviv \u2014 Foto: Frederico Meyer\/Arquivo Pessoal<\/p>\n\n\n\n<p>O cronograma prev\u00ea&nbsp;<strong>partidas di\u00e1rias a partir de Tel Aviv, de ter\u00e7a a s\u00e1bado (14) \u2013 sempre, \u00e0s 18h no hor\u00e1rio local (12h em Bras\u00edlia)<\/strong>.<\/p>\n\n\n\n<p><strong>Veja abaixo os dados de cada voo previsto, por data:<\/strong><\/p>\n\n\n\n<ul class=\"wp-block-list\">\n<li><strong>Ter\u00e7a-feira (10):&nbsp;<\/strong>avi\u00e3o KC-30, com at\u00e9&nbsp;<strong>210 passageiros<\/strong>. Faz voo sem escalas e pousa \u00e0 1h de quarta-feira (11) em Bras\u00edlia.<\/li>\n\n\n\n<li><strong>Quarta-feira (11):<\/strong><strong>&nbsp;<\/strong>avi\u00e3o KC-30, com at\u00e9&nbsp;<strong>210 passageiros<\/strong>. Faz voo sem escalas e pousa \u00e0s 23h do mesmo dia no Gale\u00e3o, no Rio.<\/li>\n\n\n\n<li><strong>Quinta-feira (12):<\/strong><strong>&nbsp;<\/strong>avi\u00e3o KC-390, com at\u00e9&nbsp;<strong>60 passageiros<\/strong>. Faz paradas em Lisboa (Portugal), na Ilha do Sal (Cabo Verde) e no Recife, e depois desembarca \u00e0s 11h de sexta (13) em Guarulhos (SP).<\/li>\n\n\n\n<li><strong>Sexta-feira (13):<\/strong><strong>&nbsp;<\/strong>avi\u00e3o KC-30, com at\u00e9&nbsp;<strong>210 passageiros<\/strong>. Faz voo sem escalas e pousa \u00e0s 23h do mesmo dia no Gale\u00e3o, no Rio.<\/li>\n\n\n\n<li><strong>S\u00e1bado (14):<\/strong>&nbsp;avi\u00e3o KC-30, com at\u00e9&nbsp;<strong>210 passageiros<\/strong>. Faz voo sem escalas e pousa \u00e0s 23h do mesmo dia no Gale\u00e3o, no Rio.<\/li>\n<\/ul>\n\n\n\n<figure class=\"wp-block-image\"><img data-recalc-dims=\"1\" decoding=\"async\" src=\"https:\/\/i0.wp.com\/s2-g1.glbimg.com\/CICN6HhncBJe55gyRxXZZJjFrrA%3D\/0x0%3A1792x1080\/984x0\/smart\/filters%3Astrip_icc%28%29\/i.s3.glbimg.com\/v1\/AUTH_59edd422c0c84a879bd37670ae4f538a\/internal_photos\/bs\/2023\/d\/K\/5nTYDoQ4WusBaAqot9sw\/microsoftteams-image-6-.png?w=800&#038;ssl=1\" alt=\"Detalhes dos voos de resgate dos brasileiros em Israel \u2014 Foto: GloboNews\/Reprodu\u00e7\u00e3o\"\/><\/figure>\n\n\n\n<p>Detalhes dos voos de resgate dos brasileiros em Israel \u2014 Foto: GloboNews\/Reprodu\u00e7\u00e3o<\/p>\n\n\n\n<figure class=\"wp-block-image\"><img data-recalc-dims=\"1\" decoding=\"async\" src=\"https:\/\/i0.wp.com\/s2-g1.glbimg.com\/Z9MX_5BIGcYSaCko2-Twfj3t4gc%3D\/0x0%3A1778x1080\/984x0\/smart\/filters%3Astrip_icc%28%29\/i.s3.glbimg.com\/v1\/AUTH_59edd422c0c84a879bd37670ae4f538a\/internal_photos\/bs\/2023\/S\/o\/zTukNMQfixGeBf3KrBDw\/microsoftteams-image-5-.png?w=800&#038;ssl=1\" alt=\"Detalhes dos voos de resgate dos brasileiros em Israel \u2014 Foto: GloboNews\/Reprodu\u00e7\u00e3o\"\/><\/figure>\n\n\n\n<p>Detalhes dos voos de resgate dos brasileiros em Israel \u2014 Foto: GloboNews\/Reprodu\u00e7\u00e3o<\/p>\n\n\n\n<figure class=\"wp-block-image\"><img data-recalc-dims=\"1\" decoding=\"async\" src=\"https:\/\/i0.wp.com\/s2-g1.glbimg.com\/dFcbpocOZWFessdQFOmaa0EqIeQ%3D\/0x0%3A1920x1080\/984x0\/smart\/filters%3Astrip_icc%28%29\/i.s3.glbimg.com\/v1\/AUTH_59edd422c0c84a879bd37670ae4f538a\/internal_photos\/bs\/2023\/5\/A\/LZLOVYSOeIVQMOfOHH8g\/microsoftteams-image-7-.png?w=800&#038;ssl=1\" alt=\"Detalhes dos voos de resgate dos brasileiros em Israel \u2014 Foto: GloboNews\/Reprodu\u00e7\u00e3o\"\/><\/figure>\n\n\n\n<p>Detalhes dos voos de resgate dos brasileiros em Israel \u2014 Foto: GloboNews\/Reprodu\u00e7\u00e3o<\/p>\n\n\n\n<h2 class=\"wp-block-heading\">Contatos para brasileiros<\/h2>\n\n\n\n<p>Segundo o Minist\u00e9rio das Rela\u00e7\u00f5es Exteriores, a&nbsp;<a class=\"\" href=\"https:\/\/www.gov.br\/mre\/pt-br\/embaixada-tel-aviv\" target=\"_blank\" rel=\"noreferrer noopener\">embaixada do Brasil em Tel Aviv<\/a>&nbsp;disponibilizou em seu site um formul\u00e1rio para inscri\u00e7\u00e3o de brasileiros interessados nos voos de repatria\u00e7\u00e3o.<\/p>\n\n\n\n<p>O site da embaixada \u00e9:&nbsp;<a class=\"\" href=\"https:\/\/www.gov.br\/mre\/pt-br\/embaixada-tel-aviv\" target=\"_blank\" rel=\"noreferrer noopener\">https:\/\/www.gov.br\/mre\/pt-br\/embaixada-tel-aviv<\/a><\/p>\n\n\n\n<p>No caso dos brasileiros em territ\u00f3rios palestinos (<strong>veja abaixo<\/strong>), ainda n\u00e3o h\u00e1 voos organizados em raz\u00e3o das dificuldades log\u00edsticas e de seguran\u00e7a.<\/p>\n\n\n\n<p>O minist\u00e9rio mant\u00e9m contatos de emerg\u00eancia, no entanto, com o aplicativo WhatsApp instalado:<\/p>\n\n\n\n<ul class=\"wp-block-list\">\n<li><strong>Escrit\u00f3rio em Ramala<\/strong>: +972 (59) 205 5510<\/li>\n\n\n\n<li><strong>Embaixada em Tel Aviv<\/strong>: +972 (54) 803 5858<\/li>\n\n\n\n<li><strong>Plant\u00e3o consular geral, em Bras\u00edlia<\/strong>: +55 (61) 98260-0610<\/li>\n<\/ul>\n\n\n\n<h2 class=\"wp-block-heading\">Resgate em Gaza<\/h2>\n\n\n\n<p>O Minist\u00e9rio das Rela\u00e7\u00f5es Exteriores informou nesta ter\u00e7a que\u00a0<a class=\"\" href=\"https:\/\/g1.globo.com\/politica\/noticia\/2023\/10\/10\/itamaraty-ja-alugou-onibus-e-aguarda-aval-do-egito-para-tirar-26-brasileiros-de-gaza-por-terra.ghtml\">aguarda autoriza\u00e7\u00e3o do Egito para repatriar 26 brasileiros que est\u00e3o na Faixa de Gaza<\/a>.<\/p>\n\n\n\n<p>O territ\u00f3rio \u00e9 governado pelo grupo terrorista Hamas \u2013 que, no s\u00e1bado (7), promoveu um grande ataque terrorista contra Israel, pa\u00eds vizinho, em um novo cap\u00edtulo da disputa entre israelenses e palestinos pela regi\u00e3o no Oriente M\u00e9dio.<\/p>\n\n\n\n<p>Chefe do Escrit\u00f3rio de Representa\u00e7\u00e3o do Brasil em Ramal\u00e1 (Cisjord\u00e2nia), o embaixador Alessandro Candeiras informou \u00e0 GloboNews que j\u00e1 alugou um \u00f4nibus para levar esse grupo de brasileiros da Faixa de Gaza \u00e0 fronteira sul da regi\u00e3o.<\/p>\n\n\n\n<blockquote class=\"wp-block-quote is-layout-flow wp-block-quote-is-layout-flow\">\n<p>&#8220;N\u00f3s j\u00e1 temos toda a log\u00edstica pronta, \u00f4nibus alugado para sair de Gaza at\u00e9 a fronteira sul, pelo posto de Rafah. N\u00f3s estamos aguardando apenas a autoriza\u00e7\u00e3o do Egito para que eles cruzem a fronteira&#8221;, declarou Candeias.<\/p>\n<\/blockquote>\n\n\n\n<p>Al\u00e9m de Israel, apenas o Egito tem fronteira terrestre com a Faixa de Gaza \u2013&nbsp;<strong>veja no mapa abaixo:<\/strong><\/p>\n\n\n\n<figure class=\"wp-block-image\"><img data-recalc-dims=\"1\" decoding=\"async\" src=\"https:\/\/i0.wp.com\/s2-g1.glbimg.com\/8gMAYTthvvbER-XI1gTn7jljSW0%3D\/0x0%3A1600x2087\/984x0\/smart\/filters%3Astrip_icc%28%29\/i.s3.glbimg.com\/v1\/AUTH_59edd422c0c84a879bd37670ae4f538a\/internal_photos\/bs\/2018\/Q\/D\/BjMROFRf6pHB7nlx5wTA\/ataques-faixa-de-gaza.jpg?w=800&#038;ssl=1\" alt=\"Mapa mostra regi\u00e3o da Faixa de Gaza \u2014 Foto: Alexandre Mauro\/ Arte G1\"\/><\/figure>\n\n\n\n<p>Mapa mostra regi\u00e3o da Faixa de Gaza \u2014 Foto: Alexandre Mauro\/ Arte G1<\/p>\n\n\n\n<p>A partir de Rafah, j\u00e1 em territ\u00f3rio eg\u00edpcio, o Itamaraty teria maior facilidade para encaminhar esses brasileiros ao Aeroporto Internacional do Cairo \u2013 onde o grupo poderia, inclusive, embarcar em voos comerciais para o Brasil.<\/p>\n\n\n\n<p>At\u00e9 o momento, as opera\u00e7\u00f5es de resgate do Itamaraty se concentram no Aeroporto Ben-Gurion em Tel Aviv, Israel \u2013 onde h\u00e1 uma maior infraestrutura de transportes e, tamb\u00e9m, maior concentra\u00e7\u00e3o de brasileiros.<\/p>\n\n\n\n<p>O Minist\u00e9rio das Rela\u00e7\u00f5es Exteriores criou um grupo de WhatsApp para manter o di\u00e1logo com os brasileiros que est\u00e3o em Gaza. Na p\u00e1gina oficial do Itamaraty \u00e9 poss\u00edvel encontrar mais orienta\u00e7\u00f5es.<\/p>\n\n\n\n<h2 class=\"wp-block-heading\">Traslado dos corpos<\/h2>\n\n\n\n<p>O Minist\u00e9rio das Rela\u00e7\u00f5es Exteriores informou nesta ter\u00e7a que um eventual traslado dos corpos dos brasileiros que morreram em Israel depende de um pedido das fam\u00edlias.<\/p>\n\n\n\n<p>Segundo o Itamaraty, at\u00e9 o in\u00edcio da tarde desta ter\u00e7a-feira, as fam\u00edlias das v\u00edtimas n\u00e3o haviam solicitado o transporte dos corpos.<\/p>\n\n\n\n<h2 class=\"wp-block-heading\">O que aconteceu at\u00e9 agora?<\/h2>\n\n\n\n<p>\u25b6\ufe0f&nbsp;<strong>Como foi o ataque?<\/strong>&nbsp;As a\u00e7\u00f5es se concentraram perto da fronteira da Faixa de Gaza, de onde Hamas lan\u00e7ou 5 mil foguetes.<\/p>\n\n\n\n<ul class=\"wp-block-list\">\n<li>Por terra, ar e mar, com motos e parapentes, homens armados invadiram o territ\u00f3rio israelense pelo sul do pa\u00eds.<\/li>\n\n\n\n<li>Houve relatos de que os invasores atiraram em pessoas que estavam nas ruas e sequestraram dezenas de israelenses (incluindo mulheres e crian\u00e7as), levados como ref\u00e9ns para Gaza.<\/li>\n<\/ul>\n\n\n\n<p>\u25b6\ufe0f&nbsp;<strong>Como foi a resposta de Israel?<\/strong>&nbsp;Diante da ofensiva do Hamas, o governo israelense iniciou uma retalia\u00e7\u00e3o.<\/p>\n\n\n\n<ul class=\"wp-block-list\">\n<li>&#8220;Estamos em guerra e vamos ganhar&#8221;, disse o primeiro-ministro de Israel, Benjamin Netanyahu, logo ap\u00f3s o ataque.<\/li>\n\n\n\n<li>&#8220;O nosso inimigo pagar\u00e1 um pre\u00e7o que nunca conheceu.&#8221;<\/li>\n\n\n\n<li>Ainda em 7 de outubro, Israel lan\u00e7ou bombas em dire\u00e7\u00e3o \u00e0 Faixa de Gaza.<\/li>\n<\/ul>\n\n\n\n<p><strong>\u25b6\ufe0f Quantas pessoas morreram?&nbsp;<\/strong>O balan\u00e7o mais recente das autoridades locais indicava, no in\u00edcio da tarde desta ter\u00e7a-feira, que 1.830 pessoas morreram. Do total, 1 mil foram em Israel. O Minist\u00e9rio da Sa\u00fade de Gaza informou ter registrado 830 mortes de palestinos.<\/p>\n\n\n\n<p><strong>\u25b6\ufe0f O que \u00e9 e onde fica Faixa de Gaza?&nbsp;<\/strong>\u00c9 o territ\u00f3rio palestino localizado em um estreito peda\u00e7o de terra na costa oeste de Israel, na fronteira com o Egito.<\/p>\n\n\n\n<p>Marcado por pobreza e superpopula\u00e7\u00e3o, tem 2 milh\u00f5es de habitantes morando em um territ\u00f3rio de 360 km\u00b2. Para se ter uma ideia desse tamanho em compara\u00e7\u00e3o com cidades brasileiras, o territ\u00f3rio \u00e9 um pouco maior que o da cidade de Fortaleza (312.4 km\u00b2) e menor que o de Curitiba (434,8 km\u00b2).<\/p>\n\n\n\n<p>Tomada por Israel na Guerra dos Seis Dias, em 1967, e entregue aos palestinos em 2005, Gaza vive um bloqueio de bens e servi\u00e7os imposto por seus vizinhos de fronteira.<\/p>\n\n\n\n<p><strong>\u25b6\ufe0f Qual \u00e9 o hist\u00f3rico do conflito na regi\u00e3o?&nbsp;<\/strong>A disputa entre Israel e Palestina se estende h\u00e1 d\u00e9cadas e j\u00e1 resultou em in\u00fameros enfrentamentos armados e mortes.<\/p>\n\n\n\n<p>Em sua forma moderna, remonta a 1947, quando a Organiza\u00e7\u00e3o das Na\u00e7\u00f5es Unidas (ONU) prop\u00f4s a cria\u00e7\u00e3o de dois Estados, um judeu e um \u00e1rabe, na Palestina, sob mandato brit\u00e2nico.<\/p>\n\n\n\n<p><\/p>\n","protected":false},"excerpt":{"rendered":"<p>O primeiro voo com brasileiros resgatados pela For\u00e7a A\u00e9rea Brasileira (FAB) nas \u00e1reas de conflito em\u00a0Israel\u00a0decolou do aeroporto internacional de Tel Aviv nesta ter\u00e7a-feira (10). Segundo o Minist\u00e9rio das Rela\u00e7\u00f5es Exteriores (MRE), a aeronave KC-30, com 211 passageiros, levantou voo \u00e0s 20h12 no hor\u00e1rio local (14h12 no hor\u00e1rio de Bras\u00edlia). O avi\u00e3o far\u00e1 um voo [&hellip;]<\/p>\n","protected":false},"author":2,"featured_media":2037,"comment_status":"open","ping_status":"open","sticky":false,"template":"","format":"standard","meta":{"_jetpack_memberships_contains_paid_content":false,"footnotes":""},"categories":[39],"tags":[],"class_list":["post-2035","post","type-post","status-publish","format-standard","has-post-thumbnail","hentry","category-politica"],"aioseo_notices":[],"jetpack_featured_media_url":"https:\/\/i0.wp.com\/minutobahia24h.com.br\/wp-content\/uploads\/2023\/10\/Sem-titulo-75.jpg?fit=984%2C560&ssl=1","jetpack_sharing_enabled":true,"_links":{"self":[{"href":"https:\/\/minutobahia24h.com.br\/index.php?rest_route=\/wp\/v2\/posts\/2035","targetHints":{"allow":["GET"]}}],"collection":[{"href":"https:\/\/minutobahia24h.com.br\/index.php?rest_route=\/wp\/v2\/posts"}],"about":[{"href":"https:\/\/minutobahia24h.com.br\/index.php?rest_route=\/wp\/v2\/types\/post"}],"author":[{"embeddable":true,"href":"https:\/\/minutobahia24h.com.br\/index.php?rest_route=\/wp\/v2\/users\/2"}],"replies":[{"embeddable":true,"href":"https:\/\/minutobahia24h.com.br\/index.php?rest_route=%2Fwp%2Fv2%2Fcomments&post=2035"}],"version-history":[{"count":1,"href":"https:\/\/minutobahia24h.com.br\/index.php?rest_route=\/wp\/v2\/posts\/2035\/revisions"}],"predecessor-version":[{"id":2038,"href":"https:\/\/minutobahia24h.com.br\/index.php?rest_route=\/wp\/v2\/posts\/2035\/revisions\/2038"}],"wp:featuredmedia":[{"embeddable":true,"href":"https:\/\/minutobahia24h.com.br\/index.php?rest_route=\/wp\/v2\/media\/2037"}],"wp:attachment":[{"href":"https:\/\/minutobahia24h.com.br\/index.php?rest_route=%2Fwp%2Fv2%2Fmedia&parent=2035"}],"wp:term":[{"taxonomy":"category","embeddable":true,"href":"https:\/\/minutobahia24h.com.br\/index.php?rest_route=%2Fwp%2Fv2%2Fcategories&post=2035"},{"taxonomy":"post_tag","embeddable":true,"href":"https:\/\/minutobahia24h.com.br\/index.php?rest_route=%2Fwp%2Fv2%2Ftags&post=2035"}],"curies":[{"name":"wp","href":"https:\/\/api.w.org\/{rel}","templated":true}]}}