{"id":2027,"date":"2023-10-10T07:33:25","date_gmt":"2023-10-10T10:33:25","guid":{"rendered":"https:\/\/minutobahia24h.com.br\/?p=2027"},"modified":"2023-10-10T07:33:26","modified_gmt":"2023-10-10T10:33:26","slug":"neto-admite-erros-na-campanha-faria-algumas-coisas-diferentes","status":"publish","type":"post","link":"https:\/\/minutobahia24h.com.br\/?p=2027","title":{"rendered":"Neto admite erros na campanha: \u2018Faria algumas coisas diferentes\u2019"},"content":{"rendered":"<div class=\"wp-block-image\">\n<figure class=\"aligncenter size-full\"><img data-recalc-dims=\"1\" fetchpriority=\"high\" decoding=\"async\" width=\"696\" height=\"541\" src=\"https:\/\/i0.wp.com\/minutobahia24h.com.br\/wp-content\/uploads\/2023\/10\/Opera-Instantaneo_2023-10-03_230227_politicalivre.com_.br_-696x541-1.png?resize=696%2C541&#038;ssl=1\" alt=\"\" class=\"wp-image-2029\" srcset=\"https:\/\/i0.wp.com\/minutobahia24h.com.br\/wp-content\/uploads\/2023\/10\/Opera-Instantaneo_2023-10-03_230227_politicalivre.com_.br_-696x541-1.png?w=696&amp;ssl=1 696w, https:\/\/i0.wp.com\/minutobahia24h.com.br\/wp-content\/uploads\/2023\/10\/Opera-Instantaneo_2023-10-03_230227_politicalivre.com_.br_-696x541-1.png?resize=300%2C233&amp;ssl=1 300w\" sizes=\"(max-width: 696px) 100vw, 696px\" \/><\/figure>\n<\/div>\n\n\n<p>O presidente da Funda\u00e7\u00e3o \u00cdndigo, ACM Neto (Uni\u00e3o Brasil), tra\u00e7ou perspectivas e aprendizados consider\u00e1veis, caso decida concorrer novamente ao governo do Estado em 2026. Em entrevista ao jornal Tribuna da Bahia , ele abordou poss\u00edveis ajustes em sua estrat\u00e9gia, destacando a import\u00e2ncia de escolhas mais ponderadas, concentrando for\u00e7as pol\u00edticas e antecipando decis\u00f5es cruciais.<\/p>\n\n\n\n<p>O ex-prefeito expressou abertamente sua autocr\u00edtica em rela\u00e7\u00e3o \u00e0 elei\u00e7\u00e3o de 2022, mencionando que, em um cen\u00e1rio hipot\u00e9tico, faria algumas coisas diferentes. Uma das principais mudan\u00e7as seria a concentra\u00e7\u00e3o em um n\u00famero menor de partidos, evitando dispersar esfor\u00e7os e recursos com uma quantidade excessiva de candidatos a deputados. Al\u00e9m disso, ele reconheceu que a estrat\u00e9gia de abra\u00e7ar 417 munic\u00edpios teve seus desafios, sugerindo uma concentra\u00e7\u00e3o de esfor\u00e7os em cidades onde sua for\u00e7a pol\u00edtica era mais evidente, especialmente nas grandes e m\u00e9dias.<\/p>\n\n\n\n<p>\u201cFaria algumas coisas diferentes, claro que sim. N\u00e3o teria trabalhado para contar com 13 partidos, teria concentrado em uma quantidade menor de partidos para concentrar a quantidade de candidatos a deputados, a gente acabou tendo muitos candidatos, isso dispersou. Alguns candidatos n\u00e3o trabalharam com a majorit\u00e1ria, n\u00e3o deram o resultado que n\u00f3s esper\u00e1vamos, ent\u00e3o esse \u00e9 um ponto\u201d, disse.<\/p>\n\n\n\n<p>\u201cO outro ponto, eu talvez n\u00e3o tivesse tentado abra\u00e7ar 417 munic\u00edpios como fiz, a gente chegou a mais de 500 viagens, contando que em alguns lugares n\u00f3s fomos sete ou oito vezes, e na minha cabe\u00e7a tinha a necessidade de ter um palanque organizado em cada cidade da Bahia. Acho que talvez o caminho n\u00e3o fosse esse repensando agora, talvez fosse concentrar onde n\u00f3s t\u00ednhamos for\u00e7a pol\u00edtica e nas grandes e m\u00e9dias cidades, ent\u00e3o nas pequenas cidades onde a gente tinha grupo pol\u00edtico forte, nas pequenas e m\u00e9dias cidades que a gente teve um desempenho em geral muito superior do que nas menores\u201d, acrescentou.<\/p>\n\n\n\n<p>\u201cEm rela\u00e7\u00e3o ao momento de escolha do vice, talvez eu tivesse antecipado. O problema n\u00e3o foi a Ana. Talvez o momento. Eu n\u00e3o falo do perfil. Eu falo do momento da escolha. Talvez se eu fosse novamente construir esse caminho, eu teria feito uma escolha antecipada. N\u00e3o teria deixado para cima da hora. Ent\u00e3o s\u00e3o alguns aprendizados que ficam, mas s\u00e3o coisas que a gente vai ter a oportunidade ou n\u00e3o de algum dia reavaliar\u201d, completou Neto.<\/p>\n","protected":false},"excerpt":{"rendered":"<p>O presidente da Funda\u00e7\u00e3o \u00cdndigo, ACM Neto (Uni\u00e3o Brasil), tra\u00e7ou perspectivas e aprendizados consider\u00e1veis, caso decida concorrer novamente ao governo do Estado em 2026. Em entrevista ao jornal Tribuna da Bahia , ele abordou poss\u00edveis ajustes em sua estrat\u00e9gia, destacando a import\u00e2ncia de escolhas mais ponderadas, concentrando for\u00e7as pol\u00edticas e antecipando decis\u00f5es cruciais. O ex-prefeito [&hellip;]<\/p>\n","protected":false},"author":2,"featured_media":2029,"comment_status":"open","ping_status":"open","sticky":false,"template":"","format":"standard","meta":{"_jetpack_memberships_contains_paid_content":false,"footnotes":""},"categories":[21],"tags":[],"class_list":["post-2027","post","type-post","status-publish","format-standard","has-post-thumbnail","hentry","category-bahia"],"aioseo_notices":[],"jetpack_featured_media_url":"https:\/\/i0.wp.com\/minutobahia24h.com.br\/wp-content\/uploads\/2023\/10\/Opera-Instantaneo_2023-10-03_230227_politicalivre.com_.br_-696x541-1.png?fit=696%2C541&ssl=1","jetpack_sharing_enabled":true,"_links":{"self":[{"href":"https:\/\/minutobahia24h.com.br\/index.php?rest_route=\/wp\/v2\/posts\/2027","targetHints":{"allow":["GET"]}}],"collection":[{"href":"https:\/\/minutobahia24h.com.br\/index.php?rest_route=\/wp\/v2\/posts"}],"about":[{"href":"https:\/\/minutobahia24h.com.br\/index.php?rest_route=\/wp\/v2\/types\/post"}],"author":[{"embeddable":true,"href":"https:\/\/minutobahia24h.com.br\/index.php?rest_route=\/wp\/v2\/users\/2"}],"replies":[{"embeddable":true,"href":"https:\/\/minutobahia24h.com.br\/index.php?rest_route=%2Fwp%2Fv2%2Fcomments&post=2027"}],"version-history":[{"count":1,"href":"https:\/\/minutobahia24h.com.br\/index.php?rest_route=\/wp\/v2\/posts\/2027\/revisions"}],"predecessor-version":[{"id":2030,"href":"https:\/\/minutobahia24h.com.br\/index.php?rest_route=\/wp\/v2\/posts\/2027\/revisions\/2030"}],"wp:featuredmedia":[{"embeddable":true,"href":"https:\/\/minutobahia24h.com.br\/index.php?rest_route=\/wp\/v2\/media\/2029"}],"wp:attachment":[{"href":"https:\/\/minutobahia24h.com.br\/index.php?rest_route=%2Fwp%2Fv2%2Fmedia&parent=2027"}],"wp:term":[{"taxonomy":"category","embeddable":true,"href":"https:\/\/minutobahia24h.com.br\/index.php?rest_route=%2Fwp%2Fv2%2Fcategories&post=2027"},{"taxonomy":"post_tag","embeddable":true,"href":"https:\/\/minutobahia24h.com.br\/index.php?rest_route=%2Fwp%2Fv2%2Ftags&post=2027"}],"curies":[{"name":"wp","href":"https:\/\/api.w.org\/{rel}","templated":true}]}}