{"id":20261,"date":"2024-12-06T08:06:03","date_gmt":"2024-12-06T11:06:03","guid":{"rendered":"https:\/\/minutobahia24h.com.br\/?p=20261"},"modified":"2024-12-06T08:06:05","modified_gmt":"2024-12-06T11:06:05","slug":"46-pms-foram-afastados-e-um-foi-preso-por-envolvimento-em-acoes-violentas-nos-ultimos-30-dias-em-sp","status":"publish","type":"post","link":"https:\/\/minutobahia24h.com.br\/?p=20261","title":{"rendered":"46 PMs foram afastados e um foi preso por envolvimento em a\u00e7\u00f5es violentas nos \u00faltimos 30 dias em SP"},"content":{"rendered":"<div class=\"wp-block-image\">\n<figure class=\"aligncenter size-full\"><img data-recalc-dims=\"1\" fetchpriority=\"high\" decoding=\"async\" width=\"800\" height=\"453\" src=\"https:\/\/i0.wp.com\/minutobahia24h.com.br\/wp-content\/uploads\/2024\/12\/Sem-titulo-86.jpg?resize=800%2C453&#038;ssl=1\" alt=\"\" class=\"wp-image-20262\" srcset=\"https:\/\/i0.wp.com\/minutobahia24h.com.br\/wp-content\/uploads\/2024\/12\/Sem-titulo-86.jpg?w=984&amp;ssl=1 984w, https:\/\/i0.wp.com\/minutobahia24h.com.br\/wp-content\/uploads\/2024\/12\/Sem-titulo-86.jpg?resize=300%2C170&amp;ssl=1 300w, https:\/\/i0.wp.com\/minutobahia24h.com.br\/wp-content\/uploads\/2024\/12\/Sem-titulo-86.jpg?resize=768%2C435&amp;ssl=1 768w, https:\/\/i0.wp.com\/minutobahia24h.com.br\/wp-content\/uploads\/2024\/12\/Sem-titulo-86.jpg?resize=750%2C425&amp;ssl=1 750w\" sizes=\"(max-width: 800px) 100vw, 800px\" \/><figcaption class=\"wp-element-caption\">Policiais agridem fam\u00edlia durante abordagem na garagem deles \u2014 Foto: Reprodu\u00e7\u00e3o<br><br><\/figcaption><\/figure>\n<\/div>\n\n\n<p>Quarenta e seis policiais militares foram afastados de suas fun\u00e7\u00f5es e um foi preso por envolvimento em casos relacionados a abuso de autoridade e letalidade policial nos \u00faltimos 30 dias no estado de S\u00e3o Paulo. Dentre os afastados, um j\u00e1 teve a<a class=\"\" href=\"https:\/\/g1.globo.com\/sp\/sao-paulo\/noticia\/2024\/12\/05\/justica-decreta-prisao-preventiva-de-pm-que-executou-homem-negro-pelas-costas-em-frente-a-mercado-em-sp.ghtml\">\u00a0pris\u00e3o preventiva decretada pelo Tribunal de Justi\u00e7a\u00a0<\/a>de S\u00e3o Paulo.<\/p>\n\n\n\n<p>Desde a campanha eleitoral em 2022, o governador Tarc\u00edsio de Freitas (Republicanos) fez reiteradas cr\u00edticas \u00e0s c\u00e2meras nos uniformes dos PMs e defendeu que o seu uso fosse reavaliado. Ele chegou a dizer que&nbsp;<a class=\"\" href=\"https:\/\/g1.globo.com\/sp\/sao-paulo\/eleicoes\/2022\/noticia\/2022\/06\/01\/tarcisio-volta-a-criticar-camera-em-uniforme-apesar-de-resultado-comprovado-e-diz-nao-se-preocupar-com-mortes-causadas-por-pms.ghtml\">n\u00e3o estava preocupado com as mortes causadas por PMs<\/a>&nbsp;e, sim, com a &#8220;letalidade dos bandidos&#8221;.<\/p>\n\n\n\n<p>No entanto, ap\u00f3s os diversos epis\u00f3dios recentes de viol\u00eancia policial, Tarc\u00edsio mudou o discurso e&nbsp;<a class=\"\" href=\"https:\/\/g1.globo.com\/sp\/sao-paulo\/noticia\/2024\/12\/05\/apos-casos-de-violencia-da-pm-tarcisio-diz-que-algo-nao-esta-funcionando-e-passa-a-defender-camera-na-farda-de-policiais-tinha-visao-equivocada.ghtml?utm_source=whatsapp&amp;utm_medium=canais&amp;utm_campaign=g1-sao-paulo\">admitiu que &#8220;tinha uma vis\u00e3o equivocada&#8221; sobre o uso do equipamento&nbsp;<\/a>na farda dos PMs e disse que est\u00e1 &#8220;completamente convencido de que \u00e9 um instrumento de prote\u00e7\u00e3o da sociedade e do policial&#8221;. Ele acrescentou que n\u00e3o apenas vai manter o programa como o ampliar\u00e1.<\/p>\n\n\n\n<p>Apesar disso, afirmou nesta quinta-feira (5) que&nbsp;<a class=\"\" href=\"https:\/\/g1.globo.com\/sp\/sao-paulo\/noticia\/2024\/12\/05\/tarcisio-diz-que-nao-vai-mudar-comando-da-seguranca-e-defende-derrite-apos-casos-de-violencia-da-pm-vou-confiar-no-meu-time.ghtml\">n\u00e3o vai mudar o comando da Secretaria da Seguran\u00e7a<\/a>.<\/p>\n\n\n\n<p>Os policiais afastados ficam privados do exerc\u00edcio da sua fun\u00e7\u00e3o policial-militar, podendo atuar administrativamente ou ficar totalmente sem trabalhar.<\/p>\n\n\n\n<p>De acordo com o regimento disciplinar da PM em S\u00e3o Paulo, a solu\u00e7\u00e3o para o caso do afastado deve ser dada no &#8220;prazo de 30 (trinta) dias, contados a partir do recebimento da defesa do acusado, prorrog\u00e1vel no m\u00e1ximo por mais 15 (quinze) dias, mediante declara\u00e7\u00e3o de motivos no pr\u00f3prio enquadramento.&#8221;<\/p>\n\n\n\n<p>A solu\u00e7\u00e3o do caso deve ocorrer em no m\u00e1ximo 90 dias da data da comunica\u00e7\u00e3o do caso, podendo resultar em expuls\u00e3o da corpora\u00e7\u00e3o ou retorno \u00e0s atividades.<\/p>\n\n\n\n<p>&#8220;A expuls\u00e3o ser\u00e1 aplicada, em regra, quando a pra\u00e7a policial-militar, independentemente da gradua\u00e7\u00e3o ou fun\u00e7\u00e3o que ocupe, for condenado judicialmente por crime que tamb\u00e9m constitua infra\u00e7\u00e3o disciplinar grave e que denote incapacidade moral para a continuidade do exerc\u00edcio de suas fun\u00e7\u00f5es.&#8221;<\/p>\n\n\n\n<p>Em julho, a revista Piau\u00ed mostrou que a Secretaria da Seguran\u00e7a mudou as regras sobre o afastamento de policiais suspeitos de cometer crimes. O boletim interno &#8220;Rotina para o Afastamento do Servi\u00e7o Operacional de PM Envolvido em Ocorr\u00eancia de Gravidade&#8221; ao qual a revista teve acesso mostra que agora s\u00f3 quem pode afastar os policiais \u00e9 o subcomandante da PM, Jos\u00e9 Augusto Coutinho, homem de confian\u00e7a do secret\u00e1rio Guilherme Derrite. Antes, os comandantes regionais tinham autonomia para afastar.<\/p>\n\n\n\n<p><strong><em>Confira abaixo quais foram os sete casos ocorridos no \u00faltimo m\u00eas que levaram ao afastamento de dezenas de agentes<\/em><\/strong>.<\/p>\n\n\n\n<h2 class=\"wp-block-heading\">Agress\u00e3o contra fam\u00edlia: 12 afastamentos<\/h2>\n\n\n\n<p><a class=\"\" href=\"https:\/\/g1.globo.com\/sp\/sao-paulo\/noticia\/2024\/12\/05\/corregedoria-afasta-12-pms-que-agrediram-idosa-e-deram-mata-leao-em-homem-durante-abordagem-em-barueri.ghtml\">Doze policiais militares que agrediram uma mulher de 63 anos e deram um golpe de mata-le\u00e3o em seu filho durante uma abordagem foram afastados<\/a>&nbsp;de suas atividades operacionais ap\u00f3s prestarem depoimento na Corregedoria da Pol\u00edcia Militar nesta quinta-feira (5).<\/p>\n\n\n\n<p>As agress\u00f5es ocorreram na garagem da fam\u00edlia, em Barueri, na Grande S\u00e3o Paulo, na noite da quarta (4). V\u00eddeos gravados por testemunhas e obtidos pela&nbsp;<strong>TV Globo<\/strong>&nbsp;registraram a cena violenta (veja mais abaixo).<\/p>\n\n\n\n<p>Em nota, a Secretaria da Seguran\u00e7a P\u00fablica informou que as investiga\u00e7\u00f5es do caso prosseguem por meio de Inqu\u00e9rito Policial Militar (IPM) e pela Pol\u00edcia Civil, com an\u00e1lise de imagens externas e das c\u00e2meras corporais dos agentes.<\/p>\n\n\n\n<h2 class=\"wp-block-heading\">Homem jogado de ponte: uma pris\u00e3o e 12 afastamentos<\/h2>\n\n\n\n<p>A Justi\u00e7a Militar decretou nesta quinta (5) a&nbsp;<a class=\"\" href=\"https:\/\/g1.globo.com\/sp\/sao-paulo\/noticia\/2024\/12\/05\/justica-manda-prender-soldado-da-pm-que-jogou-entregador-de-ponte-na-zona-sul-de-sp.ghtml\">pris\u00e3o do policial Luan Felipe Alves Pereira, apontado como o respons\u00e1vel por arremessar um homem de uma ponte<\/a>&nbsp;na Zona Sul de S\u00e3o Paulo, no \u00faltimo domingo (1\u00b0).<\/p>\n\n\n\n<p>O soldado j\u00e1 estava detido na Corregedoria da Pol\u00edcia Militar, onde prestou depoimento sobre a sua conduta. Segundo informa\u00e7\u00f5es do inqu\u00e9rito militar, ele disse que pretendia jogar o homem no ch\u00e3o. As imagens gravadas por uma testemunha mostram o momento em que ele ergue e atira o homem da ponte (<strong><em>v\u00eddeo abaixo<\/em><\/strong>).<\/p>\n\n\n\n<p>Al\u00e9m da pris\u00e3o de Luan, outros&nbsp;<strong>12 agentes que participaram da a\u00e7\u00e3o foram afastados<\/strong>&nbsp;pela Corregedoria da PM. O Minist\u00e9rio P\u00fablico abriu uma investiga\u00e7\u00e3o.<\/p>\n\n\n\n<h2 class=\"wp-block-heading\">Jovem executado em mercado: um afastamento com pedido de pris\u00e3o<\/h2>\n\n\n\n<p>Tamb\u00e9m nesta quinta (5), o Tribunal de Justi\u00e7a de S\u00e3o Paulo\u00a0<a class=\"\" href=\"https:\/\/g1.globo.com\/sp\/sao-paulo\/noticia\/2024\/12\/05\/justica-decreta-prisao-preventiva-de-pm-que-executou-homem-negro-pelas-costas-em-frente-a-mercado-em-sp.ghtml?utm_source=whatsapp&amp;utm_medium=canais&amp;utm_campaign=g1-sao-paulo\">decretou a pris\u00e3o preventiva do policial militar Vinicius de Lima Britto<\/a>, que executou pelas costas um jovem negro em frente a um mercado Oxxo na Zona Sul de S\u00e3o Paulo, no dia 3 de novembro. Ele s\u00f3 foi afastado na segunda-feira (2), ap\u00f3s divulga\u00e7\u00e3o do v\u00eddeo pelo\u00a0<strong>g1<\/strong>. Imagens de c\u00e2meras de seguran\u00e7a registraram o momento em que ele fez os disparos.<\/p>\n\n\n\n<p>Gabriel Renan da Silva Soares, de 26 anos, entrou no com\u00e9rcio, pegou quatro pacotes de sab\u00e3o e, durante a fuga, escorregou num peda\u00e7o de papel\u00e3o e caiu no ch\u00e3o do estacionamento.<\/p>\n\n\n\n<p>O policial, que estava \u00e0 paisana, pagava pelas compras no caixa quando percebeu a a\u00e7\u00e3o. O agente, ent\u00e3o, sacou a arma e atirou diversas vezes pelas costas de Gabriel. A v\u00edtima morreu no ch\u00e3o do estacionamento. Segundo o boletim de ocorr\u00eancia, foram encontradas 11 perfura\u00e7\u00f5es em seu corpo.<\/p>\n\n\n\n<h2 class=\"wp-block-heading\">Estudante de medicina morto: dois afastamentos<\/h2>\n\n\n\n<p>No dia 20 de novembro,&nbsp;<a class=\"\" href=\"https:\/\/g1.globo.com\/sp\/sao-paulo\/noticia\/2024\/11\/20\/pms-envolvidos-no-assassinato-do-estudante-de-medicina-em-sp-sao-afastados-do-cargo.ghtml\">dois policiais militares envolvidos no assassinato de um estudante de medicina foram afastados<\/a>&nbsp;de suas fun\u00e7\u00f5es at\u00e9 o final das investiga\u00e7\u00f5es.<\/p>\n\n\n\n<p>Marco Aur\u00e9lio Cardenas Acosta, de 22 anos, que cursava medicina na Universidade Anhembi Morumbi, foi morto com um tiro \u00e0 queima-roupa na escadaria de um hotel Zona Sul de S\u00e3o Paulo. A a\u00e7\u00e3o foi registrada por uma c\u00e2mera de seguran\u00e7a.<\/p>\n\n\n\n<p>Os PMs Guilherme Augusto Macedo e Bruno Carvalho do Prado estavam em patrulhamento pelo bairro quando Marco Aur\u00e9lio teria dado um tapa no retrovisor da viatura e fugido.<\/p>\n\n\n\n<p>Segundo o boletim de ocorr\u00eancia, o jovem correu para o interior do Hotel Flor da Vila Mariana, onde estava hospedado com uma mulher. Os policiais relataram que ele estava bastante alterado e agressivo.<\/p>\n\n\n\n<h2 class=\"wp-block-heading\">Execu\u00e7\u00e3o de delator do PCC: oito afastamentos<\/h2>\n\n\n\n<p>No dia 12 de novembro, a Secretaria da Seguran\u00e7a P\u00fablica&nbsp;<a class=\"\" href=\"https:\/\/g1.globo.com\/sp\/sao-paulo\/noticia\/2024\/11\/12\/forca-tarefa-afasta-oito-pms-investigados-por-suspeita-de-envolvimento-no-caso-da-execucao-de-delator-do-pcc.ghtml\">afastou preventivamente oito policiais militares investigados por suspeita de envolvimento na execu\u00e7\u00e3o de Ant\u00f4nio Vinicius Lopes Gritzbach<\/a>, delator da fac\u00e7\u00e3o criminosa Primeiro Comando da Capital (PCC).<\/p>\n\n\n\n<p>Vinicius foi morto a tiros durante atentado no in\u00edcio de novembro, no Aeroporto Internacional de S\u00e3o Paulo, em Guarulhos.<\/p>\n\n\n\n<p>Segundo a SSP, os agentes da PM que foram afastados j\u00e1 eram investigados um m\u00eas antes do crime pela Corregedoria da corpora\u00e7\u00e3o. Testemunhas tinham denunciado eles por fazerem seguran\u00e7a particular para Vinicius.<\/p>\n\n\n\n<p>O fato de os agentes terem feito escolta para algu\u00e9m com envolvimento com o PCC foi repudiado pela pasta.<\/p>\n\n\n\n<h2 class=\"wp-block-heading\">Crian\u00e7a de 4 anos morta durante tiroteio: sete afastamentos<\/h2>\n\n\n\n<p>Uma&nbsp;<a class=\"\" href=\"https:\/\/g1.globo.com\/sp\/sao-paulo\/noticia\/2024\/11\/06\/tiro-que-matou-menino-de-4-anos-em-confronto-no-litoral-de-sp-provavelmente-partiu-de-um-policial-afirma-porta-voz-da-pm.ghtml\">crian\u00e7a de 4 anos morreu ap\u00f3s ser baleada durante um confronto policial<\/a>&nbsp;no Morro S\u00e3o Bento, em Santos, no litoral paulista, no dia 5 de novembro. Dois adolescentes, de 15 e 17 anos, tamb\u00e9m foram atingidos durante a troca de tiros. Segundo a pol\u00edcia, a dupla era suspeita. O adolescente mais velho morreu, e o outro foi socorrido sob escolta.<\/p>\n\n\n\n<p>O tiro que matou Ryan da Silva Andrade Santos provavelmente partiu da arma de um policial, afirmou o coronel Emerson Massera, porta-voz da PM.<\/p>\n\n\n\n<p>No dia 6 de novembro, a SSP informou que&nbsp;<strong>sete policiais envolvidos na a\u00e7\u00e3o foram afastados<\/strong>&nbsp;das ruas.<\/p>\n\n\n\n<figure class=\"wp-block-image\"><img data-recalc-dims=\"1\" decoding=\"async\" src=\"https:\/\/i0.wp.com\/s2-g1.glbimg.com\/lCy8YFQ_nZCYYaqW8wvQIS-U2_U%3D\/0x0%3A1500x1000\/984x0\/smart\/filters%3Astrip_icc%28%29\/i.s3.glbimg.com\/v1\/AUTH_59edd422c0c84a879bd37670ae4f538a\/internal_photos\/bs\/2024\/W\/K\/CdA2ajTwm75QGkwAo3iA\/btiroteio.jpg?w=800&#038;ssl=1\" alt=\"Caso ocorreu no Morro S\u00e3o Bento, em Santos (SP). Ryan, de 4 anos, estava brincando na rua quando foi atingido. \u2014 Foto: Redes sociais e Arquivo Pessoal\"\/><\/figure>\n\n\n\n<p>Caso ocorreu no Morro S\u00e3o Bento, em Santos (SP). Ryan, de 4 anos, estava brincando na rua quando foi atingido. \u2014 Foto: Redes sociais e Arquivo Pessoal<\/p>\n\n\n\n<h2 class=\"wp-block-heading\">PMs bateram viatura durante &#8220;racha&#8221;: quatro afastamentos<\/h2>\n\n\n\n<p>A c\u00e2mara corporal de um policial militar gravou o momento em que ele pergunta a um colega de farda em outra viatura: &#8220;Apostar um racha?&#8221;. Em seguida, o soldado acelera o carro oficial da PM, bate em dois ve\u00edculos que estavam estacionados e em um poste.<\/p>\n\n\n\n<p>O acidente aconteceu em 13 de julho, na regi\u00e3o do Cambuci, Centro da capital paulista. No entanto, o caso s\u00f3 foi conhecido no in\u00edcio de novembro, quando as imagens viralizaram nas redes sociais.<\/p>\n\n\n\n<p>O&nbsp;<strong>g1&nbsp;<\/strong>apurou que os quatro PMs que participaram da a\u00e7\u00e3o foram afastados preventivamente dos patrulhamentos nas ruas por causa do processo que respondem. Atualmente, eles est\u00e3o fazendo servi\u00e7os administrativos.<\/p>\n","protected":false},"excerpt":{"rendered":"<p>Quarenta e seis policiais militares foram afastados de suas fun\u00e7\u00f5es e um foi preso por envolvimento em casos relacionados a abuso de autoridade e letalidade policial nos \u00faltimos 30 dias no estado de S\u00e3o Paulo. Dentre os afastados, um j\u00e1 teve a\u00a0pris\u00e3o preventiva decretada pelo Tribunal de Justi\u00e7a\u00a0de S\u00e3o Paulo. Desde a campanha eleitoral em [&hellip;]<\/p>\n","protected":false},"author":2,"featured_media":20262,"comment_status":"open","ping_status":"open","sticky":false,"template":"","format":"standard","meta":{"_jetpack_memberships_contains_paid_content":false,"footnotes":""},"categories":[46],"tags":[],"class_list":["post-20261","post","type-post","status-publish","format-standard","has-post-thumbnail","hentry","category-noticia"],"aioseo_notices":[],"jetpack_featured_media_url":"https:\/\/i0.wp.com\/minutobahia24h.com.br\/wp-content\/uploads\/2024\/12\/Sem-titulo-86.jpg?fit=984%2C557&ssl=1","jetpack_sharing_enabled":true,"_links":{"self":[{"href":"https:\/\/minutobahia24h.com.br\/index.php?rest_route=\/wp\/v2\/posts\/20261","targetHints":{"allow":["GET"]}}],"collection":[{"href":"https:\/\/minutobahia24h.com.br\/index.php?rest_route=\/wp\/v2\/posts"}],"about":[{"href":"https:\/\/minutobahia24h.com.br\/index.php?rest_route=\/wp\/v2\/types\/post"}],"author":[{"embeddable":true,"href":"https:\/\/minutobahia24h.com.br\/index.php?rest_route=\/wp\/v2\/users\/2"}],"replies":[{"embeddable":true,"href":"https:\/\/minutobahia24h.com.br\/index.php?rest_route=%2Fwp%2Fv2%2Fcomments&post=20261"}],"version-history":[{"count":1,"href":"https:\/\/minutobahia24h.com.br\/index.php?rest_route=\/wp\/v2\/posts\/20261\/revisions"}],"predecessor-version":[{"id":20263,"href":"https:\/\/minutobahia24h.com.br\/index.php?rest_route=\/wp\/v2\/posts\/20261\/revisions\/20263"}],"wp:featuredmedia":[{"embeddable":true,"href":"https:\/\/minutobahia24h.com.br\/index.php?rest_route=\/wp\/v2\/media\/20262"}],"wp:attachment":[{"href":"https:\/\/minutobahia24h.com.br\/index.php?rest_route=%2Fwp%2Fv2%2Fmedia&parent=20261"}],"wp:term":[{"taxonomy":"category","embeddable":true,"href":"https:\/\/minutobahia24h.com.br\/index.php?rest_route=%2Fwp%2Fv2%2Fcategories&post=20261"},{"taxonomy":"post_tag","embeddable":true,"href":"https:\/\/minutobahia24h.com.br\/index.php?rest_route=%2Fwp%2Fv2%2Ftags&post=20261"}],"curies":[{"name":"wp","href":"https:\/\/api.w.org\/{rel}","templated":true}]}}