{"id":20255,"date":"2024-12-06T07:43:20","date_gmt":"2024-12-06T10:43:20","guid":{"rendered":"https:\/\/minutobahia24h.com.br\/?p=20255"},"modified":"2024-12-06T07:43:21","modified_gmt":"2024-12-06T10:43:21","slug":"voto-de-toffoli-responsabiliza-redes-por-conteudos-ilegais-de-usuarios","status":"publish","type":"post","link":"https:\/\/minutobahia24h.com.br\/?p=20255","title":{"rendered":"Voto de Toffoli responsabiliza redes por conte\u00fados ilegais de usu\u00e1rios"},"content":{"rendered":"<div class=\"wp-block-image\">\n<figure class=\"aligncenter size-full\"><img data-recalc-dims=\"1\" fetchpriority=\"high\" decoding=\"async\" width=\"600\" height=\"420\" src=\"https:\/\/i0.wp.com\/minutobahia24h.com.br\/wp-content\/uploads\/2024\/12\/Sem-titulo-84.jpg?resize=600%2C420&#038;ssl=1\" alt=\"\" class=\"wp-image-20256\" srcset=\"https:\/\/i0.wp.com\/minutobahia24h.com.br\/wp-content\/uploads\/2024\/12\/Sem-titulo-84.jpg?w=600&amp;ssl=1 600w, https:\/\/i0.wp.com\/minutobahia24h.com.br\/wp-content\/uploads\/2024\/12\/Sem-titulo-84.jpg?resize=300%2C210&amp;ssl=1 300w\" sizes=\"(max-width: 600px) 100vw, 600px\" \/><figcaption class=\"wp-element-caption\">Foto: Ag\u00eancia Senado<br><\/figcaption><\/figure>\n<\/div>\n\n\n<p>O ministro do Supremo Tribunal Federal (STF) Dias Toffoli votou nesta quinta-feira (5) para responsabilizar as redes sociais pelos conte\u00fados ilegais postados pelos usu\u00e1rios. Toffoli \u00e9 relator de uma das a\u00e7\u00f5es que est\u00e3o sendo julgadas pela Corte.&nbsp;&nbsp;<img data-recalc-dims=\"1\" decoding=\"async\" data-src=\"https:\/\/i0.wp.com\/agenciabrasil.ebc.com.br\/ebc.png?w=800&#038;ssl=1\" src=\"data:image\/gif;base64,R0lGODlhAQABAAAAACH5BAEKAAEALAAAAAABAAEAAAICTAEAOw==\" class=\"lazyload\"><noscript><img data-recalc-dims=\"1\" decoding=\"async\" src=\"https:\/\/i0.wp.com\/agenciabrasil.ebc.com.br\/ebc.png?w=800&#038;ssl=1\"><\/noscript><img data-recalc-dims=\"1\" decoding=\"async\" data-src=\"https:\/\/i0.wp.com\/agenciabrasil.ebc.com.br\/ebc.gif?w=800&#038;ssl=1\" src=\"data:image\/gif;base64,R0lGODlhAQABAAAAACH5BAEKAAEALAAAAAABAAEAAAICTAEAOw==\" class=\"lazyload\"><noscript><img data-recalc-dims=\"1\" decoding=\"async\" src=\"https:\/\/i0.wp.com\/agenciabrasil.ebc.com.br\/ebc.gif?w=800&#038;ssl=1\"><\/noscript><\/p>\n\n\n\n<p>Em sua manifesta\u00e7\u00e3o, Toffoli considerou inconstitucional a atual regra que rege a responsabiliza\u00e7\u00e3o civil das plataformas. Com o entendimento, as redes se tornam obrigadas&nbsp;a retirar o conte\u00fado ilegal de forma imediata, sem esperar por uma ordem judicial.<\/p>\n\n\n\n<p>Se mantiverem as postagens, podem ser responsabilizadas pela Justi\u00e7a pelos danos causados pela manuten\u00e7\u00e3o das mensagens de seus usu\u00e1rios. A possibilidade de puni\u00e7\u00e3o tamb\u00e9m vale para o impulsionamento de postagens ilegais e no caso de cria\u00e7\u00e3o de perfis falsos.<\/p>\n\n\n\n<p>O ministro definiu como ilegais postagens que envolvem crimes contra o Estado Democr\u00e1tico de Direito, terrorismo, suic\u00eddio, racismo, viol\u00eancia contra mulher, crian\u00e7as e adolescentes, infra\u00e7\u00e3o sanit\u00e1ria, tr\u00e1fico de pessoas, incita\u00e7\u00e3o de viol\u00eancia f\u00edsica e sexual, divulga\u00e7\u00e3o de fatos inver\u00eddicos e descontextualizados e divulga\u00e7\u00e3o de fatos notoriamente inver\u00eddicos que possam causar danos \u00e0s elei\u00e7\u00f5es.<\/p>\n\n\n\n<p>Toffoli entendeu que o&nbsp;Artigo 19 do Marco Civil da Internet \u00e9 inconstitucional&nbsp;e deu imunidade para as redes sociais. Dessa forma, segundo o ministro, deve ser aplicado de forma geral o Artigo 21, que previu a responsabilidade direta para os casos de danos \u00e0 intimidade, \u00e0 honra e \u00e0 vida privada.<\/p>\n\n\n\n<p>\u201cN\u00e3o tem como n\u00e3o estabelecermos hip\u00f3teses de responsabilidade objetiva. O 8 de janeiro [atos golpistas] mostra isso, novembro passado [atentado do homem-bomba] mostra isso\u201d, disse Toffoli.<\/p>\n\n\n\n<p>Pelo Artigo 19, \u201ccom o intuito de assegurar a liberdade de express\u00e3o e impedir a censura\u201d, as plataformas s\u00f3 podem ser responsabilizadas pelas postagens de seus usu\u00e1rios se, ap\u00f3s ordem judicial, n\u00e3o tomarem provid\u00eancias para retirar o conte\u00fado.<\/p>\n\n\n\n<p>Em seu voto, Toffoli tamb\u00e9m definiu que as regras de retirada imediata de conte\u00fado n\u00e3o se aplicam aos provedores de servi\u00e7os de e-mail, aplicativos de reuni\u00f5es fechadas online e provedores de mensageria privada (quando n\u00e3o forem usados como redes sociais).<\/p>\n\n\n\n<p>No caso de plataformas de marketplace, a responsabiliza\u00e7\u00e3o direta e solid\u00e1ria com os anunciantes ocorrer\u00e1 no caso de venda de produtos proibidos, como TV box, medicamentos e agrot\u00f3xicos sem autoriza\u00e7\u00e3o legal.<\/p>\n\n\n\n<p>A retirada de conte\u00fado considerado ilegal antes de decis\u00e3o judicial n\u00e3o atinge blogs e sites jornal\u00edsticos.<\/p>\n\n\n\n<p>Pelo voto do relator, o cumprimento da decis\u00e3o da Corte ser\u00e1 acompanhado pelo Departamento de Acompanhamento da Internet no Brasil (DAI), \u00f3rg\u00e3o que ser\u00e1 criado e funcionar\u00e1 no Conselho Nacional de Justi\u00e7a (CNJ).<\/p>\n\n\n\n<p>O ministro tamb\u00e9m deu prazo de 18 meses para o Congresso aprovar uma lei para enfrentamento da viol\u00eancia digital e a desinforma\u00e7\u00e3o.<\/p>\n\n\n\n<p>Ap\u00f3s o voto do ministro, a sess\u00e3o foi suspensa e ser\u00e1 retomada na quarta-feira (11). Faltam os votos de dez ministros.<\/p>\n\n\n\n<p>O plen\u00e1rio do STF julga dois processos que discutem a constitucionalidade do Artigo 19 do Marco Civil da Internet.<\/p>\n\n\n\n<p>Na a\u00e7\u00e3o relatada pelo ministro Dias Toffoli, o tribunal julga a validade da regra que exige ordem judicial pr\u00e9via para responsabiliza\u00e7\u00e3o dos provedores por atos il\u00edcitos. O caso trata de um recurso do Facebook para derrubar uma decis\u00e3o judicial que condenou a plataforma por danos morais pela cria\u00e7\u00e3o de um perfil falso de um usu\u00e1rio.<\/p>\n\n\n\n<p>No processo relatado pelo ministro Luiz Fux, o STF discute se uma empresa que hospeda um site na internet deve fiscalizar conte\u00fados ofensivos e retir\u00e1-los do ar sem interven\u00e7\u00e3o judicial. O recurso foi protocolado pelo Google.<\/p>\n\n\n\n<p>Na semana passada, nos primeiros dias do julgamento, representantes das redes sociais defenderam a manuten\u00e7\u00e3o da responsabilidade somente ap\u00f3s o descumprimento de decis\u00e3o judicial, como ocorre atualmente. As redes socais sustentaram que j\u00e1 realizam a retirada de conte\u00fados ilegais de forma extrajudicial e que o eventual monitoramento pr\u00e9vio configuraria censura.<\/p>\n\n\n\n<p>Bahia.ba<\/p>\n","protected":false},"excerpt":{"rendered":"<p>O ministro do Supremo Tribunal Federal (STF) Dias Toffoli votou nesta quinta-feira (5) para responsabilizar as redes sociais pelos conte\u00fados ilegais postados pelos usu\u00e1rios. Toffoli \u00e9 relator de uma das a\u00e7\u00f5es que est\u00e3o sendo julgadas pela Corte.&nbsp;&nbsp; Em sua manifesta\u00e7\u00e3o, Toffoli considerou inconstitucional a atual regra que rege a responsabiliza\u00e7\u00e3o civil das plataformas. Com o [&hellip;]<\/p>\n","protected":false},"author":2,"featured_media":20256,"comment_status":"open","ping_status":"open","sticky":false,"template":"","format":"standard","meta":{"_jetpack_memberships_contains_paid_content":false,"footnotes":""},"categories":[39],"tags":[],"class_list":["post-20255","post","type-post","status-publish","format-standard","has-post-thumbnail","hentry","category-politica"],"aioseo_notices":[],"jetpack_featured_media_url":"https:\/\/i0.wp.com\/minutobahia24h.com.br\/wp-content\/uploads\/2024\/12\/Sem-titulo-84.jpg?fit=600%2C420&ssl=1","jetpack_sharing_enabled":true,"_links":{"self":[{"href":"https:\/\/minutobahia24h.com.br\/index.php?rest_route=\/wp\/v2\/posts\/20255","targetHints":{"allow":["GET"]}}],"collection":[{"href":"https:\/\/minutobahia24h.com.br\/index.php?rest_route=\/wp\/v2\/posts"}],"about":[{"href":"https:\/\/minutobahia24h.com.br\/index.php?rest_route=\/wp\/v2\/types\/post"}],"author":[{"embeddable":true,"href":"https:\/\/minutobahia24h.com.br\/index.php?rest_route=\/wp\/v2\/users\/2"}],"replies":[{"embeddable":true,"href":"https:\/\/minutobahia24h.com.br\/index.php?rest_route=%2Fwp%2Fv2%2Fcomments&post=20255"}],"version-history":[{"count":1,"href":"https:\/\/minutobahia24h.com.br\/index.php?rest_route=\/wp\/v2\/posts\/20255\/revisions"}],"predecessor-version":[{"id":20257,"href":"https:\/\/minutobahia24h.com.br\/index.php?rest_route=\/wp\/v2\/posts\/20255\/revisions\/20257"}],"wp:featuredmedia":[{"embeddable":true,"href":"https:\/\/minutobahia24h.com.br\/index.php?rest_route=\/wp\/v2\/media\/20256"}],"wp:attachment":[{"href":"https:\/\/minutobahia24h.com.br\/index.php?rest_route=%2Fwp%2Fv2%2Fmedia&parent=20255"}],"wp:term":[{"taxonomy":"category","embeddable":true,"href":"https:\/\/minutobahia24h.com.br\/index.php?rest_route=%2Fwp%2Fv2%2Fcategories&post=20255"},{"taxonomy":"post_tag","embeddable":true,"href":"https:\/\/minutobahia24h.com.br\/index.php?rest_route=%2Fwp%2Fv2%2Ftags&post=20255"}],"curies":[{"name":"wp","href":"https:\/\/api.w.org\/{rel}","templated":true}]}}