{"id":20240,"date":"2024-12-06T07:27:15","date_gmt":"2024-12-06T10:27:15","guid":{"rendered":"https:\/\/minutobahia24h.com.br\/?p=20240"},"modified":"2024-12-06T07:27:16","modified_gmt":"2024-12-06T10:27:16","slug":"saiba-como-os-parlamentares-baianos-votaram-urgencia-do-corte-de-gastos","status":"publish","type":"post","link":"https:\/\/minutobahia24h.com.br\/?p=20240","title":{"rendered":"Saiba como os parlamentares baianos votaram urg\u00eancia do corte de gastos"},"content":{"rendered":"<div class=\"wp-block-image\">\n<figure class=\"aligncenter size-full\"><img data-recalc-dims=\"1\" fetchpriority=\"high\" decoding=\"async\" width=\"598\" height=\"420\" src=\"https:\/\/i0.wp.com\/minutobahia24h.com.br\/wp-content\/uploads\/2024\/12\/Sem-titulo-79.jpg?resize=598%2C420&#038;ssl=1\" alt=\"\" class=\"wp-image-20241\" srcset=\"https:\/\/i0.wp.com\/minutobahia24h.com.br\/wp-content\/uploads\/2024\/12\/Sem-titulo-79.jpg?w=598&amp;ssl=1 598w, https:\/\/i0.wp.com\/minutobahia24h.com.br\/wp-content\/uploads\/2024\/12\/Sem-titulo-79.jpg?resize=300%2C211&amp;ssl=1 300w\" sizes=\"(max-width: 598px) 100vw, 598px\" \/><figcaption class=\"wp-element-caption\">Foto: Ananda Borges | C\u00e2mara dos Deputados<br><\/figcaption><\/figure>\n<\/div>\n\n\n<p>Duas propostas encaminhadas pelo governo federal que integram o pacote fiscal elaborado pelo Minist\u00e9rio da Fazenda foram aprovadas pela C\u00e2mara dos Deputados em regime de urg\u00eancia. A bancada baiana, contudo, dividiu opini\u00f5es e deu pelo menos um voto contr\u00e1rio nos requerimentos.<\/p>\n\n\n\n<p>Angelo Coronel e Otto Alencar, os deputados federais Diego Coronel e Otto Alencar Filho, ambos do PSD, deram pelo menos um voto contr\u00e1rio aos requerimentos aprovados na noite desta quarta-feira (4) para acelerar a vota\u00e7\u00e3o de duas mat\u00e9rias que fazem parte do ajuste fiscal anunciado pelo governo Lula.<\/p>\n\n\n\n<p>Um dos projetos postos para a aprecia\u00e7\u00e3o dos parlamentares foi o 4614\/24, que trata sobre o ajuste das despesas ligadas ao sal\u00e1rio m\u00ednimo aos limites do arcabou\u00e7o fiscal, de modo que ele continuaria a ter um ganho acima da infla\u00e7\u00e3o, mas limitado a um intervalo entre 0,6% e 2,5%.<\/p>\n\n\n\n<p><strong>Veja como cada um deles votou:<\/strong><\/p>\n\n\n\n<p><strong>URG\u00caNCIA AO PL 4.614\/2024<\/strong><\/p>\n\n\n\n<p>Adolfo Viana (PSDB) \u2013 Sim<br>Alice Portugal (PCdoB) \u2013 Sim<br>Antonio Brito (PSD) \u2013 Sim<br>Bacelar (PV) \u2013 Sim<br>Capit\u00e3o Alden (PL) \u2013 N\u00e3o<br>Claudio Cajado (PP) \u2013 Sim<br>Daniel Almeida (PCdoB) \u2013 Sim<br>Diego Coronel (PSD) \u2013 Sim<br>Elmar Nascimento (Uni\u00e3o) \u2013 N\u00e3o<br>Gabriel Nunes (PSD) \u2013 Sim<br>Ivoneide Caetano (PT) \u2013 Sim<br>Jo\u00e3o Carlos Bacelar (PL) \u2013 Sim<br>Jorge Solla (PT) \u2013 Sim<br>Jos\u00e9 Rocha (Uni\u00e3o) \u2013 N\u00e3o<br>Joseildo Ramos (PT) \u2013 Sim<br>Leo Prates (PDT) \u2013 Sim<br>Leur Lomanto J\u00fanior (Uni\u00e3o) \u2013 N\u00e3o<br>L\u00eddice da Mata (PSB) \u2013 Sim<br>M\u00e1rio Negromonte Jr. (PP) \u2013 Sim<br>Neto Carletto (PP) \u2013 Sim<br>Otto Alencar Filho (PSD) \u2013 N\u00e3o<br>Pastor Sargento Isid\u00f3rio (Avante) \u2013 Sim<br>Paulo Azi (Uni\u00e3o) \u2013 N\u00e3o<br>Paulo Magalh\u00e3es (PSD) \u2013 Sim<br>Raimundo Costa (Podemos) \u2013 Sim<br>Roberta Roma (PL) \u2013 N\u00e3o<br>Rog\u00e9ria Santos (Republicanos) \u2013 Sim<br>S\u00e9rgio Brito (PSD) \u2013 Sim<br>Valmir Assun\u00e7\u00e3o (PT) \u2013 Sim<br>Waldenor Pereira (PT) \u2013 Sim<br>Z\u00e9 Neto (PT) \u2013 Sim<\/p>\n\n\n\n<p><strong>URG\u00caNCIA AO PLP 210\/2024<br><\/strong><br>Adolfo Viana \u2013 PSDB \u2013 Sim<br>Alice Portugal \u2013 PCdoB \u2013 Sim<br>Antonio Brito \u2013 PSD \u2013 Sim<br>Bacelar \u2013 PV \u2013 Sim<br>Capit\u00e3o Alden \u2013 PL \u2013 Obstru\u00e7\u00e3o<br>Claudio Cajado \u2013 PP \u2013 Sim<br>Daniel Almeida \u2013 PCdoB \u2013 Sim<br>Diego Coronel \u2013 PSD \u2013 N\u00e3o<br>Elmar Nascimento \u2013 Uni\u00e3o \u2013 N\u00e3o<br>Gabriel Nunes \u2013 PSD \u2013 Sim<br>Ivoneide Caetano \u2013 PT \u2013 Sim<br>Jo\u00e3o Carlos Bacelar \u2013 PL \u2013 Sim<br>Jorge Solla \u2013 PT \u2013 Sim<br>Jos\u00e9 Rocha \u2013 Uni\u00e3o \u2013 N\u00e3o<br>Joseildo Ramos \u2013 PT \u2013 Sim<br>Leo Prates \u2013 PDT \u2013 Sim<br>Leur Lomanto J\u00fanior \u2013 Uni\u00e3o \u2013 N\u00e3o<br>L\u00eddice da Mata \u2013 PSB \u2013 Sim<br>M\u00e1rio Negromonte Jr. \u2013 PP \u2013 Sim<br>Neto Carletto \u2013 PP \u2013 Sim<br>Otto Alencar Filho \u2013 PSD \u2013 Sim<br>Pastor Sargento Isid\u00f3rio \u2013 Avante \u2013 Sim<br>Paulo Azi \u2013 Uni\u00e3o \u2013 N\u00e3o<br>Paulo Magalh\u00e3es \u2013 PSD \u2013 Sim<br>Raimundo Costa \u2013 Podemos \u2013 Sim<br>Roberta Roma \u2013 PL \u2013 Obstru\u00e7\u00e3o<br>Rog\u00e9ria Santos \u2013 Republicanos \u2013 Sim<br>S\u00e9rgio Brito \u2013 PSD \u2013 Sim<br>Valmir Assun\u00e7\u00e3o \u2013 PT \u2013 Sim<br>Waldenor Pereira \u2013 PT \u2013 Sim<br>Z\u00e9 Neto \u2013 PT \u2013 Sim<\/p>\n\n\n\n<p>Bahia.ba<\/p>\n","protected":false},"excerpt":{"rendered":"<p>Duas propostas encaminhadas pelo governo federal que integram o pacote fiscal elaborado pelo Minist\u00e9rio da Fazenda foram aprovadas pela C\u00e2mara dos Deputados em regime de urg\u00eancia. A bancada baiana, contudo, dividiu opini\u00f5es e deu pelo menos um voto contr\u00e1rio nos requerimentos. Angelo Coronel e Otto Alencar, os deputados federais Diego Coronel e Otto Alencar Filho, [&hellip;]<\/p>\n","protected":false},"author":2,"featured_media":20241,"comment_status":"open","ping_status":"open","sticky":false,"template":"","format":"standard","meta":{"_jetpack_memberships_contains_paid_content":false,"footnotes":""},"categories":[39],"tags":[],"class_list":["post-20240","post","type-post","status-publish","format-standard","has-post-thumbnail","hentry","category-politica"],"aioseo_notices":[],"jetpack_featured_media_url":"https:\/\/i0.wp.com\/minutobahia24h.com.br\/wp-content\/uploads\/2024\/12\/Sem-titulo-79.jpg?fit=598%2C420&ssl=1","jetpack_sharing_enabled":true,"_links":{"self":[{"href":"https:\/\/minutobahia24h.com.br\/index.php?rest_route=\/wp\/v2\/posts\/20240","targetHints":{"allow":["GET"]}}],"collection":[{"href":"https:\/\/minutobahia24h.com.br\/index.php?rest_route=\/wp\/v2\/posts"}],"about":[{"href":"https:\/\/minutobahia24h.com.br\/index.php?rest_route=\/wp\/v2\/types\/post"}],"author":[{"embeddable":true,"href":"https:\/\/minutobahia24h.com.br\/index.php?rest_route=\/wp\/v2\/users\/2"}],"replies":[{"embeddable":true,"href":"https:\/\/minutobahia24h.com.br\/index.php?rest_route=%2Fwp%2Fv2%2Fcomments&post=20240"}],"version-history":[{"count":1,"href":"https:\/\/minutobahia24h.com.br\/index.php?rest_route=\/wp\/v2\/posts\/20240\/revisions"}],"predecessor-version":[{"id":20242,"href":"https:\/\/minutobahia24h.com.br\/index.php?rest_route=\/wp\/v2\/posts\/20240\/revisions\/20242"}],"wp:featuredmedia":[{"embeddable":true,"href":"https:\/\/minutobahia24h.com.br\/index.php?rest_route=\/wp\/v2\/media\/20241"}],"wp:attachment":[{"href":"https:\/\/minutobahia24h.com.br\/index.php?rest_route=%2Fwp%2Fv2%2Fmedia&parent=20240"}],"wp:term":[{"taxonomy":"category","embeddable":true,"href":"https:\/\/minutobahia24h.com.br\/index.php?rest_route=%2Fwp%2Fv2%2Fcategories&post=20240"},{"taxonomy":"post_tag","embeddable":true,"href":"https:\/\/minutobahia24h.com.br\/index.php?rest_route=%2Fwp%2Fv2%2Ftags&post=20240"}],"curies":[{"name":"wp","href":"https:\/\/api.w.org\/{rel}","templated":true}]}}