{"id":1994,"date":"2023-10-10T07:02:59","date_gmt":"2023-10-10T10:02:59","guid":{"rendered":"https:\/\/minutobahia24h.com.br\/?p=1994"},"modified":"2023-10-10T07:03:00","modified_gmt":"2023-10-10T10:03:00","slug":"bolsonaro-no-tse-novas-acusacoes-contra-o-ex-presidente-julgado-nesta-terca-incluem-lives-e-uso-do-alvorada-entenda","status":"publish","type":"post","link":"https:\/\/minutobahia24h.com.br\/?p=1994","title":{"rendered":"Bolsonaro no TSE: novas acusa\u00e7\u00f5es contra o ex-presidente, julgado nesta ter\u00e7a, incluem lives e uso do Alvorada; entenda"},"content":{"rendered":"<div class=\"wp-block-image\">\n<figure class=\"aligncenter size-full\"><img data-recalc-dims=\"1\" fetchpriority=\"high\" decoding=\"async\" width=\"800\" height=\"534\" src=\"https:\/\/i0.wp.com\/minutobahia24h.com.br\/wp-content\/uploads\/2023\/10\/Sem-titulo-68.jpg?resize=800%2C534&#038;ssl=1\" alt=\"\" class=\"wp-image-1996\" srcset=\"https:\/\/i0.wp.com\/minutobahia24h.com.br\/wp-content\/uploads\/2023\/10\/Sem-titulo-68.jpg?w=887&amp;ssl=1 887w, https:\/\/i0.wp.com\/minutobahia24h.com.br\/wp-content\/uploads\/2023\/10\/Sem-titulo-68.jpg?resize=300%2C200&amp;ssl=1 300w, https:\/\/i0.wp.com\/minutobahia24h.com.br\/wp-content\/uploads\/2023\/10\/Sem-titulo-68.jpg?resize=768%2C513&amp;ssl=1 768w, https:\/\/i0.wp.com\/minutobahia24h.com.br\/wp-content\/uploads\/2023\/10\/Sem-titulo-68.jpg?resize=750%2C501&amp;ssl=1 750w\" sizes=\"(max-width: 800px) 100vw, 800px\" \/><figcaption class=\"wp-element-caption\">O ex-presidente Jair Bolsonaro, ap\u00f3s desembarcar em Bras\u00edlia \u2014 Foto: Brenno Carvalho\/Ag\u00eancia O Globo\/19-09-2023<br><\/figcaption><\/figure>\n<\/div>\n\n\n<p>Tr\u00eas meses ap\u00f3s declarar o ex-presidente\u00a0<a class=\"\" href=\"https:\/\/oglobo.globo.com\/tudo-sobre\/politico\/jair-messias-bolsonaro\">Jair Bolsonaro<\/a>\u00a0(PL) ineleg\u00edvel por oito anos, o Tribunal Superior Eleitoral (<a class=\"\" href=\"https:\/\/oglobo.globo.com\/tudo-sobre\/instituicao-governamental\/tse\">TSE<\/a>)\u00a0<a class=\"\" href=\"https:\/\/oglobo.globo.com\/politica\/noticia\/2023\/10\/09\/tse-vai-julgar-mais-tres-acoes-contra-jair-bolsonaro-na-terca-feira.ghtml\">volta a analisar nesta ter\u00e7a-feira<\/a>\u00a0a\u00e7\u00f5es que investigam a campanha dele \u00e0 reelei\u00e7\u00e3o. Dessa vez, ser\u00e3o julgados em conjunto\u00a0<a class=\"\" href=\"https:\/\/oglobo.globo.com\/politica\/noticia\/2023\/10\/09\/tse-vai-julgar-mais-tres-acoes-contra-jair-bolsonaro-na-terca-feira.ghtml\">tr\u00eas processos que tratam da suspeita de uso dos pal\u00e1cios do Planalto e da Alvorada para fins eleitorais<\/a>. Ao contr\u00e1rio do julgamento anterior, no entanto, o Minist\u00e9rio P\u00fablico Eleitoral (MPE) defendeu a rejei\u00e7\u00e3o desses processos.<\/p>\n\n\n\n<p>Em julho, Bolsonaro foi condenado pelo TSE por abuso de poder pol\u00edtico e uso indevido dos meios de comunica\u00e7\u00e3o, por ter feito ataques infundados ao sistema eleitoral em uma reuni\u00e3o com embaixadores. Entretanto, outras 15 A\u00e7\u00f5es de Investiga\u00e7\u00e3o Judicial Eleitoral (Aijes) continuam tramitando contra ele \u2014 incluindo as tr\u00eas que ser\u00e3o julgadas nesta ter\u00e7a. Em caso de nova condena\u00e7\u00e3o, ele ser\u00e1 novamente decretado ineleg\u00edvel, mas n\u00e3o haver\u00e1 a soma dos dois prazos.<\/p>\n\n\n\n<h2 class=\"wp-block-heading\">O que dizem as a\u00e7\u00f5es?<\/h2>\n\n\n\n<p>As tr\u00eas a\u00e7\u00f5es que ser\u00e3o analisadas envolvem suposto abuso de poder pol\u00edtico. Duas delas foram apresentadas pelo PDT e tratam do mesmo assunto: o fato de Bolsonaro ter usado a estrutura da Presid\u00eancia para realizar transmiss\u00f5es ao vivo nas quais pediu votos. Al\u00e9m de serem gravadas no Planalto ou no Alvorada, as &#8220;lives&#8221;, como eram chamadas, contavam tamb\u00e9m com funcion\u00e1rios do governo como tradutores de libras.<\/p>\n\n\n\n<p>No ano passado, durante a elei\u00e7\u00e3o, o TSE determinou em uma dessas a\u00e7\u00f5es que Bolsonaro n\u00e3o poderia mais fazer as transmiss\u00f5es de cunho eleitoral em pr\u00e9dios da Presid\u00eancia. Na \u00e9poca, Bolsonaro reclamou enfaticamente da decis\u00e3o, mas passou a gravar os v\u00eddeos na casa de um assessor.<\/p>\n\n\n\n<p>A outra a\u00e7\u00e3o foi apresentada pela coliga\u00e7\u00e3o do presidente Luiz In\u00e1cio Lula da Silva e trata de eventos eleitorais realizados no Planalto e no Alvorada no segundo turno das elei\u00e7\u00f5es. Na \u00e9poca, Bolsonaro recebeu diversos governadores, que declaravam apoio a ele na disputa. Tamb\u00e9m foi organizado um evento com cantores sertanejos para o mesmo fim.<\/p>\n\n\n\n<p>O relator dos processos \u00e9 o ministro Benedito Gon\u00e7alves, que atua como corregedor da Justi\u00e7a Eleitoral.<\/p>\n\n\n\n<p>Na a\u00e7\u00e3o que trata das lives, o PDT argumentou que Bolsonaro promoveu um &#8220;desvirtuamento&#8221; das lives, j\u00e1 que originalmente elas seriam utilizadas para divulgar atos de governo, mas passaram a ter &#8220;finalidades eleitorais&#8221;. Para o partido, o ent\u00e3o presidente &#8220;utilizou-se de toda estrutura da Administra\u00e7\u00e3o P\u00fablica para promover sua campanha eleitoral e, com isso, desequilibrar a normalidade e a legitimidade do pleito&#8221;.<\/p>\n\n\n\n<p>O advogado de Bolsonaro e Braga Netto, Tarc\u00edsio Vieira de Carvalho, alegou que houve apenas um &#8220;uso pontual&#8221; da biblioteca do Alvorada e que o mais importante n\u00e3o era o cen\u00e1rio, mas sim o conte\u00fado da mensagem. &#8220;Atribuir for\u00e7a simb\u00f3lica desmedida a simples ambiente de biblioteca foge ao razo\u00e1vel e desborda, evidentemente, de qualquer par\u00e2metro de proporcionalidade&#8221;, afirmou. Carvalho tamb\u00e9m disse que a tradutora que participou das transmiss\u00f5es estava fora do hor\u00e1rio de expediente.<\/p>\n\n\n\n<p>O vice-procurador-geral eleitoral, Paulo Gonet, defendeu a rejei\u00e7\u00e3o, por considerar que &#8220;n\u00e3o h\u00e1 se dar como provado o abuso de poder pol\u00edtico&#8221;. Gonet ressaltou que n\u00e3o houve &#8220;explora\u00e7\u00e3o, na mat\u00e9ria produzida, do fato de a live ter sido filmada no pal\u00e1cio&#8221; e que n\u00e3o h\u00e1 estimativa de custos que demonstre se a realiza\u00e7\u00e3o da live foi &#8220;particularmente marcante para viciar o processo eleitoral&#8221;.<\/p>\n\n\n\n<p>Em rela\u00e7\u00e3o ao processo que trata das reuni\u00f5es eleitorais, a coliga\u00e7\u00e3o de Lula considerou que houve uma &#8220;utiliza\u00e7\u00e3o da estrutura da administra\u00e7\u00e3o p\u00fablica do governo federal para angariar apoios e satisfazer finalidades eleitoreiras&#8221;.<\/p>\n\n\n\n<p>A defesa de Bolsonaro rebateu alegando que os encontros n\u00e3o tiveram objetivo unicamente eleitoral e e que &#8220;n\u00e3o h\u00e1 a presen\u00e7a de qualquer dos s\u00edmbolos da Rep\u00fablica (bandeira nacional, bras\u00e3o ou selo), biblioteca, fotografias ou qualquer meio de identifica\u00e7\u00e3o do local que pudesse, eventualmente, ensejar algum tipo de ganho competitivo aos candidatos Investigados&#8221;.<\/p>\n\n\n\n<p>Neste caso, Paulo Gonet considerou que houve um desrespeito \u00e0 legisla\u00e7\u00e3o, mas considerou que o ato n\u00e3o foi grave o suficiente para levar a uma condena\u00e7\u00e3o. Para vice-procurador-geral eleitoral, n\u00e3o houve &#8220;impacto substancial sobre a legitimidade das elei\u00e7\u00f5es&#8221; ou &#8220;comprometimento do equil\u00edbrio entre os competidores eleitorais&#8221;.<\/p>\n","protected":false},"excerpt":{"rendered":"<p>Tr\u00eas meses ap\u00f3s declarar o ex-presidente\u00a0Jair Bolsonaro\u00a0(PL) ineleg\u00edvel por oito anos, o Tribunal Superior Eleitoral (TSE)\u00a0volta a analisar nesta ter\u00e7a-feira\u00a0a\u00e7\u00f5es que investigam a campanha dele \u00e0 reelei\u00e7\u00e3o. Dessa vez, ser\u00e3o julgados em conjunto\u00a0tr\u00eas processos que tratam da suspeita de uso dos pal\u00e1cios do Planalto e da Alvorada para fins eleitorais. Ao contr\u00e1rio do julgamento anterior, [&hellip;]<\/p>\n","protected":false},"author":2,"featured_media":1996,"comment_status":"open","ping_status":"open","sticky":false,"template":"","format":"standard","meta":{"_jetpack_memberships_contains_paid_content":false,"footnotes":""},"categories":[39],"tags":[],"class_list":["post-1994","post","type-post","status-publish","format-standard","has-post-thumbnail","hentry","category-politica"],"aioseo_notices":[],"jetpack_featured_media_url":"https:\/\/i0.wp.com\/minutobahia24h.com.br\/wp-content\/uploads\/2023\/10\/Sem-titulo-68.jpg?fit=887%2C592&ssl=1","jetpack_sharing_enabled":true,"_links":{"self":[{"href":"https:\/\/minutobahia24h.com.br\/index.php?rest_route=\/wp\/v2\/posts\/1994","targetHints":{"allow":["GET"]}}],"collection":[{"href":"https:\/\/minutobahia24h.com.br\/index.php?rest_route=\/wp\/v2\/posts"}],"about":[{"href":"https:\/\/minutobahia24h.com.br\/index.php?rest_route=\/wp\/v2\/types\/post"}],"author":[{"embeddable":true,"href":"https:\/\/minutobahia24h.com.br\/index.php?rest_route=\/wp\/v2\/users\/2"}],"replies":[{"embeddable":true,"href":"https:\/\/minutobahia24h.com.br\/index.php?rest_route=%2Fwp%2Fv2%2Fcomments&post=1994"}],"version-history":[{"count":1,"href":"https:\/\/minutobahia24h.com.br\/index.php?rest_route=\/wp\/v2\/posts\/1994\/revisions"}],"predecessor-version":[{"id":1997,"href":"https:\/\/minutobahia24h.com.br\/index.php?rest_route=\/wp\/v2\/posts\/1994\/revisions\/1997"}],"wp:featuredmedia":[{"embeddable":true,"href":"https:\/\/minutobahia24h.com.br\/index.php?rest_route=\/wp\/v2\/media\/1996"}],"wp:attachment":[{"href":"https:\/\/minutobahia24h.com.br\/index.php?rest_route=%2Fwp%2Fv2%2Fmedia&parent=1994"}],"wp:term":[{"taxonomy":"category","embeddable":true,"href":"https:\/\/minutobahia24h.com.br\/index.php?rest_route=%2Fwp%2Fv2%2Fcategories&post=1994"},{"taxonomy":"post_tag","embeddable":true,"href":"https:\/\/minutobahia24h.com.br\/index.php?rest_route=%2Fwp%2Fv2%2Ftags&post=1994"}],"curies":[{"name":"wp","href":"https:\/\/api.w.org\/{rel}","templated":true}]}}