{"id":19910,"date":"2024-12-02T07:24:16","date_gmt":"2024-12-02T10:24:16","guid":{"rendered":"https:\/\/minutobahia24h.com.br\/?p=19910"},"modified":"2024-12-02T07:24:20","modified_gmt":"2024-12-02T10:24:20","slug":"biden-concede-perdao-total-e-incondicional-ao-filho-hunter-para-evitar-que-ele-seja-preso","status":"publish","type":"post","link":"https:\/\/minutobahia24h.com.br\/?p=19910","title":{"rendered":"Biden concede &#8216;perd\u00e3o total e incondicional&#8217; ao filho Hunter para evitar que ele seja preso"},"content":{"rendered":"<div class=\"wp-block-image\">\n<figure class=\"aligncenter size-full\"><img data-recalc-dims=\"1\" fetchpriority=\"high\" decoding=\"async\" width=\"800\" height=\"533\" src=\"https:\/\/i0.wp.com\/minutobahia24h.com.br\/wp-content\/uploads\/2024\/12\/Sem-titulo-13.jpg?resize=800%2C533&#038;ssl=1\" alt=\"\" class=\"wp-image-19911\" srcset=\"https:\/\/i0.wp.com\/minutobahia24h.com.br\/wp-content\/uploads\/2024\/12\/Sem-titulo-13.jpg?w=984&amp;ssl=1 984w, https:\/\/i0.wp.com\/minutobahia24h.com.br\/wp-content\/uploads\/2024\/12\/Sem-titulo-13.jpg?resize=300%2C200&amp;ssl=1 300w, https:\/\/i0.wp.com\/minutobahia24h.com.br\/wp-content\/uploads\/2024\/12\/Sem-titulo-13.jpg?resize=768%2C512&amp;ssl=1 768w, https:\/\/i0.wp.com\/minutobahia24h.com.br\/wp-content\/uploads\/2024\/12\/Sem-titulo-13.jpg?resize=750%2C500&amp;ssl=1 750w\" sizes=\"(max-width: 800px) 100vw, 800px\" \/><figcaption class=\"wp-element-caption\">Presidente Joe Biden discursa na Casa Branca durante uma cerim\u00f4nia sobre o Dia Mundial da AIDS com sobreviventes, suas fam\u00edlias e defensores, neste domingo (1\u00ba) \u2014 Foto: Manuel Balce Ceneta\/AP<br><br><\/figcaption><\/figure>\n<\/div>\n\n\n<p>O presidente dos EUA,\u00a0<a class=\"\" href=\"https:\/\/g1.globo.com\/tudo-sobre\/joe-biden\/\">Joe Biden<\/a>, concedeu perd\u00e3o &#8220;total e incondicional&#8221; ao seu filho, Hunter Biden, na noite deste domingo (1\u00ba), evitando uma poss\u00edvel senten\u00e7a de pris\u00e3o por\u00a0<a class=\"\" href=\"https:\/\/g1.globo.com\/mundo\/noticia\/2024\/06\/11\/hunter-biden-entenda-acusacoes-levaram-a-condenacao-de-filho-do-presidente-dos-eua.ghtml\">condena\u00e7\u00f5es federais sobre a compra ilegal de arma e pela sonega\u00e7\u00e3o de US$ 1,4 milh\u00e3o em impostos.<\/a> &#8220;Hoje, assinei um perd\u00e3o para meu filho Hunter&#8221;, declarou Biden neste domingo, alegando que a acusa\u00e7\u00e3o contra ele foi motivada politicamente e um &#8220;erro judicial&#8221;.<\/p>\n\n\n\n<p>O perd\u00e3o significa que Hunter n\u00e3o ser\u00e1 sentenciado por seus crime e evita que ela seja preso.&nbsp;O presidente eleito&nbsp;<a class=\"\" href=\"https:\/\/g1.globo.com\/tudo-sobre\/donald-trump\/\">Donald Trump<\/a>&nbsp;n\u00e3o pode revogar o perd\u00e3o.<\/p>\n\n\n\n<p>O perd\u00e3o representa uma mudan\u00e7a de postura de Biden sobre o caso.&nbsp;Na \u00e9poca da condena\u00e7\u00e3o de Hunter, ele havia prometido que n\u00e3o iria usar os poderes extraordin\u00e1rios da presid\u00eancia para beneficiar membros da fam\u00edlia.<\/p>\n\n\n\n<blockquote class=\"wp-block-quote is-layout-flow wp-block-quote-is-layout-flow\">\n<p>&#8220;As acusa\u00e7\u00f5es nesses casos surgiram apenas ap\u00f3s v\u00e1rios de meus oponentes pol\u00edticos no Congresso as instigarem para me atacar e se oporem \u00e0 minha elei\u00e7\u00e3o&#8221;, afirmou Biden. &#8220;Nenhuma pessoa razo\u00e1vel que analise os fatos dos casos de Hunter pode chegar a outra conclus\u00e3o al\u00e9m de que ele foi alvo apenas porque \u00e9 meu filho.&#8221;<\/p>\n<\/blockquote>\n\n\n\n<p>O presidente democrata havia declarado anteriormente que n\u00e3o perdoaria ou comutaria a senten\u00e7a de seu filho ap\u00f3s as condena\u00e7\u00f5es nos casos em Delaware e Calif\u00f3rnia.<\/p>\n\n\n\n<p>A decis\u00e3o ocorre semanas antes de Hunter Biden receber sua senten\u00e7a no caso de armas e de sua confiss\u00e3o de culpa nas acusa\u00e7\u00f5es fiscais, e menos de dois meses antes de Donald Trump, presidente eleito, retornar \u00e0 Casa Branca.<\/p>\n\n\n\n<p>Trump passou anos atacando Hunter Biden por seus problemas legais e pessoais como parte de uma s\u00e9rie de ataques contra a fam\u00edlia do presidente Biden.<\/p>\n\n\n\n<p>O jornal americano &#8220;The New York Times&#8221; afirma que n\u00e3o \u00e9 a primeira vez que um presidente usa seu poder executivo para perdoar ou atenuar a pena de um familiar. Em seu \u00faltimo dia no cargo, o ex-presidente Bill Clinton perdoou seu irm\u00e3o Roger Clinton por antigas acusa\u00e7\u00f5es de uso de coca\u00edna. Um m\u00eas antes de deixar o cargo, o ent\u00e3o presidente Donald Trump perdoou o pai de seu genro Jared Kushner, Charles Kushner, por sonega\u00e7\u00e3o fiscal e outros crimes.<\/p>\n\n\n\n<p>Contudo, o jornal aponta que tanto Roger Clinton quanto Kushner j\u00e1 tinha cumprido as penas de pris\u00e3o quando o perd\u00e3o foi concedido.<\/p>\n\n\n\n<h2 class=\"wp-block-heading\">Acusa\u00e7\u00f5es de porte ilegal de arma e sonega\u00e7\u00e3o<\/h2>\n\n\n\n<figure class=\"wp-block-image\"><img data-recalc-dims=\"1\" decoding=\"async\" src=\"https:\/\/i0.wp.com\/s2-g1.glbimg.com\/e1_gAh_fxfb88mZfl5V4bkNKaek%3D\/0x0%3A1024x683\/984x0\/smart\/filters%3Astrip_icc%28%29\/i.s3.glbimg.com\/v1\/AUTH_59edd422c0c84a879bd37670ae4f538a\/internal_photos\/bs\/2024\/a\/9\/4H3ASFRbimEln8tDE6EQ\/ap24164030515611.jpg?w=800&#038;ssl=1\" alt=\"Joe Biden com o filho Hunter, em junho de 2024 \u2014 Foto: Manuel Balce Ceneta\/AP\"\/><\/figure>\n\n\n\n<p>Joe Biden com o filho Hunter, em junho de 2024 \u2014 Foto: Manuel Balce Ceneta\/AP<\/p>\n\n\n\n<p>Hunter revelou publicamente estar sob investiga\u00e7\u00e3o federal em dezembro de 2020, um m\u00eas ap\u00f3s a vit\u00f3ria do pai nas elei\u00e7\u00f5es de 2020.<\/p>\n\n\n\n<p>Em junho deste ano, Biden afirmou que n\u00e3o perdoaria ou faria algo para reduzir a pena de seu filho: &#8220;respeito a decis\u00e3o do j\u00fari. Farei isso e n\u00e3o vou perdo\u00e1-lo.&#8221;<\/p>\n\n\n\n<p>Em 8 de novembro, dias ap\u00f3s a vit\u00f3ria de Trump nas elei\u00e7\u00f5es presidenciais, a secret\u00e1ria de imprensa da Casa Branca, Karine Jean-Pierre, descartou um perd\u00e3o ou clem\u00eancia para Hunter Biden: &#8220;j\u00e1 nos fizeram essa pergunta v\u00e1rias vezes. Nossa resposta permanece a mesma, que \u00e9 n\u00e3o.&#8221;<\/p>\n\n\n\n<p>Biden ainda disse que espera que os americanos entendam o motivo de um pai e um presidente &#8220;tomarem essa decis\u00e3o&#8221;. O presidente passou o feriado de A\u00e7\u00e3o de Gra\u00e7as em Nantucket, Massachusetts, com Hunter e sua fam\u00edlia.<\/p>\n\n\n\n<p><a class=\"\" href=\"https:\/\/g1.globo.com\/mundo\/noticia\/2024\/06\/11\/hunter-biden-filho-do-presidente-dos-eua-e-julgado-culpado-por-comprar-arma-em-periodo-em-que-usava-crack.ghtml\">Hunter foi condenado em junho em um tribunal federal de Delaware por tr\u00eas crimes relacionados \u00e0 compra de uma arma em 2018<\/a>, quando, segundo os promotores, ele mentiu em um formul\u00e1rio federal ao declarar que n\u00e3o usava drogas ilegalmente nem era viciado.<\/p>\n\n\n\n<p>Ele deveria ir a julgamento em setembro no caso da Calif\u00f3rnia, acusado de n\u00e3o pagar pelo menos US$ 1,4 milh\u00e3o em impostos. No entanto,&nbsp;<a class=\"\" href=\"https:\/\/g1.globo.com\/mundo\/noticia\/2024\/09\/05\/filho-de-joe-biden-e-julgado-por-evasao-fiscal-na-california.ghtml\">concordou em se declarar culpado de acusa\u00e7\u00f5es de contraven\u00e7\u00e3o e crime em um movimento surpresa horas antes do in\u00edcio da sele\u00e7\u00e3o do j\u00fari<\/a>.<\/p>\n\n\n\n<p>Hunter Biden afirmou que se declarou culpado nesse caso para poupar sua fam\u00edlia de mais dor e constrangimento ap\u00f3s o julgamento de armas expor detalhes sensacionalistas sobre sua luta<a class=\"\" href=\"https:\/\/g1.globo.com\/mundo\/noticia\/2024\/06\/11\/hunter-biden-entenda-acusacoes-levaram-a-condenacao-de-filho-do-presidente-dos-eua.ghtml\">&nbsp;contra o v\u00edcio em crack<\/a>.<\/p>\n\n\n\n<p>As acusa\u00e7\u00f5es fiscais&nbsp;<strong>previam at\u00e9 17 anos de pris\u00e3o<\/strong>, enquanto as acusa\u00e7\u00f5es de armas poderiam resultar em&nbsp;<strong>at\u00e9 25 anos de pris\u00e3o<\/strong>, embora as diretrizes federais de senten\u00e7a previssem penas bem mais brandas, sendo poss\u00edvel que ele evitasse a pris\u00e3o completamente.<\/p>\n\n\n\n<p>Em comunicado por e-mail, Hunter Biden disse que &#8220;nunca subestimar\u00e1 o al\u00edvio que lhe foi concedido&#8221; e prometeu dedicar a vida que reconstruiu &#8220;a ajudar aqueles que ainda est\u00e3o doentes e sofrendo&#8221;.<\/p>\n\n\n\n<blockquote class=\"wp-block-quote is-layout-flow wp-block-quote-is-layout-flow\">\n<p>&#8220;Admiti e assumi a responsabilidade por meus erros nos dias mais sombrios do meu v\u00edcio \u2013 erros que foram explorados para me humilhar publicamente e envergonhar a mim e \u00e0 minha fam\u00edlia por motivos pol\u00edticos.&#8221;<\/p>\n<\/blockquote>\n","protected":false},"excerpt":{"rendered":"<p>O presidente dos EUA,\u00a0Joe Biden, concedeu perd\u00e3o &#8220;total e incondicional&#8221; ao seu filho, Hunter Biden, na noite deste domingo (1\u00ba), evitando uma poss\u00edvel senten\u00e7a de pris\u00e3o por\u00a0condena\u00e7\u00f5es federais sobre a compra ilegal de arma e pela sonega\u00e7\u00e3o de US$ 1,4 milh\u00e3o em impostos. &#8220;Hoje, assinei um perd\u00e3o para meu filho Hunter&#8221;, declarou Biden neste domingo, [&hellip;]<\/p>\n","protected":false},"author":2,"featured_media":19911,"comment_status":"open","ping_status":"open","sticky":false,"template":"","format":"standard","meta":{"_jetpack_memberships_contains_paid_content":false,"footnotes":""},"categories":[15],"tags":[],"class_list":["post-19910","post","type-post","status-publish","format-standard","has-post-thumbnail","hentry","category-mundo"],"aioseo_notices":[],"jetpack_featured_media_url":"https:\/\/i0.wp.com\/minutobahia24h.com.br\/wp-content\/uploads\/2024\/12\/Sem-titulo-13.jpg?fit=984%2C656&ssl=1","jetpack_sharing_enabled":true,"_links":{"self":[{"href":"https:\/\/minutobahia24h.com.br\/index.php?rest_route=\/wp\/v2\/posts\/19910","targetHints":{"allow":["GET"]}}],"collection":[{"href":"https:\/\/minutobahia24h.com.br\/index.php?rest_route=\/wp\/v2\/posts"}],"about":[{"href":"https:\/\/minutobahia24h.com.br\/index.php?rest_route=\/wp\/v2\/types\/post"}],"author":[{"embeddable":true,"href":"https:\/\/minutobahia24h.com.br\/index.php?rest_route=\/wp\/v2\/users\/2"}],"replies":[{"embeddable":true,"href":"https:\/\/minutobahia24h.com.br\/index.php?rest_route=%2Fwp%2Fv2%2Fcomments&post=19910"}],"version-history":[{"count":1,"href":"https:\/\/minutobahia24h.com.br\/index.php?rest_route=\/wp\/v2\/posts\/19910\/revisions"}],"predecessor-version":[{"id":19912,"href":"https:\/\/minutobahia24h.com.br\/index.php?rest_route=\/wp\/v2\/posts\/19910\/revisions\/19912"}],"wp:featuredmedia":[{"embeddable":true,"href":"https:\/\/minutobahia24h.com.br\/index.php?rest_route=\/wp\/v2\/media\/19911"}],"wp:attachment":[{"href":"https:\/\/minutobahia24h.com.br\/index.php?rest_route=%2Fwp%2Fv2%2Fmedia&parent=19910"}],"wp:term":[{"taxonomy":"category","embeddable":true,"href":"https:\/\/minutobahia24h.com.br\/index.php?rest_route=%2Fwp%2Fv2%2Fcategories&post=19910"},{"taxonomy":"post_tag","embeddable":true,"href":"https:\/\/minutobahia24h.com.br\/index.php?rest_route=%2Fwp%2Fv2%2Ftags&post=19910"}],"curies":[{"name":"wp","href":"https:\/\/api.w.org\/{rel}","templated":true}]}}