{"id":19891,"date":"2024-12-02T07:05:31","date_gmt":"2024-12-02T10:05:31","guid":{"rendered":"https:\/\/minutobahia24h.com.br\/?p=19891"},"modified":"2024-12-02T07:05:32","modified_gmt":"2024-12-02T10:05:32","slug":"deputado-bobo-trabalho-continuo-por-melhorias-em-serrolandia","status":"publish","type":"post","link":"https:\/\/minutobahia24h.com.br\/?p=19891","title":{"rendered":"Deputado Bob\u00f4 Trabalho cont\u00ednuo por melhorias em Serrol\u00e2ndia"},"content":{"rendered":"<div class=\"wp-block-image\">\n<figure class=\"aligncenter size-full\"><img data-recalc-dims=\"1\" fetchpriority=\"high\" decoding=\"async\" width=\"590\" height=\"392\" src=\"https:\/\/i0.wp.com\/minutobahia24h.com.br\/wp-content\/uploads\/2024\/12\/Sem-titulo-7.jpg?resize=590%2C392&#038;ssl=1\" alt=\"\" class=\"wp-image-19892\" srcset=\"https:\/\/i0.wp.com\/minutobahia24h.com.br\/wp-content\/uploads\/2024\/12\/Sem-titulo-7.jpg?w=590&amp;ssl=1 590w, https:\/\/i0.wp.com\/minutobahia24h.com.br\/wp-content\/uploads\/2024\/12\/Sem-titulo-7.jpg?resize=300%2C199&amp;ssl=1 300w\" sizes=\"(max-width: 590px) 100vw, 590px\" \/><\/figure>\n<\/div>\n\n\n<p>O deputado Bob\u00f4 estive ao lado do amigo e atuante prefeito Gildo Mota e do assessor do deputado federal Daniel Almeida, Cl\u00e9ber Pereira, em duas agendas importantes.<\/p>\n\n\n\n<p><img decoding=\"async\" height=\"16\" width=\"16\" alt=\"\ud83d\udccd\" data-src=\"https:\/\/static.xx.fbcdn.net\/images\/emoji.php\/v9\/t2d\/1\/16\/1f4cd.png\" src=\"data:image\/gif;base64,R0lGODlhAQABAAAAACH5BAEKAAEALAAAAAABAAEAAAICTAEAOw==\" class=\"lazyload\"><noscript><img decoding=\"async\" height=\"16\" width=\"16\" alt=\"\ud83d\udccd\" data-src=\"https:\/\/static.xx.fbcdn.net\/images\/emoji.php\/v9\/t2d\/1\/16\/1f4cd.png\" src=\"data:image\/gif;base64,R0lGODlhAQABAAAAACH5BAEKAAEALAAAAAABAAEAAAICTAEAOw==\" class=\"lazyload\"><noscript><img decoding=\"async\" height=\"16\" width=\"16\" alt=\"\ud83d\udccd\" src=\"https:\/\/static.xx.fbcdn.net\/images\/emoji.php\/v9\/t2d\/1\/16\/1f4cd.png\"><\/noscript><\/noscript>Na Seinfra, em reuni\u00e3o com o secret\u00e1rio S\u00e9rgio Brito, tratamos sobre a pavimenta\u00e7\u00e3o asf\u00e1ltica das estradas de acesso aos povoados do Maracuj\u00e1 e do Ro\u00e7adinho. Essas obras s\u00e3o fundamentais para melhorar a mobilidade e a qualidade de vida dos moradores da regi\u00e3o.<img decoding=\"async\" height=\"16\" width=\"16\" alt=\"\ud83d\udee3\ufe0f\" data-src=\"https:\/\/static.xx.fbcdn.net\/images\/emoji.php\/v9\/t3c\/1\/16\/1f6e3.png\" src=\"data:image\/gif;base64,R0lGODlhAQABAAAAACH5BAEKAAEALAAAAAABAAEAAAICTAEAOw==\" class=\"lazyload\"><noscript><img decoding=\"async\" height=\"16\" width=\"16\" alt=\"\ud83d\udee3\ufe0f\" src=\"https:\/\/static.xx.fbcdn.net\/images\/emoji.php\/v9\/t3c\/1\/16\/1f6e3.png\"><\/noscript><\/p>\n\n\n\n<p><img decoding=\"async\" height=\"16\" width=\"16\" alt=\"\ud83d\udccd\" data-src=\"https:\/\/static.xx.fbcdn.net\/images\/emoji.php\/v9\/t2d\/1\/16\/1f4cd.png\" src=\"data:image\/gif;base64,R0lGODlhAQABAAAAACH5BAEKAAEALAAAAAABAAEAAAICTAEAOw==\" class=\"lazyload\"><noscript><img decoding=\"async\" height=\"16\" width=\"16\" alt=\"\ud83d\udccd\" data-src=\"https:\/\/static.xx.fbcdn.net\/images\/emoji.php\/v9\/t2d\/1\/16\/1f4cd.png\" src=\"data:image\/gif;base64,R0lGODlhAQABAAAAACH5BAEKAAEALAAAAAABAAEAAAICTAEAOw==\" class=\"lazyload\"><noscript><img decoding=\"async\" height=\"16\" width=\"16\" alt=\"\ud83d\udccd\" src=\"https:\/\/static.xx.fbcdn.net\/images\/emoji.php\/v9\/t2d\/1\/16\/1f4cd.png\"><\/noscript><\/noscript><a><\/a>Na Conder, com Larissa Brito, diretora de Equipamentos e Qualifica\u00e7\u00e3o Urban\u00edstica, discutimos novas obras de pavimenta\u00e7\u00e3o para a sede do munic\u00edpio.<\/p>\n\n\n\n<p>Essa parceria com o prefeito Gildo j\u00e1 garantiu grandes conquistas para Serrol\u00e2ndia, e seguimos firmes no trabalho para ampliar os investimentos e continuar levando desenvolvimento e qualidade de vida para a popula\u00e7\u00e3o.<img loading=\"lazy\" decoding=\"async\" height=\"16\" width=\"16\" alt=\"\u2728\" data-src=\"https:\/\/static.xx.fbcdn.net\/images\/emoji.php\/v9\/tf4\/1\/16\/2728.png\" src=\"data:image\/gif;base64,R0lGODlhAQABAAAAACH5BAEKAAEALAAAAAABAAEAAAICTAEAOw==\" class=\"lazyload\"><noscript><img loading=\"lazy\" decoding=\"async\" height=\"16\" width=\"16\" alt=\"\u2728\" src=\"https:\/\/static.xx.fbcdn.net\/images\/emoji.php\/v9\/tf4\/1\/16\/2728.png\"><\/noscript><\/p>\n\n\n\n<p><a href=\"https:\/\/www.facebook.com\/hashtag\/trabalhoquetransforma?__eep__=6&amp;__cft__[0]=AZVx5BHg6GLsdPMhZ50Mo-e-N4PFC32yzlwx9DbzeSrts0jl06sBJ5kJrJ_mavvtsL9qBFz94qy6yKsJ5ABpGRCprBlZmOfDjTx2fIFOhzviTu8WtzNy0sesqc7Hf6QYrou9hq-InC8j2ndCEqzWiw-L3200OZ508znR1pAN6MTyLl31dL2yy9zEbxFQ3PdH-1Y&amp;__tn__=*NK-R\">#TrabalhoQueTransforma<\/a><a href=\"https:\/\/www.facebook.com\/hashtag\/parceriaqueavan%C3%A7a?__eep__=6&amp;__cft__[0]=AZVx5BHg6GLsdPMhZ50Mo-e-N4PFC32yzlwx9DbzeSrts0jl06sBJ5kJrJ_mavvtsL9qBFz94qy6yKsJ5ABpGRCprBlZmOfDjTx2fIFOhzviTu8WtzNy0sesqc7Hf6QYrou9hq-InC8j2ndCEqzWiw-L3200OZ508znR1pAN6MTyLl31dL2yy9zEbxFQ3PdH-1Y&amp;__tn__=*NK-R\">#ParceriaQueAvan\u00e7a<\/a><a href=\"https:\/\/www.facebook.com\/hashtag\/serrol%C3%A2ndia?__eep__=6&amp;__cft__[0]=AZVx5BHg6GLsdPMhZ50Mo-e-N4PFC32yzlwx9DbzeSrts0jl06sBJ5kJrJ_mavvtsL9qBFz94qy6yKsJ5ABpGRCprBlZmOfDjTx2fIFOhzviTu8WtzNy0sesqc7Hf6QYrou9hq-InC8j2ndCEqzWiw-L3200OZ508znR1pAN6MTyLl31dL2yy9zEbxFQ3PdH-1Y&amp;__tn__=*NK-R\">#Serrol\u00e2ndia<\/a><a href=\"https:\/\/www.facebook.com\/hashtag\/desenvolvimento?__eep__=6&amp;__cft__[0]=AZVx5BHg6GLsdPMhZ50Mo-e-N4PFC32yzlwx9DbzeSrts0jl06sBJ5kJrJ_mavvtsL9qBFz94qy6yKsJ5ABpGRCprBlZmOfDjTx2fIFOhzviTu8WtzNy0sesqc7Hf6QYrou9hq-InC8j2ndCEqzWiw-L3200OZ508znR1pAN6MTyLl31dL2yy9zEbxFQ3PdH-1Y&amp;__tn__=*NK-R\">#Desenvolvimento<\/a><\/p>\n","protected":false},"excerpt":{"rendered":"<p>O deputado Bob\u00f4 estive ao lado do amigo e atuante prefeito Gildo Mota e do assessor do deputado federal Daniel Almeida, Cl\u00e9ber Pereira, em duas agendas importantes. Na Seinfra, em reuni\u00e3o com o secret\u00e1rio S\u00e9rgio Brito, tratamos sobre a pavimenta\u00e7\u00e3o asf\u00e1ltica das estradas de acesso aos povoados do Maracuj\u00e1 e do Ro\u00e7adinho. Essas obras s\u00e3o [&hellip;]<\/p>\n","protected":false},"author":2,"featured_media":19892,"comment_status":"open","ping_status":"open","sticky":false,"template":"","format":"standard","meta":{"_jetpack_memberships_contains_paid_content":false,"footnotes":""},"categories":[21],"tags":[],"class_list":["post-19891","post","type-post","status-publish","format-standard","has-post-thumbnail","hentry","category-bahia"],"aioseo_notices":[],"jetpack_featured_media_url":"https:\/\/i0.wp.com\/minutobahia24h.com.br\/wp-content\/uploads\/2024\/12\/Sem-titulo-7.jpg?fit=590%2C392&ssl=1","jetpack_sharing_enabled":true,"_links":{"self":[{"href":"https:\/\/minutobahia24h.com.br\/index.php?rest_route=\/wp\/v2\/posts\/19891","targetHints":{"allow":["GET"]}}],"collection":[{"href":"https:\/\/minutobahia24h.com.br\/index.php?rest_route=\/wp\/v2\/posts"}],"about":[{"href":"https:\/\/minutobahia24h.com.br\/index.php?rest_route=\/wp\/v2\/types\/post"}],"author":[{"embeddable":true,"href":"https:\/\/minutobahia24h.com.br\/index.php?rest_route=\/wp\/v2\/users\/2"}],"replies":[{"embeddable":true,"href":"https:\/\/minutobahia24h.com.br\/index.php?rest_route=%2Fwp%2Fv2%2Fcomments&post=19891"}],"version-history":[{"count":1,"href":"https:\/\/minutobahia24h.com.br\/index.php?rest_route=\/wp\/v2\/posts\/19891\/revisions"}],"predecessor-version":[{"id":19893,"href":"https:\/\/minutobahia24h.com.br\/index.php?rest_route=\/wp\/v2\/posts\/19891\/revisions\/19893"}],"wp:featuredmedia":[{"embeddable":true,"href":"https:\/\/minutobahia24h.com.br\/index.php?rest_route=\/wp\/v2\/media\/19892"}],"wp:attachment":[{"href":"https:\/\/minutobahia24h.com.br\/index.php?rest_route=%2Fwp%2Fv2%2Fmedia&parent=19891"}],"wp:term":[{"taxonomy":"category","embeddable":true,"href":"https:\/\/minutobahia24h.com.br\/index.php?rest_route=%2Fwp%2Fv2%2Fcategories&post=19891"},{"taxonomy":"post_tag","embeddable":true,"href":"https:\/\/minutobahia24h.com.br\/index.php?rest_route=%2Fwp%2Fv2%2Ftags&post=19891"}],"curies":[{"name":"wp","href":"https:\/\/api.w.org\/{rel}","templated":true}]}}