{"id":1986,"date":"2023-10-10T06:54:19","date_gmt":"2023-10-10T09:54:19","guid":{"rendered":"https:\/\/minutobahia24h.com.br\/?p=1986"},"modified":"2023-10-10T06:54:20","modified_gmt":"2023-10-10T09:54:20","slug":"selecao-tem-sete-novidades-em-relacao-a-primeiros-jogos-com-diniz-dois-sao-estreantes","status":"publish","type":"post","link":"https:\/\/minutobahia24h.com.br\/?p=1986","title":{"rendered":"Sele\u00e7\u00e3o tem sete novidades em rela\u00e7\u00e3o a primeiros jogos com Diniz; dois s\u00e3o estreantes"},"content":{"rendered":"<div class=\"wp-block-image\">\n<figure class=\"aligncenter size-full\"><img data-recalc-dims=\"1\" fetchpriority=\"high\" decoding=\"async\" width=\"800\" height=\"479\" src=\"https:\/\/i0.wp.com\/minutobahia24h.com.br\/wp-content\/uploads\/2023\/10\/Sem-titulo-66.jpg?resize=800%2C479&#038;ssl=1\" alt=\"\" class=\"wp-image-1988\" srcset=\"https:\/\/i0.wp.com\/minutobahia24h.com.br\/wp-content\/uploads\/2023\/10\/Sem-titulo-66.jpg?w=887&amp;ssl=1 887w, https:\/\/i0.wp.com\/minutobahia24h.com.br\/wp-content\/uploads\/2023\/10\/Sem-titulo-66.jpg?resize=300%2C180&amp;ssl=1 300w, https:\/\/i0.wp.com\/minutobahia24h.com.br\/wp-content\/uploads\/2023\/10\/Sem-titulo-66.jpg?resize=768%2C460&amp;ssl=1 768w, https:\/\/i0.wp.com\/minutobahia24h.com.br\/wp-content\/uploads\/2023\/10\/Sem-titulo-66.jpg?resize=750%2C449&amp;ssl=1 750w\" sizes=\"(max-width: 800px) 100vw, 800px\" \/><figcaption class=\"wp-element-caption\">Yan Couto e Carlos Augusto: laterais s\u00e3o os estreantes da sele\u00e7\u00e3o na convoca\u00e7\u00e3o para jogos com Venezuela e Uruguai \u2014 Foto: Vitor Silva\/CBF<br><\/figcaption><\/figure>\n<\/div>\n\n\n<p>Os convocados por\u00a0<a class=\"\" href=\"http:\/\/oglobo.globo.com\/tudo-sobre\/atleta\/fernando-diniz\/\">Fernando Diniz<\/a>\u00a0para o segundo per\u00edodo de Data Fifa se apresentaram nesta segunda, em Cuiab\u00e1, onde a sele\u00e7\u00e3o brasileira enfrenta a Venezuela na quinta-feira, pelas Eliminat\u00f3rias \u00e0 Copa 2026. A repeti\u00e7\u00e3o da maioria dos que foram chamados para os compromissos do m\u00eas passado mostra que o grupo come\u00e7a a ganhar corpo. Ainda assim, h\u00e1 espa\u00e7o para rostos novos. Dos 23 que enfrentar\u00e3o Venezuela e Uruguai (dia 17, em Montevid\u00e9u), sete n\u00e3o estiveram nas duas primeiras rodadas das Eliminat\u00f3rias. Saiba quem s\u00e3o.<\/p>\n\n\n\n<h2 class=\"wp-block-heading\">Estreantes<\/h2>\n\n\n\n<p>Entre eles, os destaques s\u00e3o os laterais Yan Couto e Carlos Augusto. Esta \u00e9 a primeira vez que eles s\u00e3o chamados para a sele\u00e7\u00e3o principal. Foram convocados, respectivamente, para o lugar dos cortados Vanderson e Renan Lodi (ambos por les\u00e3o).<\/p>\n\n\n\n<p>Yan \u00e9 o mais novo dos dois. Com 21 anos, o lateral-direito j\u00e1 chamava aten\u00e7\u00e3o desde 2019, quando fez parte da sele\u00e7\u00e3o campe\u00e3 do Mundial Sub-17, no Brasil. Menos de um ano depois da conquista, o Coritiba, clube que o revelou, anunciou sua venda ao Manchester City por 6 milh\u00f5es de euros, al\u00e9m de b\u00f4nus, por um contrato de cinco temporadas.<\/p>\n\n\n\n<p>O lateral, que se destaca por jogar de forma avan\u00e7ada, nunca atuou pelo clube de Pep Guardiola. Mas vem se destacando no Girona-ESP, que pertence ao Grupo City.<\/p>\n\n\n\n<p>Yan est\u00e1 em sua terceira temporada na equipe, e enfim parece ter conquistado a titularidade. \u00c9 um dos destaques da boa campanha do time espanhol, at\u00e9 aqui a grande surpresa da La Liga \u2014 \u00e9 o segundo colocado, atr\u00e1s apenas do Real Madrid.<\/p>\n\n\n\n<p>Carlos Augusto (24 anos), por sua vez, j\u00e1 vem de tr\u00eas temporadas de ascens\u00e3o pelo Monza-ITA, clube que o comprou do Corinthians, em 2020. Ap\u00f3s 107 partidas, 12 gols e nove assist\u00eancias, chamou a aten\u00e7\u00e3o da Inter de Mil\u00e3o. E j\u00e1 chegou com status de titular da lateral esquerda.<\/p>\n\n\n\n<h2 class=\"wp-block-heading\">1\u00aa vez com Diniz<\/h2>\n\n\n\n<p>Embora n\u00e3o seja estreante, Guilherme Arana se apresentou com sensa\u00e7\u00e3o parecida. O lateral-esquerdo do Atl\u00e9tico-MG foi convocado pela sexta vez para a sele\u00e7\u00e3o principal (al\u00e9m da conquista do ouro ol\u00edmpico, em T\u00f3quio-2020). Mas esta \u00e9 a primeira ap\u00f3s a les\u00e3o que acabou com seu sonho de disputar a Copa do Catar:<\/p>\n\n\n\n<p>\u2014 \u00c9 como se fosse a primeira vez, uma estreia.<\/p>\n\n\n\n<p>Bremer, Gerson, David Neres e Vini Jr. completam a lista das novidades. Este \u00faltimo chegou a ser convocado por Diniz, mas foi cortado ap\u00f3s les\u00e3o na coxa direita.<\/p>\n","protected":false},"excerpt":{"rendered":"<p>Os convocados por\u00a0Fernando Diniz\u00a0para o segundo per\u00edodo de Data Fifa se apresentaram nesta segunda, em Cuiab\u00e1, onde a sele\u00e7\u00e3o brasileira enfrenta a Venezuela na quinta-feira, pelas Eliminat\u00f3rias \u00e0 Copa 2026. A repeti\u00e7\u00e3o da maioria dos que foram chamados para os compromissos do m\u00eas passado mostra que o grupo come\u00e7a a ganhar corpo. Ainda assim, h\u00e1 [&hellip;]<\/p>\n","protected":false},"author":2,"featured_media":1988,"comment_status":"open","ping_status":"open","sticky":false,"template":"","format":"standard","meta":{"_jetpack_memberships_contains_paid_content":false,"footnotes":""},"categories":[20],"tags":[],"class_list":["post-1986","post","type-post","status-publish","format-standard","has-post-thumbnail","hentry","category-esporte"],"aioseo_notices":[],"jetpack_featured_media_url":"https:\/\/i0.wp.com\/minutobahia24h.com.br\/wp-content\/uploads\/2023\/10\/Sem-titulo-66.jpg?fit=887%2C531&ssl=1","jetpack_sharing_enabled":true,"_links":{"self":[{"href":"https:\/\/minutobahia24h.com.br\/index.php?rest_route=\/wp\/v2\/posts\/1986","targetHints":{"allow":["GET"]}}],"collection":[{"href":"https:\/\/minutobahia24h.com.br\/index.php?rest_route=\/wp\/v2\/posts"}],"about":[{"href":"https:\/\/minutobahia24h.com.br\/index.php?rest_route=\/wp\/v2\/types\/post"}],"author":[{"embeddable":true,"href":"https:\/\/minutobahia24h.com.br\/index.php?rest_route=\/wp\/v2\/users\/2"}],"replies":[{"embeddable":true,"href":"https:\/\/minutobahia24h.com.br\/index.php?rest_route=%2Fwp%2Fv2%2Fcomments&post=1986"}],"version-history":[{"count":1,"href":"https:\/\/minutobahia24h.com.br\/index.php?rest_route=\/wp\/v2\/posts\/1986\/revisions"}],"predecessor-version":[{"id":1989,"href":"https:\/\/minutobahia24h.com.br\/index.php?rest_route=\/wp\/v2\/posts\/1986\/revisions\/1989"}],"wp:featuredmedia":[{"embeddable":true,"href":"https:\/\/minutobahia24h.com.br\/index.php?rest_route=\/wp\/v2\/media\/1988"}],"wp:attachment":[{"href":"https:\/\/minutobahia24h.com.br\/index.php?rest_route=%2Fwp%2Fv2%2Fmedia&parent=1986"}],"wp:term":[{"taxonomy":"category","embeddable":true,"href":"https:\/\/minutobahia24h.com.br\/index.php?rest_route=%2Fwp%2Fv2%2Fcategories&post=1986"},{"taxonomy":"post_tag","embeddable":true,"href":"https:\/\/minutobahia24h.com.br\/index.php?rest_route=%2Fwp%2Fv2%2Ftags&post=1986"}],"curies":[{"name":"wp","href":"https:\/\/api.w.org\/{rel}","templated":true}]}}