{"id":19751,"date":"2024-11-28T06:57:33","date_gmt":"2024-11-28T09:57:33","guid":{"rendered":"https:\/\/minutobahia24h.com.br\/?p=19751"},"modified":"2024-11-28T06:57:35","modified_gmt":"2024-11-28T09:57:35","slug":"missao-sertoes-leva-assistencia-medica-gratuita-a-comunidade-quilombola-de-lage-dos-negros-em-campo-formoso","status":"publish","type":"post","link":"https:\/\/minutobahia24h.com.br\/?p=19751","title":{"rendered":"Miss\u00e3o Sert\u00f5es leva assist\u00eancia m\u00e9dica gratuita a comunidade Quilombola de Lage dos Negros, em Campo Formoso"},"content":{"rendered":"<div class=\"wp-block-image\">\n<figure class=\"aligncenter size-full\"><img data-recalc-dims=\"1\" fetchpriority=\"high\" decoding=\"async\" width=\"632\" height=\"428\" src=\"https:\/\/i0.wp.com\/minutobahia24h.com.br\/wp-content\/uploads\/2024\/11\/Sem-titulo-279.jpg?resize=632%2C428&#038;ssl=1\" alt=\"\" class=\"wp-image-19752\" srcset=\"https:\/\/i0.wp.com\/minutobahia24h.com.br\/wp-content\/uploads\/2024\/11\/Sem-titulo-279.jpg?w=632&amp;ssl=1 632w, https:\/\/i0.wp.com\/minutobahia24h.com.br\/wp-content\/uploads\/2024\/11\/Sem-titulo-279.jpg?resize=300%2C203&amp;ssl=1 300w\" sizes=\"(max-width: 632px) 100vw, 632px\" \/><figcaption class=\"wp-element-caption\">Projeto da Inspirali conta com 30 estudantes da UNIFACS de Medicina, Enfermagem, Fisioterapia e Nutri\u00e7\u00e3o, al\u00e9m de docentes profissionais dessas \u00e1reas (Foto: Divulga\u00e7\u00e3o)<\/figcaption><\/figure>\n<\/div>\n\n\n<p>Com o objetivo de levar atendimento em sa\u00fade para regi\u00f5es isoladas e com limita\u00e7\u00e3o de recursos, o ecossistema de educa\u00e7\u00e3o m\u00e9dica Inspirali est\u00e1 promovendo a 1\u00aa Miss\u00e3o Sert\u00f5es, que acontece at\u00e9 1\u00ba de dezembro, na Comunidade Quilombola Lage dos Negros, em Campo Formoso, distante 506 km de Salvador. Tamb\u00e9m ser\u00e3o atendidas comunidades quilombolas de Patos I, II e III, Saquinho, Po\u00e7o da Pedra, Queixo Dantas, Bicas, Atalho e Bebedouro.&nbsp;<\/p>\n\n\n\n<p>A expedi\u00e7\u00e3o humanit\u00e1ria, que conta com a participa\u00e7\u00e3o de 30 alunos da Universidade Salvador (UNIFACS), tem car\u00e1ter multi e interprofissional e envolve os cursos de Medicina, Enfermagem, Fisioterapia e Nutri\u00e7\u00e3o para atender \u00e0 popula\u00e7\u00e3o, com foco na aten\u00e7\u00e3o prim\u00e1ria de sa\u00fade, inserida no Sistema \u00danico de Sa\u00fade (SUS), o que inclui atendimentos cl\u00ednicos, a\u00e7\u00f5es de preven\u00e7\u00e3o e promo\u00e7\u00e3o da sa\u00fade, educa\u00e7\u00e3o em sa\u00fade nas escolas e cirurgias ambulatoriais. Os alunos est\u00e3o acompanhados de professores profissionais dessas \u00e1reas.<\/p>\n\n\n<div class=\"wp-block-image\">\n<figure class=\"aligncenter\"><a href=\"https:\/\/i0.wp.com\/blogger.googleusercontent.com\/img\/b\/R29vZ2xl\/AVvXsEgrHV8pOA-D-6QCGfJRvvXhYm8F5T4DbUCPbKCF-REsiBUuNOxHroWj0v8gXlTisfMu_2aJKuVmCVhiPvY9y4LJjKAeoFLVRMPHnkSmLxXjuz9gRkmv84f5nEa4PLFHG29qcqM0d_0Dck0m7L1nzGjja2e1ChI0C7gCt6-_ezEmItZSu-KwXo5PoPX0ZvU\/s1500\/Divulga%C3%A7%C3%A3o%20%282%29%20%281%29_1.jpeg?ssl=1\"><img data-recalc-dims=\"1\" decoding=\"async\" src=\"https:\/\/i0.wp.com\/blogger.googleusercontent.com\/img\/b\/R29vZ2xl\/AVvXsEgrHV8pOA-D-6QCGfJRvvXhYm8F5T4DbUCPbKCF-REsiBUuNOxHroWj0v8gXlTisfMu_2aJKuVmCVhiPvY9y4LJjKAeoFLVRMPHnkSmLxXjuz9gRkmv84f5nEa4PLFHG29qcqM0d_0Dck0m7L1nzGjja2e1ChI0C7gCt6-_ezEmItZSu-KwXo5PoPX0ZvU\/w640-h360\/Divulga%C3%A7%C3%A3o%20%282%29%20%281%29_1.jpeg?w=800&#038;ssl=1\" alt=\"\"\/><\/a><\/figure>\n<\/div>\n\n\n<p>\u201cEstaremos a cada dia em uma comunidade diferente, atendendo dentro de escolas, igrejas e pontos de atendimento em sa\u00fade. Levaremos nosso cuidado e apoio para o maior n\u00famero de pessoas poss\u00edvel, contribuindo para diminuir a fila de espera do SUS e atendendo pacientes que precisam de acompanhamento, mas n\u00e3o conseguem se deslocar at\u00e9 as unidades b\u00e1sicas. Al\u00e9m disso, realizaremos um mapeamento de territ\u00f3rio para voltarmos cada vez mais preparados para atender a necessidade destas pessoas, que est\u00e3o, em m\u00e9dia, h\u00e1 60 km de dist\u00e2ncia da unidade de sa\u00fade mais pr\u00f3xima\u201d, conta Fl\u00e1via Guimar\u00e3es, gerente acad\u00eamica da regi\u00e3o nordeste da Inspirali.<\/p>\n\n\n\n<p><strong>Miss\u00f5es<\/strong><\/p>\n\n\n\n<p>Essa primeira edi\u00e7\u00e3o da Miss\u00e3o Sert\u00f5es conta com a parceria do Instituto Brasileiro de Expedi\u00e7\u00f5es Sociais (IBES), Prefeitura Municipal e das Secretarias Municipais de Sa\u00fade e de Igualdade Racial de Campo Formoso. A a\u00e7\u00e3o integra a Travessia Humanit\u00e1ria da Inspirali, que envolve as 15 escolas do grupo. Desde 2022, j\u00e1 foram realizadas miss\u00f5es nacionais, regionais e internacionais sendo 9 Miss\u00f5es Amaz\u00f4nia, abrangendo os munic\u00edpios de Santar\u00e9m, Belterra e Aveiro, no Par\u00e1; 1 Miss\u00e3o \u00c1frica, em Benin; 3 Miss\u00f5es Rio Grande do Sul, quando houve as enchentes em maio deste ano; e 1 Miss\u00e3o Jequitinhonha.<\/p>\n\n\n<div class=\"wp-block-image\">\n<figure class=\"aligncenter\"><a href=\"https:\/\/i0.wp.com\/blogger.googleusercontent.com\/img\/b\/R29vZ2xl\/AVvXsEiwCFksfKyv4frsVrkuCVp8oQbuakIvuNKSthKAeMNahMbUt28D_VTiHZUyN71IYK-17glcLNQmD3sd0n1aaCHFNbnZ0Jy_s_RpGkScTpNHZECsyUFvKKoA40NCcJCJlj6LyeKXs4IJ00QKRPC7YlnEimR5WQBoOz0qE7Gxt_nIkEbEJzy8XXZB6sgxA2M\/s800\/Divulga%C3%A7%C3%A3o%20%281%29.jfif.jpg?ssl=1\"><img data-recalc-dims=\"1\" decoding=\"async\" src=\"https:\/\/i0.wp.com\/blogger.googleusercontent.com\/img\/b\/R29vZ2xl\/AVvXsEiwCFksfKyv4frsVrkuCVp8oQbuakIvuNKSthKAeMNahMbUt28D_VTiHZUyN71IYK-17glcLNQmD3sd0n1aaCHFNbnZ0Jy_s_RpGkScTpNHZECsyUFvKKoA40NCcJCJlj6LyeKXs4IJ00QKRPC7YlnEimR5WQBoOz0qE7Gxt_nIkEbEJzy8XXZB6sgxA2M\/w640-h360\/Divulga%C3%A7%C3%A3o%20%281%29.jfif.jpg?w=800&#038;ssl=1\" alt=\"\"\/><\/a><\/figure>\n<\/div>\n\n\n<p>As miss\u00f5es humanit\u00e1rias da Inspirali fazem parte do curr\u00edculo acad\u00eamico das escolas de medicina e possibilitam uma aprendizagem diferenciada, fora da sala de aula. \u201cOs alunos voltam destas miss\u00f5es transformados. L\u00e1, eles aprendem na pr\u00e1tica o que \u00e9 um atendimento humanizado e adquirem conhecimento atrelado a adaptabilidade, flexibilidade, respeito \u00e0 diversidade, comunica\u00e7\u00e3o, trabalho em equipe, sensibilidade cultural, compromisso social e desenvolvimento pessoal\u201d, conta Paulo Andr\u00e9 Jesu\u00edno, diretor da regional nordeste da Inspirali.<\/p>\n\n\n\n<p>Um exemplo da forma como as a\u00e7\u00f5es humanit\u00e1rias transformam alunos acontece na pr\u00f3pria UNIFACS. Ap\u00f3s participa\u00e7\u00e3o na 1\u00aa Miss\u00e3o Amaz\u00f4nia, em 2022, os estudantes da escola fundaram o Comit\u00ea voluntariado estudantil do curso de Medicina e, desde ent\u00e3o, realizam a\u00e7\u00f5es peri\u00f3dicas de preven\u00e7\u00e3o e promo\u00e7\u00e3o de sa\u00fade em Salvador, sejam em escolas, cl\u00ednicas de sa\u00fade parceiras ou na pr\u00f3pria Cl\u00ednica Integrada de Sa\u00fade da UNIFACS. Mais informa\u00e7\u00f5es &#8211;&nbsp;<a href=\"https:\/\/www.inspirali.com\/impacto-social\/\">https:\/\/www.inspirali.com\/impacto-social\/<\/a><\/p>\n\n\n\n<p><strong>Sobre a UNIFACS&nbsp;&nbsp;<\/strong><\/p>\n\n\n\n<p>H\u00e1 53 anos transformando vidas pela educa\u00e7\u00e3o, a Universidade Salvador (UNIFACS) \u00e9 integrante do maior e o mais inovador ecossistema de ensino de qualidade do pa\u00eds. A Universidade oferta forma\u00e7\u00e3o em todas as \u00e1reas do conhecimento, com mais de 100 cursos de gradua\u00e7\u00e3o e p\u00f3s-gradua\u00e7\u00e3o, cinco unidades em Salvador e Feira de Santana, a marca conta com investimentos constantes em educa\u00e7\u00e3o e aten\u00e7\u00e3o \u00e0s demandas sociais. Al\u00e9m de ser uma das principais institui\u00e7\u00f5es de ensino superior no Nordeste, tamb\u00e9m tem mais de 15 anos de atua\u00e7\u00e3o em Feira de Santana. Al\u00e9m disso, os alunos de Medicina da UNIFACS contam com a Inspirali, um dos principais players de educa\u00e7\u00e3o continuada na \u00e1rea m\u00e9dica. A UNIFACS tamb\u00e9m contribui para democratiza\u00e7\u00e3o do Ensino Superior ao disponibilizar uma oferta de cursos digitais com diversos polos dentro e fora do estado. S\u00e3o mais de cinco d\u00e9cadas de muitas realiza\u00e7\u00f5es e a universidade acredita que, nas pr\u00f3ximas d\u00e9cadas, \u00e9 poss\u00edvel fazer muito mais na Bahia e com a Bahia. Para mais informa\u00e7\u00f5es:&nbsp;<a href=\"http:\/\/www.unifacs.br\/\">www.unifacs.br<\/a><\/p>\n\n\n\n<p><strong>Sobre a \u00c2nima Educa\u00e7\u00e3o<\/strong><\/p>\n\n\n\n<p>Com o prop\u00f3sito de transformar o Brasil pela educa\u00e7\u00e3o, a \u00c2nima \u00e9 o maior e o mais inovador ecossistema de ensino de qualidade do pa\u00eds, com um portf\u00f3lio de marcas valiosas e um dos principais players de educa\u00e7\u00e3o continuada na \u00e1rea m\u00e9dica. A companhia \u00e9 composta por cerca de 386 mil estudantes, distribu\u00eddos em 18 institui\u00e7\u00f5es de ensino superior, e em mais de 700 polos educacionais por todo o Brasil. Integradas tamb\u00e9m ao Ecossistema \u00c2nima est\u00e3o marcas especialistas em suas \u00e1reas de atua\u00e7\u00e3o, como HSM, HSM University, EBRADI (Escola Brasileira de Direito), Le Cordon Bleu (SP), SingularityU Brazil, Inspirali e Learning Village, primeiro hub de inova\u00e7\u00e3o e educa\u00e7\u00e3o da Am\u00e9rica Latina, al\u00e9m do Instituto \u00c2nima.<\/p>\n\n\n\n<p>Em 2023, a Forbes, uma das revistas de neg\u00f3cios e economia mais respeitadas no mundo, elencou a \u00c2nima entre as 10 maiores companhias inovadoras do pa\u00eds e, em 2022, o ecossistema de ensino, tamb\u00e9m foi destaque do Pr\u00eamio Valor Inova\u00e7\u00e3o &#8211; parceria do jornal Valor Econ\u00f4mico e a Strategy&amp;, consultoria estrat\u00e9gica da PwC \u2013 figurando no ranking de empresas mais inovadoras do Brasil no setor de educa\u00e7\u00e3o. Al\u00e9m disso, o CEO, Marcelo Battistela Bueno, foi premiado como Executivo de Valor, no setor de Educa\u00e7\u00e3o, no Pr\u00eamio Executivo de Valor 2022, que elege os gestores que se destacaram \u00e0 frente de empresas e organiza\u00e7\u00f5es. A companhia tamb\u00e9m se destacou no Finance &amp; Law Summit Awards &#8211; FILASA, em 2022, como Melhor Departamento de Compliance. Em 2021, a organiza\u00e7\u00e3o educacional foi destaque no Guia ESG da revista Exame como uma das vencedoras na categoria Educa\u00e7\u00e3o. Desde 2013, a companhia est\u00e1 na Bolsa de Valores, no segmento de Novo Mercado, considerado o de mais elevado grau de governan\u00e7a&nbsp;corporativa.<\/p>\n\n\n\n<p><strong><em>Comunicativa Associados<\/em><\/strong><\/p>\n","protected":false},"excerpt":{"rendered":"<p>Com o objetivo de levar atendimento em sa\u00fade para regi\u00f5es isoladas e com limita\u00e7\u00e3o de recursos, o ecossistema de educa\u00e7\u00e3o m\u00e9dica Inspirali est\u00e1 promovendo a 1\u00aa Miss\u00e3o Sert\u00f5es, que acontece at\u00e9 1\u00ba de dezembro, na Comunidade Quilombola Lage dos Negros, em Campo Formoso, distante 506 km de Salvador. Tamb\u00e9m ser\u00e3o atendidas comunidades quilombolas de Patos [&hellip;]<\/p>\n","protected":false},"author":2,"featured_media":19752,"comment_status":"open","ping_status":"open","sticky":false,"template":"","format":"standard","meta":{"_jetpack_memberships_contains_paid_content":false,"footnotes":""},"categories":[45],"tags":[],"class_list":["post-19751","post","type-post","status-publish","format-standard","has-post-thumbnail","hentry","category-campo-formoso"],"aioseo_notices":[],"jetpack_featured_media_url":"https:\/\/i0.wp.com\/minutobahia24h.com.br\/wp-content\/uploads\/2024\/11\/Sem-titulo-279.jpg?fit=632%2C428&ssl=1","jetpack_sharing_enabled":true,"_links":{"self":[{"href":"https:\/\/minutobahia24h.com.br\/index.php?rest_route=\/wp\/v2\/posts\/19751","targetHints":{"allow":["GET"]}}],"collection":[{"href":"https:\/\/minutobahia24h.com.br\/index.php?rest_route=\/wp\/v2\/posts"}],"about":[{"href":"https:\/\/minutobahia24h.com.br\/index.php?rest_route=\/wp\/v2\/types\/post"}],"author":[{"embeddable":true,"href":"https:\/\/minutobahia24h.com.br\/index.php?rest_route=\/wp\/v2\/users\/2"}],"replies":[{"embeddable":true,"href":"https:\/\/minutobahia24h.com.br\/index.php?rest_route=%2Fwp%2Fv2%2Fcomments&post=19751"}],"version-history":[{"count":1,"href":"https:\/\/minutobahia24h.com.br\/index.php?rest_route=\/wp\/v2\/posts\/19751\/revisions"}],"predecessor-version":[{"id":19753,"href":"https:\/\/minutobahia24h.com.br\/index.php?rest_route=\/wp\/v2\/posts\/19751\/revisions\/19753"}],"wp:featuredmedia":[{"embeddable":true,"href":"https:\/\/minutobahia24h.com.br\/index.php?rest_route=\/wp\/v2\/media\/19752"}],"wp:attachment":[{"href":"https:\/\/minutobahia24h.com.br\/index.php?rest_route=%2Fwp%2Fv2%2Fmedia&parent=19751"}],"wp:term":[{"taxonomy":"category","embeddable":true,"href":"https:\/\/minutobahia24h.com.br\/index.php?rest_route=%2Fwp%2Fv2%2Fcategories&post=19751"},{"taxonomy":"post_tag","embeddable":true,"href":"https:\/\/minutobahia24h.com.br\/index.php?rest_route=%2Fwp%2Fv2%2Ftags&post=19751"}],"curies":[{"name":"wp","href":"https:\/\/api.w.org\/{rel}","templated":true}]}}