{"id":19521,"date":"2024-11-22T05:52:54","date_gmt":"2024-11-22T08:52:54","guid":{"rendered":"https:\/\/minutobahia24h.com.br\/?p=19521"},"modified":"2024-11-22T05:52:56","modified_gmt":"2024-11-22T08:52:56","slug":"contas-publicas-governo-deve-anunciar-novo-bloqueio-no-orcamento-de-2024-nesta-sexta","status":"publish","type":"post","link":"https:\/\/minutobahia24h.com.br\/?p=19521","title":{"rendered":"Contas p\u00fablicas: governo deve anunciar novo bloqueio no Or\u00e7amento de 2024 nesta sexta"},"content":{"rendered":"<div class=\"wp-block-image\">\n<figure class=\"aligncenter size-full\"><img data-recalc-dims=\"1\" fetchpriority=\"high\" decoding=\"async\" width=\"800\" height=\"447\" src=\"https:\/\/i0.wp.com\/minutobahia24h.com.br\/wp-content\/uploads\/2024\/11\/Sem-titulo-217.jpg?resize=800%2C447&#038;ssl=1\" alt=\"\" class=\"wp-image-19522\" srcset=\"https:\/\/i0.wp.com\/minutobahia24h.com.br\/wp-content\/uploads\/2024\/11\/Sem-titulo-217.jpg?w=982&amp;ssl=1 982w, https:\/\/i0.wp.com\/minutobahia24h.com.br\/wp-content\/uploads\/2024\/11\/Sem-titulo-217.jpg?resize=300%2C168&amp;ssl=1 300w, https:\/\/i0.wp.com\/minutobahia24h.com.br\/wp-content\/uploads\/2024\/11\/Sem-titulo-217.jpg?resize=768%2C429&amp;ssl=1 768w, https:\/\/i0.wp.com\/minutobahia24h.com.br\/wp-content\/uploads\/2024\/11\/Sem-titulo-217.jpg?resize=750%2C419&amp;ssl=1 750w\" sizes=\"(max-width: 800px) 100vw, 800px\" \/><figcaption class=\"wp-element-caption\">Os ministros Simone Tebet (Planejamento) e Fernando Haddad (Fazenda) ao lado do presidente Luiz In\u00e1cio Lula da Silva \u2014 Foto: Reuters<br><br><\/figcaption><\/figure>\n<\/div>\n\n\n<p>O governo deve anunciar o\u00a0<strong>bloqueio de cerca de R$ 5 bilh\u00f5es<\/strong>\u00a0do Or\u00e7amento de 2024 nesta sexta-feira (22). A informa\u00e7\u00e3o foi antecipada pelo ministro da Casa Civil,\u00a0<a class=\"\" href=\"https:\/\/g1.globo.com\/politica\/politico\/rui-costa\/\">Rui Costa<\/a>, em entrevista \u00e0\u00a0<strong>GloboNews\u00a0<\/strong>na manh\u00e3 de quinta-feira (21) e, \u00e0 noite, pelo ministro da Fazenda, Fernando Haddad.<\/p>\n\n\n\n<p>Com isso, o\u00a0governo passar\u00e1 a conter cerca de\u00a0<strong>R$ 17 bilh\u00f5es<\/strong>\u00a0em despesas neste ano. A medida tem o objetivo de viabilizar que o arcabou\u00e7o fiscal, regra para as contas p\u00fablicas, seja cumprido neste ano.&#8221;A receita continua vindo em linha com o projetado pela fazenda.\u00a0A despesa vai exigir novos bloqueios, conforme anunciado pelo ministro da Casa Civil, hoje [quinta] pela manh\u00e3&#8221;, declarou Haddad.<\/p>\n\n\n\n<p>Para este ano, a meta do governo \u00e9 de zerar o d\u00e9ficit das contas p\u00fablicas. Mas h\u00e1 uma margem de toler\u00e2ncia que permitiria um rombo de at\u00e9\u00a0<strong>R$ 28,8 bilh\u00f5es<\/strong>. A proje\u00e7\u00e3o mais recente da equipe econ\u00f4mica \u00e9 que o d\u00e9ficit fique em\u00a0<strong>R$ 23,8 bilh\u00f5es<\/strong>, mas esse\u00a0valor pode ser alterado nesta sexta-feira quando for anunciado o novo bloqueio.<\/p>\n\n\n\n<p>O bloqueio \u00e9 feito por meio do relat\u00f3rio bimestral de receitas e despesas. Ele monitora as contas p\u00fablicas do governo federal em rela\u00e7\u00e3o \u00e0 meta fiscal. Com isso, o governo pode ajustar a rota e fazer um aperto maior nos gastos ao longo do ano para n\u00e3o comprometer o objetivo fiscal. Esse relat\u00f3rio precisa ser apresentado at\u00e9 o fim desta sexta-feira. Mas o Minist\u00e9rio do Planejamento ainda n\u00e3o informou quando far\u00e1 a divulga\u00e7\u00e3o.<\/p>\n\n\n\n<p>Bloqueio e contingenciamento s\u00e3o dois mecanismos previstos no novo marco fiscal para ajustar as contas p\u00fablicas pelo lado das receitas ou das despesas. O governo bloqueia valores do Or\u00e7amento quando as despesas aumentam, de forma a manter a meta de gastos do arcabou\u00e7o fiscal.\u00a0O limite de crescimento dos gastos \u00e9 de\u00a0<strong>2,5% ao ano<\/strong>, descontada a infla\u00e7\u00e3o.<\/p>\n\n\n\n<p>J\u00e1 o contingenciamento \u00e9 feito para cumprir a meta fiscal do governo. Esse \u00e9 um ajuste feito quando o crescimento das receitas frustra as expectativas, sendo necess\u00e1rio congelar alguns gastos. O congelamento de recursos do or\u00e7amento atinge as chamadas \u201cdespesas discricion\u00e1rias\u201d \u2014 ou seja, gastos que n\u00e3o s\u00e3o obrigat\u00f3rios, como investimentos e sal\u00e1rios de servidores.<\/p>\n\n\n\n<p>O detalhamento, por \u00f3rg\u00e3o, do bloqueio no valor constar\u00e1 de anexo ao Decreto de Programa\u00e7\u00e3o Or\u00e7ament\u00e1ria e Financeira a ser publicado no fim do m\u00eas. O bloqueio \u00e9 anunciado em um momento em que o governo discute medidas para conter o avan\u00e7o das despesas, que t\u00eam pressionado as contas p\u00fablicas.<\/p>\n\n\n\n<p>A avalia\u00e7\u00e3o \u00e9 que, sem o corte de gastos, o \u201carcabou\u00e7o fiscal\u201d \u2013nova regra para as contas p\u00fablicas\u2013 est\u00e1 em risco. Isso porque o espa\u00e7o para gastos livres dos minist\u00e9rios tem sido comprimido por despesas obrigat\u00f3rias, como aposentadorias, por exemplo.<\/p>\n\n\n\n<p>Em agosto, o\u00a0<a class=\"\" href=\"https:\/\/g1.globo.com\/tudo-sobre\/tribunal-de-contas-da-uniao\/\">Tribunal de Contas da Uni\u00e3o<\/a>\u00a0(TCU) alertou o governo para o risco de paralisa\u00e7\u00e3o da m\u00e1quina p\u00fablica at\u00e9 2028 por conta do crescimento das despesas obrigat\u00f3rias. Com base em dados do governo, a \u00e1rea t\u00e9cnica do TCU estimou uma redu\u00e7\u00e3o de 88% no espa\u00e7o para as chamadas despesas discricion\u00e1rias &#8212; os \u201cgastos livres\u201d dos minist\u00e9rios, que n\u00e3o s\u00e3o obrigat\u00f3rios, mas custeiam pol\u00edticas p\u00fablicas.<\/p>\n\n\n\n<p>Com o arcabou\u00e7o fiscal em risco, podendo ser abandonado, n\u00e3o haveria mais uma regra que controlasse as contas p\u00fablicas, o que, por sua vez, elevaria mais a d\u00edvida do setor p\u00fablico, que j\u00e1 \u00e9 alta para o padr\u00e3o dos pa\u00edses emergentes. O \u201crisco fiscal\u201d tem impacto na cota\u00e7\u00e3o do d\u00f3lar, nos juros futuros e na infla\u00e7\u00e3o.<\/p>\n","protected":false},"excerpt":{"rendered":"<p>O governo deve anunciar o\u00a0bloqueio de cerca de R$ 5 bilh\u00f5es\u00a0do Or\u00e7amento de 2024 nesta sexta-feira (22). A informa\u00e7\u00e3o foi antecipada pelo ministro da Casa Civil,\u00a0Rui Costa, em entrevista \u00e0\u00a0GloboNews\u00a0na manh\u00e3 de quinta-feira (21) e, \u00e0 noite, pelo ministro da Fazenda, Fernando Haddad. Com isso, o\u00a0governo passar\u00e1 a conter cerca de\u00a0R$ 17 bilh\u00f5es\u00a0em despesas neste [&hellip;]<\/p>\n","protected":false},"author":2,"featured_media":19522,"comment_status":"open","ping_status":"open","sticky":false,"template":"","format":"standard","meta":{"_jetpack_memberships_contains_paid_content":false,"footnotes":""},"categories":[19],"tags":[],"class_list":["post-19521","post","type-post","status-publish","format-standard","has-post-thumbnail","hentry","category-economia"],"aioseo_notices":[],"jetpack_featured_media_url":"https:\/\/i0.wp.com\/minutobahia24h.com.br\/wp-content\/uploads\/2024\/11\/Sem-titulo-217.jpg?fit=982%2C549&ssl=1","jetpack_sharing_enabled":true,"_links":{"self":[{"href":"https:\/\/minutobahia24h.com.br\/index.php?rest_route=\/wp\/v2\/posts\/19521","targetHints":{"allow":["GET"]}}],"collection":[{"href":"https:\/\/minutobahia24h.com.br\/index.php?rest_route=\/wp\/v2\/posts"}],"about":[{"href":"https:\/\/minutobahia24h.com.br\/index.php?rest_route=\/wp\/v2\/types\/post"}],"author":[{"embeddable":true,"href":"https:\/\/minutobahia24h.com.br\/index.php?rest_route=\/wp\/v2\/users\/2"}],"replies":[{"embeddable":true,"href":"https:\/\/minutobahia24h.com.br\/index.php?rest_route=%2Fwp%2Fv2%2Fcomments&post=19521"}],"version-history":[{"count":1,"href":"https:\/\/minutobahia24h.com.br\/index.php?rest_route=\/wp\/v2\/posts\/19521\/revisions"}],"predecessor-version":[{"id":19523,"href":"https:\/\/minutobahia24h.com.br\/index.php?rest_route=\/wp\/v2\/posts\/19521\/revisions\/19523"}],"wp:featuredmedia":[{"embeddable":true,"href":"https:\/\/minutobahia24h.com.br\/index.php?rest_route=\/wp\/v2\/media\/19522"}],"wp:attachment":[{"href":"https:\/\/minutobahia24h.com.br\/index.php?rest_route=%2Fwp%2Fv2%2Fmedia&parent=19521"}],"wp:term":[{"taxonomy":"category","embeddable":true,"href":"https:\/\/minutobahia24h.com.br\/index.php?rest_route=%2Fwp%2Fv2%2Fcategories&post=19521"},{"taxonomy":"post_tag","embeddable":true,"href":"https:\/\/minutobahia24h.com.br\/index.php?rest_route=%2Fwp%2Fv2%2Ftags&post=19521"}],"curies":[{"name":"wp","href":"https:\/\/api.w.org\/{rel}","templated":true}]}}