{"id":19518,"date":"2024-11-22T05:47:38","date_gmt":"2024-11-22T08:47:38","guid":{"rendered":"https:\/\/minutobahia24h.com.br\/?p=19518"},"modified":"2024-11-22T05:47:40","modified_gmt":"2024-11-22T08:47:40","slug":"pesquisa-aponta-que-29-dos-brasileiros-tem-algum-medo-com-relacao-as-vacinas","status":"publish","type":"post","link":"https:\/\/minutobahia24h.com.br\/?p=19518","title":{"rendered":"Pesquisa aponta que 29% dos brasileiros t\u00eam algum medo com rela\u00e7\u00e3o \u00e0s vacinas"},"content":{"rendered":"<div class=\"wp-block-image\">\n<figure class=\"aligncenter size-large\"><img data-recalc-dims=\"1\" fetchpriority=\"high\" decoding=\"async\" width=\"800\" height=\"420\" src=\"https:\/\/i0.wp.com\/minutobahia24h.com.br\/wp-content\/uploads\/2024\/11\/Sem-titulo-216-1024x538.jpg?resize=800%2C420&#038;ssl=1\" alt=\"\" class=\"wp-image-19519\" srcset=\"https:\/\/i0.wp.com\/minutobahia24h.com.br\/wp-content\/uploads\/2024\/11\/Sem-titulo-216.jpg?resize=1024%2C538&amp;ssl=1 1024w, https:\/\/i0.wp.com\/minutobahia24h.com.br\/wp-content\/uploads\/2024\/11\/Sem-titulo-216.jpg?resize=300%2C158&amp;ssl=1 300w, https:\/\/i0.wp.com\/minutobahia24h.com.br\/wp-content\/uploads\/2024\/11\/Sem-titulo-216.jpg?resize=768%2C403&amp;ssl=1 768w, https:\/\/i0.wp.com\/minutobahia24h.com.br\/wp-content\/uploads\/2024\/11\/Sem-titulo-216.jpg?resize=750%2C394&amp;ssl=1 750w, https:\/\/i0.wp.com\/minutobahia24h.com.br\/wp-content\/uploads\/2024\/11\/Sem-titulo-216.jpg?resize=1140%2C599&amp;ssl=1 1140w, https:\/\/i0.wp.com\/minutobahia24h.com.br\/wp-content\/uploads\/2024\/11\/Sem-titulo-216.jpg?w=1200&amp;ssl=1 1200w\" sizes=\"(max-width: 800px) 100vw, 800px\" \/><\/figure>\n<\/div>\n\n\n<p>Uma pesquisa de opini\u00e3o p\u00fablica divulgada nesta quinta-feira (21) mostrou que 29% dos brasileiros t\u00eam algum medo com rela\u00e7\u00e3o \u00e0s vacinas. Os poss\u00edveis efeitos adversos s\u00e3o o principal motivo para o receio da popula\u00e7\u00e3o na hora de se imunizar, segundo o estudo conduzido pelo instituto Ipsos, uma das l\u00edderes globais no fornecimento de pesquisas no Brasil.\u00a0<\/p>\n\n\n\n<p>Das 2.000 pessoas entrevistadas online entre os dias 30 de outubro e 6 de novembro, 74% afirmaram j\u00e1 terem recebido alguma informa\u00e7\u00e3o falsa sobre a vacina\u00e7\u00e3o. Dessas, 41% disseram ter encontrado fake news nas redes sociais.\u00a0<\/p>\n\n\n\n<p>Quase 30% dos entrevistados, todos acima de 18 anos, j\u00e1 deixaram de se vacinar ou recomendaram que outros n\u00e3o se vacinassem devido a d\u00favidas sobre seguran\u00e7a e efic\u00e1cia das vacinas. Outros 10% decidiram n\u00e3o se vacinar por causa de informa\u00e7\u00f5es recebidas virtualmente ou de amigos e parentes.\u00a0<\/p>\n\n\n\n<p>Cerca de 10% dos participantes s\u00e3o descrentes em rela\u00e7\u00e3o \u00e0s vacinas, sendo mais propensos a acreditar em fake news. Mais da metade desse grupo \u00e9 composto por pessoas acima de 55 anos, com leve predomin\u00e2ncia masculina e maior presen\u00e7a nas classes C, D e E.\u00a0<\/p>\n\n\n\n<p>A pesquisa, encomendada pela biofarmac\u00eautica Takeda e feita com a colabora\u00e7\u00e3o da SBI (Sociedade Brasileira de Infectologia), buscou entender as percep\u00e7\u00f5es sobre dengue e vacina\u00e7\u00e3o em geral. A margem de erro \u00e9 de 2,2 pontos percentuais, com intervalo de confian\u00e7a de 95%.\u00a0<\/p>\n\n\n\n<p>Para o m\u00e9dico infectologista Renato Kfouri, presidente do departamento de imuniza\u00e7\u00f5es da SBP (Sociedade Brasileira de Pediatria) e vice-presidente da SBIm (Sociedade Brasileira de Imuniza\u00e7\u00f5es), o Brasil passa pelo enfrentamento a hesita\u00e7\u00e3o vacinal como um novo fen\u00f4meno social.\u00a0<\/p>\n\n\n\n<p>&#8220;Esses hesitantes ou c\u00e9ticos, apesar de serem uma parcela menor da popula\u00e7\u00e3o, fazem muito barulho e ocupam muito espa\u00e7o nas redes sociais&#8221;, diz.\u00a0<\/p>\n\n\n\n<p>Com rela\u00e7\u00e3o \u00e0 vacina contra a dengue, disponibilizada pelo Minist\u00e9rio da Sa\u00fade \u00e0s crian\u00e7as e aos adolescentes de 10 a 14 anos, os resultados da pesquisa da Ipsos mostram que 88% das pessoas veem o imunizante como uma medida eficaz de preven\u00e7\u00e3o \u00e0 doen\u00e7a. \u00a0<\/p>\n\n\n\n<p>Outros 35% dos participantes, no entanto, revelaram j\u00e1 ter escutado informa\u00e7\u00f5es que desencorajam o uso do imunizante com as justificativas de que a vacina teria sido desenvolvida muito rapidamente, que n\u00e3o seria eficaz e que teria efeitos colaterais graves.<\/p>\n\n\n\n<p>Renato Kfouri afirma que os profissionais da sa\u00fade ainda n\u00e3o est\u00e3o preparados para conversar com pessoas que n\u00e3o querem se vacinar, porque n\u00e3o foram preparados para isso. &#8220;Temos uma forma\u00e7\u00e3o para vender a ci\u00eancia, mas ainda n\u00e3o temos essa escuta emp\u00e1tica, tem que ser uma constru\u00e7\u00e3o para todos n\u00f3s.&#8221;\u00a0<\/p>\n\n\n\n<p>&#8220;Qualquer vacina e interven\u00e7\u00e3o t\u00eam seus efeitos colaterais, custos e estrat\u00e9gias a serem implantadas, mas estamos sempre buscando um benef\u00edcio para popula\u00e7\u00e3o quando pensamos em sa\u00fade p\u00fablica, nunca ter\u00e1 mais riscos que benef\u00edcios&#8221;, acrescenta.\u00a0<\/p>\n\n\n\n<p>De acordo com a Ipsos, a garantia de prote\u00e7\u00e3o, seguran\u00e7a e disponibilidade da vacina contra a dengue na rede p\u00fablica s\u00e3o os principais motivadores para a vacina\u00e7\u00e3o. M\u00eddias sociais e influ\u00eancia de amigos e familiares t\u00eam menor impacto, mas s\u00e3o relevantes entre parcela dos mais jovens.\u00a0<\/p>\n\n\n\n<p>O Brasil foi o primeiro pa\u00eds do mundo a disponibilizar vacinas contra a dengue no sistema p\u00fablico de sa\u00fade. Produzida pelo laborat\u00f3rio japon\u00eas Takeda, o imunizante Qdenga tem as mesmas contraindica\u00e7\u00f5es que outras vacinas feitas a partir de v\u00edrus vivo, ou seja, n\u00e3o deve ser tomada por gestantes e lactantes e pessoas com imunodefici\u00eancia.\u00a0<\/p>\n\n\n\n<p>Pais com filhos entre 4 e 17 anos foram 43% dos participantes da pesquisa. Embora cautelosos, eles s\u00e3o o p\u00fablico com atitudes mais positivas em rela\u00e7\u00e3o \u00e0 vacina\u00e7\u00e3o em geral, com o h\u00e1bito de buscar informa\u00e7\u00f5es seguras e prestar aten\u00e7\u00e3o \u00e0s campanhas de imuniza\u00e7\u00e3o.\u00a0<\/p>\n\n\n\n<p>No entanto, esse grupo est\u00e1 mais exposto a fake news, principalmente em redes sociais e canais pessoais como WhatsApp. Por isso, apesar de o conhecimento sobre a gravidade da dengue ser reconhecido pela popula\u00e7\u00e3o, ainda h\u00e1 desafios.\u00a0<\/p>\n\n\n\n<p>Presidente da SBI, Alberto Chebabo diz que a popula\u00e7\u00e3o opta por n\u00e3o se vacinar porque podem n\u00e3o sentir tanto o efeito positivo da vacina\u00e7\u00e3o nos dias atuais, j\u00e1 que os imunizantes foram respons\u00e1veis por eliminar os maiores riscos, como no caso da Covid.\u00a0<\/p>\n\n\n\n<p>&#8220;A vacina\u00e7\u00e3o acabou com v\u00e1rias doen\u00e7as aqui no Brasil. N\u00e3o temos mais var\u00edola, sarampo, poliomielite, rub\u00e9ola. As pessoas n\u00e3o veem mais ningu\u00e9m doente com essas doen\u00e7as que matavam tanto anteriormente e isso faz com que se perca o medo&#8221;, diz.\u00a0<\/p>\n\n\n\n<p>O infectologista ressalta que as vacinas passam por um protocolo r\u00edgido de seguran\u00e7a antes de serem disponibilizadas para uso. Para ele, as pessoas se preocupam com os efeitos adversos porque n\u00e3o veem mais os efeitos que as doen\u00e7as tinham antes dos imunizantes, mas que nenhum efeito colateral se compara aos sintomas e gravidades de uma doen\u00e7a.\u00a0<\/p>\n\n\n\n<p>O projeto Sa\u00fade P\u00fablica tem apoio da Umane, associa\u00e7\u00e3o civil que tem como objetivo auxiliar iniciativas voltadas \u00e0 promo\u00e7\u00e3o da sa\u00fade<\/p>\n\n\n\n<p>BN<\/p>\n","protected":false},"excerpt":{"rendered":"<p>Uma pesquisa de opini\u00e3o p\u00fablica divulgada nesta quinta-feira (21) mostrou que 29% dos brasileiros t\u00eam algum medo com rela\u00e7\u00e3o \u00e0s vacinas. Os poss\u00edveis efeitos adversos s\u00e3o o principal motivo para o receio da popula\u00e7\u00e3o na hora de se imunizar, segundo o estudo conduzido pelo instituto Ipsos, uma das l\u00edderes globais no fornecimento de pesquisas no [&hellip;]<\/p>\n","protected":false},"author":2,"featured_media":19519,"comment_status":"open","ping_status":"open","sticky":false,"template":"","format":"standard","meta":{"_jetpack_memberships_contains_paid_content":false,"footnotes":""},"categories":[18],"tags":[],"class_list":["post-19518","post","type-post","status-publish","format-standard","has-post-thumbnail","hentry","category-saude"],"aioseo_notices":[],"jetpack_featured_media_url":"https:\/\/i0.wp.com\/minutobahia24h.com.br\/wp-content\/uploads\/2024\/11\/Sem-titulo-216.jpg?fit=1200%2C630&ssl=1","jetpack_sharing_enabled":true,"_links":{"self":[{"href":"https:\/\/minutobahia24h.com.br\/index.php?rest_route=\/wp\/v2\/posts\/19518","targetHints":{"allow":["GET"]}}],"collection":[{"href":"https:\/\/minutobahia24h.com.br\/index.php?rest_route=\/wp\/v2\/posts"}],"about":[{"href":"https:\/\/minutobahia24h.com.br\/index.php?rest_route=\/wp\/v2\/types\/post"}],"author":[{"embeddable":true,"href":"https:\/\/minutobahia24h.com.br\/index.php?rest_route=\/wp\/v2\/users\/2"}],"replies":[{"embeddable":true,"href":"https:\/\/minutobahia24h.com.br\/index.php?rest_route=%2Fwp%2Fv2%2Fcomments&post=19518"}],"version-history":[{"count":1,"href":"https:\/\/minutobahia24h.com.br\/index.php?rest_route=\/wp\/v2\/posts\/19518\/revisions"}],"predecessor-version":[{"id":19520,"href":"https:\/\/minutobahia24h.com.br\/index.php?rest_route=\/wp\/v2\/posts\/19518\/revisions\/19520"}],"wp:featuredmedia":[{"embeddable":true,"href":"https:\/\/minutobahia24h.com.br\/index.php?rest_route=\/wp\/v2\/media\/19519"}],"wp:attachment":[{"href":"https:\/\/minutobahia24h.com.br\/index.php?rest_route=%2Fwp%2Fv2%2Fmedia&parent=19518"}],"wp:term":[{"taxonomy":"category","embeddable":true,"href":"https:\/\/minutobahia24h.com.br\/index.php?rest_route=%2Fwp%2Fv2%2Fcategories&post=19518"},{"taxonomy":"post_tag","embeddable":true,"href":"https:\/\/minutobahia24h.com.br\/index.php?rest_route=%2Fwp%2Fv2%2Ftags&post=19518"}],"curies":[{"name":"wp","href":"https:\/\/api.w.org\/{rel}","templated":true}]}}