{"id":19515,"date":"2024-11-22T05:45:05","date_gmt":"2024-11-22T08:45:05","guid":{"rendered":"https:\/\/minutobahia24h.com.br\/?p=19515"},"modified":"2024-11-22T05:45:06","modified_gmt":"2024-11-22T08:45:06","slug":"indiciamento-de-bolsonaro-e-perseguicao-politica-diz-lider-da-oposicao-no-senado","status":"publish","type":"post","link":"https:\/\/minutobahia24h.com.br\/?p=19515","title":{"rendered":"Indiciamento de Bolsonaro \u00e9 persegui\u00e7\u00e3o pol\u00edtica, diz l\u00edder da oposi\u00e7\u00e3o no Senado"},"content":{"rendered":"<div class=\"wp-block-image\">\n<figure class=\"aligncenter size-full\"><img data-recalc-dims=\"1\" fetchpriority=\"high\" decoding=\"async\" width=\"601\" height=\"421\" src=\"https:\/\/i0.wp.com\/minutobahia24h.com.br\/wp-content\/uploads\/2024\/11\/Sem-titulo-215.jpg?resize=601%2C421&#038;ssl=1\" alt=\"\" class=\"wp-image-19516\" srcset=\"https:\/\/i0.wp.com\/minutobahia24h.com.br\/wp-content\/uploads\/2024\/11\/Sem-titulo-215.jpg?w=601&amp;ssl=1 601w, https:\/\/i0.wp.com\/minutobahia24h.com.br\/wp-content\/uploads\/2024\/11\/Sem-titulo-215.jpg?resize=300%2C210&amp;ssl=1 300w\" sizes=\"(max-width: 601px) 100vw, 601px\" \/><figcaption class=\"wp-element-caption\">Foto: Marcos Costa\/PR<br><\/figcaption><\/figure>\n<\/div>\n\n\n<p>O l\u00edder da oposi\u00e7\u00e3o no Senado, Rog\u00e9rio Marinho, afirmou nesta quinta-feira (21) que, \u201cdiante de todas as narrativas constru\u00eddas ao longo dos \u00faltimos anos\u201d, o indiciamento, pela Pol\u00edcia Federal (PF), do ex-presidente Jair Bolsonaro, de Valdemar Costa Neto e de outras 35 pessoas \u201cn\u00e3o s\u00f3 era esperado como representa sequ\u00eancia a processo de incessante persegui\u00e7\u00e3o pol\u00edtica ao espectro pol\u00edtico\u201d da direita. A informa\u00e7\u00e3o \u00e9 da coluna Radar, da revista Veja.<\/p>\n\n\n\n<p>\u201cEspera-se que a Procuradoria-Geral da Rep\u00fablica, ao ser acionada pelo Supremo Tribunal Federal, possa cumprir com serenidade, independ\u00eancia e imparcialidade sua miss\u00e3o institucional, debru\u00e7ando-se efetivamente sobre provas concretas e afastando-se definitivamente de meras ila\u00e7\u00f5es\u201d, disse Marinho, que tamb\u00e9m \u00e9 secret\u00e1rio-geral do PL.<\/p>\n\n\n\n<p>O senador acrescentou que reafirma o compromisso com a manuten\u00e7\u00e3o do Estado de Direito e confia que \u201co restabelecimento da verdade encerrar\u00e1 longa sequ\u00eancia de narrativas pol\u00edticas desprovidas de suporte f\u00e1tico, com o restabelecimento da normalidade institucional e o fortalecimento de nossa democracia\u201d.<\/p>\n\n\n\n<p>Bahia.ba<\/p>\n","protected":false},"excerpt":{"rendered":"<p>O l\u00edder da oposi\u00e7\u00e3o no Senado, Rog\u00e9rio Marinho, afirmou nesta quinta-feira (21) que, \u201cdiante de todas as narrativas constru\u00eddas ao longo dos \u00faltimos anos\u201d, o indiciamento, pela Pol\u00edcia Federal (PF), do ex-presidente Jair Bolsonaro, de Valdemar Costa Neto e de outras 35 pessoas \u201cn\u00e3o s\u00f3 era esperado como representa sequ\u00eancia a processo de incessante persegui\u00e7\u00e3o [&hellip;]<\/p>\n","protected":false},"author":2,"featured_media":19516,"comment_status":"open","ping_status":"open","sticky":false,"template":"","format":"standard","meta":{"_jetpack_memberships_contains_paid_content":false,"footnotes":""},"categories":[39],"tags":[],"class_list":["post-19515","post","type-post","status-publish","format-standard","has-post-thumbnail","hentry","category-politica"],"aioseo_notices":[],"jetpack_featured_media_url":"https:\/\/i0.wp.com\/minutobahia24h.com.br\/wp-content\/uploads\/2024\/11\/Sem-titulo-215.jpg?fit=601%2C421&ssl=1","jetpack_sharing_enabled":true,"_links":{"self":[{"href":"https:\/\/minutobahia24h.com.br\/index.php?rest_route=\/wp\/v2\/posts\/19515","targetHints":{"allow":["GET"]}}],"collection":[{"href":"https:\/\/minutobahia24h.com.br\/index.php?rest_route=\/wp\/v2\/posts"}],"about":[{"href":"https:\/\/minutobahia24h.com.br\/index.php?rest_route=\/wp\/v2\/types\/post"}],"author":[{"embeddable":true,"href":"https:\/\/minutobahia24h.com.br\/index.php?rest_route=\/wp\/v2\/users\/2"}],"replies":[{"embeddable":true,"href":"https:\/\/minutobahia24h.com.br\/index.php?rest_route=%2Fwp%2Fv2%2Fcomments&post=19515"}],"version-history":[{"count":1,"href":"https:\/\/minutobahia24h.com.br\/index.php?rest_route=\/wp\/v2\/posts\/19515\/revisions"}],"predecessor-version":[{"id":19517,"href":"https:\/\/minutobahia24h.com.br\/index.php?rest_route=\/wp\/v2\/posts\/19515\/revisions\/19517"}],"wp:featuredmedia":[{"embeddable":true,"href":"https:\/\/minutobahia24h.com.br\/index.php?rest_route=\/wp\/v2\/media\/19516"}],"wp:attachment":[{"href":"https:\/\/minutobahia24h.com.br\/index.php?rest_route=%2Fwp%2Fv2%2Fmedia&parent=19515"}],"wp:term":[{"taxonomy":"category","embeddable":true,"href":"https:\/\/minutobahia24h.com.br\/index.php?rest_route=%2Fwp%2Fv2%2Fcategories&post=19515"},{"taxonomy":"post_tag","embeddable":true,"href":"https:\/\/minutobahia24h.com.br\/index.php?rest_route=%2Fwp%2Fv2%2Ftags&post=19515"}],"curies":[{"name":"wp","href":"https:\/\/api.w.org\/{rel}","templated":true}]}}