{"id":19509,"date":"2024-11-22T05:41:50","date_gmt":"2024-11-22T08:41:50","guid":{"rendered":"https:\/\/minutobahia24h.com.br\/?p=19509"},"modified":"2024-11-22T05:41:52","modified_gmt":"2024-11-22T08:41:52","slug":"dos-417-prefeitos-eleitos-338-apresentam-propostas-para-educacao-em-tempo-integral","status":"publish","type":"post","link":"https:\/\/minutobahia24h.com.br\/?p=19509","title":{"rendered":"Dos 417 prefeitos eleitos, 338 apresentam propostas para educa\u00e7\u00e3o em tempo integral"},"content":{"rendered":"<div class=\"wp-block-image\">\n<figure class=\"aligncenter size-large\"><img data-recalc-dims=\"1\" fetchpriority=\"high\" decoding=\"async\" width=\"800\" height=\"420\" src=\"https:\/\/i0.wp.com\/minutobahia24h.com.br\/wp-content\/uploads\/2024\/11\/Sem-titulo-213-1024x538.jpg?resize=800%2C420&#038;ssl=1\" alt=\"\" class=\"wp-image-19510\" srcset=\"https:\/\/i0.wp.com\/minutobahia24h.com.br\/wp-content\/uploads\/2024\/11\/Sem-titulo-213.jpg?resize=1024%2C538&amp;ssl=1 1024w, https:\/\/i0.wp.com\/minutobahia24h.com.br\/wp-content\/uploads\/2024\/11\/Sem-titulo-213.jpg?resize=300%2C158&amp;ssl=1 300w, https:\/\/i0.wp.com\/minutobahia24h.com.br\/wp-content\/uploads\/2024\/11\/Sem-titulo-213.jpg?resize=768%2C403&amp;ssl=1 768w, https:\/\/i0.wp.com\/minutobahia24h.com.br\/wp-content\/uploads\/2024\/11\/Sem-titulo-213.jpg?resize=750%2C394&amp;ssl=1 750w, https:\/\/i0.wp.com\/minutobahia24h.com.br\/wp-content\/uploads\/2024\/11\/Sem-titulo-213.jpg?resize=1140%2C599&amp;ssl=1 1140w, https:\/\/i0.wp.com\/minutobahia24h.com.br\/wp-content\/uploads\/2024\/11\/Sem-titulo-213.jpg?w=1200&amp;ssl=1 1200w\" sizes=\"(max-width: 800px) 100vw, 800px\" \/><figcaption class=\"wp-element-caption\">Foto: Divulga\u00e7\u00e3o<br><\/figcaption><\/figure>\n<\/div>\n\n\n<p>A educa\u00e7\u00e3o em tempo integral tem ganhado for\u00e7a no Brasil como estrat\u00e9gia para melhorar o desempenho escolar e oferecer mais oportunidades aos estudantes. Com uma jornada ampliada, que vai al\u00e9m das disciplinas tradicionais, os alunos t\u00eam acesso a atividades complementares, como esportes, artes e refor\u00e7o escolar, enquanto escolas e gestores enfrentam desafios como infraestrutura e capacita\u00e7\u00e3o docente para consolidar o modelo.<\/p>\n\n\n\n<p>Durante tr\u00eas anos de estudo, uma pesquisa, conduzida por Naercio Menezes Filho e Luciano Salom\u00e3o, feito em parceria com o Instituto Natura, mostrou que os estudantes de tempo integral tiveram uma participa\u00e7\u00e3o 16,5% maior no Exame Nacional do Ensino M\u00e9dio do que os estudantes de tempo normal, e tiveram notas mais altas. A diferen\u00e7a m\u00e9dia chega at\u00e9 29 pontos a mais na reda\u00e7\u00e3o da prova.<\/p>\n\n\n\n<p>Na Bahia, 338 prefeitos eleitos apresentam propostas voltadas para educa\u00e7\u00e3o em tempo integral, \u00e9 o que informa o levantamento feito pelo Bahia Not\u00edcias. Entre as propostas est\u00e3o \u201campliar a oferta de Educa\u00e7\u00e3o Infantil em creches em tempo integral\u201d e \u201cpromover capacita\u00e7\u00e3o e forma\u00e7\u00e3o para os profissionais da educa\u00e7\u00e3o integral, al\u00e9m de melhorar a oferta de educa\u00e7\u00e3o em tempo integral na rede\u201d.<\/p>\n\n\n\n<p>Na maior parte dos planos de governo, as propostas apresentadas s\u00e3o para cria\u00e7\u00e3o ou amplia\u00e7\u00e3o das escolas que ofertam o ensino em tempo integral. Para realiza\u00e7\u00e3o destas propostas, os eleitos sugerem parcerias junto ao governo federal ou a secretaria estadual de educa\u00e7\u00e3o.<\/p>\n\n\n\n<p>Em Ribeira do Amparo, a prefeita eleita Teti Britto (MDB)\u00a0se prop\u00f5e a \u201cbuscar parcerias junto ao governo federal para implementa\u00e7\u00e3o de escolas com modelo de educa\u00e7\u00e3o em tempo integral\u201d.<\/p>\n\n\n\n<p>O Governo Federal lan\u00e7ou, em julho de 2023, o Programa Escola em Tempo Integral, que fomenta a cria\u00e7\u00e3o de matr\u00edculas em tempo integral em todas as etapas e modalidades da educa\u00e7\u00e3o b\u00e1sica. \u201cA medida proporciona a amplia\u00e7\u00e3o da jornada de tempo na perspectiva da educa\u00e7\u00e3o integral e a prioriza\u00e7\u00e3o das escolas que atendem estudantes em situa\u00e7\u00e3o de maior vulnerabilidade socioecon\u00f4mica\u201d, descreveu o Governo Federal.<\/p>\n\n\n\n<p>J\u00e1 em Jacobina, a prefeita eleita Valdice Castro (PMB) apresenta uma proposta para \u201ccria\u00e7\u00e3o do Centro de Refer\u00eancia em Educa\u00e7\u00e3o em Tempo Integral &#8211; CRETI (parceria com JMC, via MP\/BA) Implanta\u00e7\u00e3o da Educa\u00e7\u00e3o integral em tempo integral nas Escolas municipais, paulatinamente\u201d.<\/p>\n\n\n\n<p>Em Iuiu, Valdinha (PSD)\u00a0tem como proposta a constru\u00e7\u00e3o de uma nova escola de educa\u00e7\u00e3o infantil na sede, visando atender aos alunos da educa\u00e7\u00e3o infantil em tempo integral: \u201cConsiderar a meta 01 do Plano Municipal da Educa\u00e7\u00e3o &#8211; PME\/PNE e implantar at\u00e9 o ano de 2026, o modelo de educa\u00e7\u00e3o em tempo integral em 60% das escolas municipais\u201d.<\/p>\n\n\n\n<p>BN<\/p>\n","protected":false},"excerpt":{"rendered":"<p>A educa\u00e7\u00e3o em tempo integral tem ganhado for\u00e7a no Brasil como estrat\u00e9gia para melhorar o desempenho escolar e oferecer mais oportunidades aos estudantes. Com uma jornada ampliada, que vai al\u00e9m das disciplinas tradicionais, os alunos t\u00eam acesso a atividades complementares, como esportes, artes e refor\u00e7o escolar, enquanto escolas e gestores enfrentam desafios como infraestrutura e [&hellip;]<\/p>\n","protected":false},"author":2,"featured_media":19510,"comment_status":"open","ping_status":"open","sticky":false,"template":"","format":"standard","meta":{"_jetpack_memberships_contains_paid_content":false,"footnotes":""},"categories":[39],"tags":[],"class_list":["post-19509","post","type-post","status-publish","format-standard","has-post-thumbnail","hentry","category-politica"],"aioseo_notices":[],"jetpack_featured_media_url":"https:\/\/i0.wp.com\/minutobahia24h.com.br\/wp-content\/uploads\/2024\/11\/Sem-titulo-213.jpg?fit=1200%2C630&ssl=1","jetpack_sharing_enabled":true,"_links":{"self":[{"href":"https:\/\/minutobahia24h.com.br\/index.php?rest_route=\/wp\/v2\/posts\/19509","targetHints":{"allow":["GET"]}}],"collection":[{"href":"https:\/\/minutobahia24h.com.br\/index.php?rest_route=\/wp\/v2\/posts"}],"about":[{"href":"https:\/\/minutobahia24h.com.br\/index.php?rest_route=\/wp\/v2\/types\/post"}],"author":[{"embeddable":true,"href":"https:\/\/minutobahia24h.com.br\/index.php?rest_route=\/wp\/v2\/users\/2"}],"replies":[{"embeddable":true,"href":"https:\/\/minutobahia24h.com.br\/index.php?rest_route=%2Fwp%2Fv2%2Fcomments&post=19509"}],"version-history":[{"count":1,"href":"https:\/\/minutobahia24h.com.br\/index.php?rest_route=\/wp\/v2\/posts\/19509\/revisions"}],"predecessor-version":[{"id":19511,"href":"https:\/\/minutobahia24h.com.br\/index.php?rest_route=\/wp\/v2\/posts\/19509\/revisions\/19511"}],"wp:featuredmedia":[{"embeddable":true,"href":"https:\/\/minutobahia24h.com.br\/index.php?rest_route=\/wp\/v2\/media\/19510"}],"wp:attachment":[{"href":"https:\/\/minutobahia24h.com.br\/index.php?rest_route=%2Fwp%2Fv2%2Fmedia&parent=19509"}],"wp:term":[{"taxonomy":"category","embeddable":true,"href":"https:\/\/minutobahia24h.com.br\/index.php?rest_route=%2Fwp%2Fv2%2Fcategories&post=19509"},{"taxonomy":"post_tag","embeddable":true,"href":"https:\/\/minutobahia24h.com.br\/index.php?rest_route=%2Fwp%2Fv2%2Ftags&post=19509"}],"curies":[{"name":"wp","href":"https:\/\/api.w.org\/{rel}","templated":true}]}}