{"id":195,"date":"2023-09-12T09:43:11","date_gmt":"2023-09-12T12:43:11","guid":{"rendered":"https:\/\/minutobahia24h.com.br\/?p=195"},"modified":"2023-09-12T10:00:17","modified_gmt":"2023-09-12T13:00:17","slug":"a-melhor-oportunidade-de-trabalho-no-pais-diz-rogerio-ceni-sobre-chegada-ao-bahia","status":"publish","type":"post","link":"https:\/\/minutobahia24h.com.br\/?p=195","title":{"rendered":"&#8220;A melhor oportunidade de trabalho no pa\u00eds&#8221;, diz Rog\u00e9rio Ceni sobre chegada ao Bahia"},"content":{"rendered":"<div class=\"wp-block-image\">\n<figure class=\"aligncenter size-full\"><img data-recalc-dims=\"1\" fetchpriority=\"high\" decoding=\"async\" width=\"500\" height=\"333\" src=\"https:\/\/i0.wp.com\/minutobahia24h.com.br\/wp-content\/uploads\/2023\/09\/900x6002131787deef95d747dae7392f7cd2b39_65003ab39f0a6.jpg?resize=500%2C333&#038;ssl=1\" alt=\"\" class=\"wp-image-197\" srcset=\"https:\/\/i0.wp.com\/minutobahia24h.com.br\/wp-content\/uploads\/2023\/09\/900x6002131787deef95d747dae7392f7cd2b39_65003ab39f0a6.jpg?w=500&amp;ssl=1 500w, https:\/\/i0.wp.com\/minutobahia24h.com.br\/wp-content\/uploads\/2023\/09\/900x6002131787deef95d747dae7392f7cd2b39_65003ab39f0a6.jpg?resize=300%2C200&amp;ssl=1 300w\" sizes=\"(max-width: 500px) 100vw, 500px\" \/><\/figure>\n<\/div>\n\n\n<p>O novo t\u00e9cnico do Bahia, Rog\u00e9rio Ceni, foi apresentado na tarde desta segunda-feira (11) na Arena Fonte Nova. Com uma sala de imprensa cheia, o comandante do Tricolor falou sobre detalhes da negocia\u00e7\u00e3o com o clube e destacou o tamanho da parceria com o clube com o Grupo City, gestor da SAF.<\/p>\n\n\n\n<p>&#8220;Primeiro, quero dizer que \u00e9 um prazer estar aqui com voc\u00eas. Uma oportunidade especial na minha vida. O Bahia, por si s\u00f3, pela sua grandeza, hist\u00f3ria, t\u00edtulos, em conjunto com o Grupo City, talvez seja a melhor oportunidade de trabalho no pa\u00eds. Ent\u00e3o, eu venho aqui pela tradi\u00e7\u00e3o do clube, pela hist\u00f3ria e pela oportunidade da jun\u00e7\u00e3o dessas duas marcas. Quarta-feira \u00e0 noite come\u00e7ou as conversas com o Bahia, antes disso eu nunca tive contato. Ali\u00e1s, fui conhecer o Cadu (Santoro) aqui, no domingo. E falei pela primeira vez no telefone com ele, na quarta \u00e0 noite. Eu estava no Mato Grosso, na fazenda, recebi a liga\u00e7\u00e3o e de sexta para s\u00e1bado n\u00f3s j\u00e1 t\u00ednhamos tudo certo. O domingo era folga pros jogadores e come\u00e7amos o trabalho no dia de hoje&#8221;, disse.<\/p>\n\n\n\n<p>Dias se passaram entre a informa\u00e7\u00e3o do acerto e o an\u00fancio oficial, o que gerou d\u00favidas por parte da torcida e gerou especula\u00e7\u00f5es. Questionado sobre poss\u00edveis exig\u00eancias para fechar com o Esquadr\u00e3o, o ex-goleiro explicou detalhes e disse que n\u00e3o busca autonomia na gest\u00e3o do futebol.<\/p>\n\n\n\n<p>&#8220;Eu assinei o contrato de sexta para s\u00e1bado, \u00e0 1h da manh\u00e3, ent\u00e3o eu n\u00e3o posso ter feito exig\u00eancia depois de ter assinado um contrato trinta e poucas horas antes de chegar aqui,. Eu venho para ser o treinador do Bahia, para tentar desenvolver atletas, que j\u00e1 est\u00e3o aqui, pra tentar fazer o meu melhor. Essa parte administrativa, o grupo que administra o clube j\u00e1 mostra todo seu profissionalismo e autonomia. \u00c9 claro que haver\u00e1 consulta de determinado jogador no futuro. Para esse ano \u00e9 um elenco fechado. Hoje eu trabalhei pela primeira vez com o clube e gostei de todos. Eu venho aqui pra trabalhar na minha fun\u00e7\u00e3o, que \u00e9 de treinador de futebol. N\u00e3o fiz nenhuma exig\u00eancia, fui super bem recebido. Primeiro, eu estou na Bahia. Segundo, eu estou em Salvador. Terceiro, eu tenho a oportunidade de vestir a camisa do Bahia. E quarto, num grupo do tamanho do Grupo City, que talvez seja o local mais profissional que eu possa trabalhar. Ent\u00e3o, isso j\u00e1 s\u00e3o motivos suficientes para estar aqui&#8221;, indicou.<\/p>\n\n\n\n<p>Com v\u00ednculo at\u00e9 o fim de 2025, Ceni deixou claro que a miss\u00e3o \u00e9 &#8220;fazer o simples&#8221; para evitar o rebaixamento do Esquadr\u00e3o de A\u00e7o.<\/p>\n\n\n\n<p>&#8220;Nunca \u00e9 mais um clube. Na minha vida, nenhum clube foi mais um clube. Todos que eu passei eu tentei o meu melhor. S\u00e3o 25 anos como atleta do S\u00e3o Paulo. Dois anos como treinador do S\u00e3o Paulo, tr\u00eas anos como treinador do Fortaleza, quase um ano no Flamengo. A \u00fanica passagem curt\u00edssima foi no Cruzeiro. Eu trato isso aqui como a oportunidade da minha vida, da minha carreira e vou tratar o Bahia como o S\u00e3o Paulo, que \u00e9 o lugar que fiquei vinte e poucos anos na minha carreira. Eu sei do momento de dificuldade, do objetivo principal que \u00e9 fazer com que o time se mantenha na S\u00e9rie A. Segundo objetivo, conquistar uma vaga e dar um calend\u00e1rio completo pro Bahia no ano que vem, jogando uma Copa Sul Americana. &#8216;Ah, \u00e9 dif\u00edcil&#8217;. Claro que \u00e9 dif\u00edcil, mas n\u00f3s temos que aprender a superar todas as adversidades&#8221;, apontou<\/p>\n\n\n\n<p>O Bahia vai estrear sob o comando de Ceni na pr\u00f3xima quinta-feira (14), \u00e0s 19h, contra o Coritiba no Couto Pereira.<\/p>\n\n\n\n<p><\/p>\n\n\n\n<p>informejacobina<\/p>\n","protected":false},"excerpt":{"rendered":"<p>O novo t\u00e9cnico do Bahia, Rog\u00e9rio Ceni, foi apresentado na tarde desta segunda-feira (11) na Arena Fonte Nova. Com uma sala de imprensa cheia, o comandante do Tricolor falou sobre detalhes da negocia\u00e7\u00e3o com o clube e destacou o tamanho da parceria com o clube com o Grupo City, gestor da SAF. &#8220;Primeiro, quero dizer [&hellip;]<\/p>\n","protected":false},"author":2,"featured_media":197,"comment_status":"open","ping_status":"open","sticky":false,"template":"","format":"standard","meta":{"_jetpack_memberships_contains_paid_content":false,"footnotes":""},"categories":[20,3],"tags":[],"class_list":["post-195","post","type-post","status-publish","format-standard","has-post-thumbnail","hentry","category-esporte","category-regional"],"aioseo_notices":[],"jetpack_featured_media_url":"https:\/\/i0.wp.com\/minutobahia24h.com.br\/wp-content\/uploads\/2023\/09\/900x6002131787deef95d747dae7392f7cd2b39_65003ab39f0a6.jpg?fit=500%2C333&ssl=1","jetpack_sharing_enabled":true,"_links":{"self":[{"href":"https:\/\/minutobahia24h.com.br\/index.php?rest_route=\/wp\/v2\/posts\/195","targetHints":{"allow":["GET"]}}],"collection":[{"href":"https:\/\/minutobahia24h.com.br\/index.php?rest_route=\/wp\/v2\/posts"}],"about":[{"href":"https:\/\/minutobahia24h.com.br\/index.php?rest_route=\/wp\/v2\/types\/post"}],"author":[{"embeddable":true,"href":"https:\/\/minutobahia24h.com.br\/index.php?rest_route=\/wp\/v2\/users\/2"}],"replies":[{"embeddable":true,"href":"https:\/\/minutobahia24h.com.br\/index.php?rest_route=%2Fwp%2Fv2%2Fcomments&post=195"}],"version-history":[{"count":1,"href":"https:\/\/minutobahia24h.com.br\/index.php?rest_route=\/wp\/v2\/posts\/195\/revisions"}],"predecessor-version":[{"id":198,"href":"https:\/\/minutobahia24h.com.br\/index.php?rest_route=\/wp\/v2\/posts\/195\/revisions\/198"}],"wp:featuredmedia":[{"embeddable":true,"href":"https:\/\/minutobahia24h.com.br\/index.php?rest_route=\/wp\/v2\/media\/197"}],"wp:attachment":[{"href":"https:\/\/minutobahia24h.com.br\/index.php?rest_route=%2Fwp%2Fv2%2Fmedia&parent=195"}],"wp:term":[{"taxonomy":"category","embeddable":true,"href":"https:\/\/minutobahia24h.com.br\/index.php?rest_route=%2Fwp%2Fv2%2Fcategories&post=195"},{"taxonomy":"post_tag","embeddable":true,"href":"https:\/\/minutobahia24h.com.br\/index.php?rest_route=%2Fwp%2Fv2%2Ftags&post=195"}],"curies":[{"name":"wp","href":"https:\/\/api.w.org\/{rel}","templated":true}]}}