{"id":19497,"date":"2024-11-22T05:23:45","date_gmt":"2024-11-22T08:23:45","guid":{"rendered":"https:\/\/minutobahia24h.com.br\/?p=19497"},"modified":"2024-11-22T05:23:46","modified_gmt":"2024-11-22T08:23:46","slug":"curaca-ba-recebe-a-1a-edicao-da-festa-literaria-flicde-quinta-21-a-sabado-23","status":"publish","type":"post","link":"https:\/\/minutobahia24h.com.br\/?p=19497","title":{"rendered":"Cura\u00e7\u00e1-BA recebe a 1\u00aa edi\u00e7\u00e3o da Festa Liter\u00e1ria\u00a0(Flic),de quinta (21) a s\u00e1bado (23)"},"content":{"rendered":"<div class=\"wp-block-image\">\n<figure class=\"aligncenter size-full\"><img data-recalc-dims=\"1\" fetchpriority=\"high\" decoding=\"async\" width=\"640\" height=\"480\" src=\"https:\/\/i0.wp.com\/minutobahia24h.com.br\/wp-content\/uploads\/2024\/11\/Sem-titulo-209.jpg?resize=640%2C480&#038;ssl=1\" alt=\"\" class=\"wp-image-19498\" srcset=\"https:\/\/i0.wp.com\/minutobahia24h.com.br\/wp-content\/uploads\/2024\/11\/Sem-titulo-209.jpg?w=640&amp;ssl=1 640w, https:\/\/i0.wp.com\/minutobahia24h.com.br\/wp-content\/uploads\/2024\/11\/Sem-titulo-209.jpg?resize=300%2C225&amp;ssl=1 300w\" sizes=\"(max-width: 640px) 100vw, 640px\" \/><\/figure>\n<\/div>\n\n\n<p>Mesas&nbsp;tem\u00e1ticas com escritores, a exemplo de Sidney Rocha (ganhador do pr\u00eamio Jabuti, o mais importante da literatura no Brasil); exposi\u00e7\u00f5es de arte, oficinas, performances art\u00edsticas e shows musicais de nomes como Edvaldo Santana, Maviael Melo, P1 Rappers e Roberto Possidio. Tudo pronto para come\u00e7ar nesta quinta-feira (21), em Cura\u00e7\u00e1, no sert\u00e3o baiano, a 1\u00aa edi\u00e7\u00e3o da Festa Liter\u00e1ria&nbsp;(Flic).<\/p>\n\n\n\n<p>Com o tema \u201cOs Paus Tran\u00e7ados das Letras: nossos modos de escrita da hist\u00f3ria\u201d, a. Flic promete muitas atra\u00e7\u00f5es culturais at\u00e9 o pr\u00f3ximo s\u00e1bado (23), nos espa\u00e7os do CETEP Maria de Almeida Ara\u00fajo, na parte do dia, e \u00e0 noite, shows musicais na hist\u00f3rica Pra\u00e7a e teatro Raul Coelho. Al\u00e9m da biblioteca de extens\u00e3o da Funda\u00e7\u00e3o Pedro Calmon, a Bibex \u2013 com programa\u00e7\u00e3o voltada para os leitores infantojuvenis e presen\u00e7a da Kombi do Z\u00e9 Livr\u00f3rio.<\/p>\n\n\n\n<p>Para o curador e coordenador da Flic, professor doutor Josemar Martins (Pinzoh), Cura\u00e7\u00e1 j\u00e1 precisava de um evento l\u00edtero-musical desta envergadura &nbsp;h\u00e1 muito tempo. \u201cA 1a edi\u00e7\u00e3o da Festa Liter\u00e1ria de Cura\u00e7\u00e1 \u00e9 um sonho e uma luta nossa desde 2019, ent\u00e3o agora conseguimos recursos do Governo do Estado da Bahia, por meio de uma emenda parlamentar do Deputado Z\u00f3, atrav\u00e9s da Secretaria de Secretaria de Educa\u00e7\u00e3o, e atrav\u00e9s do patroc\u00ednio da SUFOTUR, com realiza\u00e7\u00e3o da produtora Carranca e com apoio do Acervo Cura\u00e7aense, da Galeota das Artes, da Universidade do Estado da Bahia (UNEB), da BlueSky e do CETEP Maria de Almeida Ara\u00fajo, para realizar este sonho, que ser\u00e1 a primeira edi\u00e7\u00e3o de muitas que vir\u00e3o. Nossa utopia \u00e9 consolidar Cura\u00e7\u00e1 como um polo cultural, liter\u00e1rio e musical do Estado da Bahia, al\u00e9m do que a cidade j\u00e1 \u00e9!\u201d, frisou.<\/p>\n\n\n\n<p>Mais informa\u00e7\u00f5es sobre a programa\u00e7\u00e3o no perfil no Instagram @flic.oficial&nbsp;<br><em>Clas Comunica\u00e7\u00e3o e Marketing<\/em><\/p>\n","protected":false},"excerpt":{"rendered":"<p>Mesas&nbsp;tem\u00e1ticas com escritores, a exemplo de Sidney Rocha (ganhador do pr\u00eamio Jabuti, o mais importante da literatura no Brasil); exposi\u00e7\u00f5es de arte, oficinas, performances art\u00edsticas e shows musicais de nomes como Edvaldo Santana, Maviael Melo, P1 Rappers e Roberto Possidio. Tudo pronto para come\u00e7ar nesta quinta-feira (21), em Cura\u00e7\u00e1, no sert\u00e3o baiano, a 1\u00aa edi\u00e7\u00e3o [&hellip;]<\/p>\n","protected":false},"author":2,"featured_media":19498,"comment_status":"open","ping_status":"open","sticky":false,"template":"","format":"standard","meta":{"_jetpack_memberships_contains_paid_content":false,"footnotes":""},"categories":[53],"tags":[],"class_list":["post-19497","post","type-post","status-publish","format-standard","has-post-thumbnail","hentry","category-cultura"],"aioseo_notices":[],"jetpack_featured_media_url":"https:\/\/i0.wp.com\/minutobahia24h.com.br\/wp-content\/uploads\/2024\/11\/Sem-titulo-209.jpg?fit=640%2C480&ssl=1","jetpack_sharing_enabled":true,"_links":{"self":[{"href":"https:\/\/minutobahia24h.com.br\/index.php?rest_route=\/wp\/v2\/posts\/19497","targetHints":{"allow":["GET"]}}],"collection":[{"href":"https:\/\/minutobahia24h.com.br\/index.php?rest_route=\/wp\/v2\/posts"}],"about":[{"href":"https:\/\/minutobahia24h.com.br\/index.php?rest_route=\/wp\/v2\/types\/post"}],"author":[{"embeddable":true,"href":"https:\/\/minutobahia24h.com.br\/index.php?rest_route=\/wp\/v2\/users\/2"}],"replies":[{"embeddable":true,"href":"https:\/\/minutobahia24h.com.br\/index.php?rest_route=%2Fwp%2Fv2%2Fcomments&post=19497"}],"version-history":[{"count":1,"href":"https:\/\/minutobahia24h.com.br\/index.php?rest_route=\/wp\/v2\/posts\/19497\/revisions"}],"predecessor-version":[{"id":19499,"href":"https:\/\/minutobahia24h.com.br\/index.php?rest_route=\/wp\/v2\/posts\/19497\/revisions\/19499"}],"wp:featuredmedia":[{"embeddable":true,"href":"https:\/\/minutobahia24h.com.br\/index.php?rest_route=\/wp\/v2\/media\/19498"}],"wp:attachment":[{"href":"https:\/\/minutobahia24h.com.br\/index.php?rest_route=%2Fwp%2Fv2%2Fmedia&parent=19497"}],"wp:term":[{"taxonomy":"category","embeddable":true,"href":"https:\/\/minutobahia24h.com.br\/index.php?rest_route=%2Fwp%2Fv2%2Fcategories&post=19497"},{"taxonomy":"post_tag","embeddable":true,"href":"https:\/\/minutobahia24h.com.br\/index.php?rest_route=%2Fwp%2Fv2%2Ftags&post=19497"}],"curies":[{"name":"wp","href":"https:\/\/api.w.org\/{rel}","templated":true}]}}