{"id":19256,"date":"2024-11-15T07:49:37","date_gmt":"2024-11-15T10:49:37","guid":{"rendered":"https:\/\/minutobahia24h.com.br\/?p=19256"},"modified":"2024-11-15T07:49:38","modified_gmt":"2024-11-15T10:49:38","slug":"prejudica-o-trabalhador-diz-presidente-do-bc-sobre-fim-da-escala-6x1","status":"publish","type":"post","link":"https:\/\/minutobahia24h.com.br\/?p=19256","title":{"rendered":"\u2018Prejudica o trabalhador\u2019, diz presidente do BC sobre fim da escala 6\u00d71"},"content":{"rendered":"<div class=\"wp-block-image\">\n<figure class=\"aligncenter size-full\"><img data-recalc-dims=\"1\" fetchpriority=\"high\" decoding=\"async\" width=\"597\" height=\"421\" src=\"https:\/\/i0.wp.com\/minutobahia24h.com.br\/wp-content\/uploads\/2024\/11\/Sem-titulo-148.jpg?resize=597%2C421&#038;ssl=1\" alt=\"\" class=\"wp-image-19257\" srcset=\"https:\/\/i0.wp.com\/minutobahia24h.com.br\/wp-content\/uploads\/2024\/11\/Sem-titulo-148.jpg?w=597&amp;ssl=1 597w, https:\/\/i0.wp.com\/minutobahia24h.com.br\/wp-content\/uploads\/2024\/11\/Sem-titulo-148.jpg?resize=300%2C212&amp;ssl=1 300w, https:\/\/i0.wp.com\/minutobahia24h.com.br\/wp-content\/uploads\/2024\/11\/Sem-titulo-148.jpg?resize=120%2C86&amp;ssl=1 120w\" sizes=\"(max-width: 597px) 100vw, 597px\" \/><figcaption class=\"wp-element-caption\">Foto: Fabio Rodrigues Pozzebom\/Ag\u00eancia Brasil<br><\/figcaption><\/figure>\n<\/div>\n\n\n<p>Durante sua palestra do F\u00f3rum Liberdade e Democracia de Vit\u00f3ria, o presidente do Banco Central (BC), Campos Neto, teceu cr\u00edticas \u00e0 proposta de emenda \u00e0 Constitui\u00e7\u00e3o (PEC), que pode definir o fim da escala 6\u00d71 no Brasil.<\/p>\n\n\n\n<p>Segundo Campos Neto, uma eventual redu\u00e7\u00e3o na jornada de trabalho vai prejudicar o trabalhador. A mudan\u00e7a iria aumentar o n\u00famero de empregos informais. \u201c\u00c9 um projeto que acho bastante prejudicial para o trabalhador, porque no final vai aumentar o custo de trabalho, a informalidade e diminuir a produtividade\u201d, explicou.<\/p>\n\n\n\n<p>O presidente do BC completou sua fala afirmando que o Brasil \u201cprecisa continuar avan\u00e7ando nessas reformas e entender que no final das contas, aumentando a obriga\u00e7\u00e3o dos empregadores, n\u00e3o melhoramos o direito dos trabalhadores. Tem essa ilus\u00e3o de curto prazo que se mostra contr\u00e1ria no m\u00e9dio e longo prazo.\u201d<\/p>\n\n\n\n<p>Bahia.ba<\/p>\n","protected":false},"excerpt":{"rendered":"<p>Durante sua palestra do F\u00f3rum Liberdade e Democracia de Vit\u00f3ria, o presidente do Banco Central (BC), Campos Neto, teceu cr\u00edticas \u00e0 proposta de emenda \u00e0 Constitui\u00e7\u00e3o (PEC), que pode definir o fim da escala 6\u00d71 no Brasil. Segundo Campos Neto, uma eventual redu\u00e7\u00e3o na jornada de trabalho vai prejudicar o trabalhador. A mudan\u00e7a iria aumentar [&hellip;]<\/p>\n","protected":false},"author":2,"featured_media":19257,"comment_status":"open","ping_status":"open","sticky":false,"template":"","format":"standard","meta":{"_jetpack_memberships_contains_paid_content":false,"footnotes":""},"categories":[39],"tags":[],"class_list":["post-19256","post","type-post","status-publish","format-standard","has-post-thumbnail","hentry","category-politica"],"aioseo_notices":[],"jetpack_featured_media_url":"https:\/\/i0.wp.com\/minutobahia24h.com.br\/wp-content\/uploads\/2024\/11\/Sem-titulo-148.jpg?fit=597%2C421&ssl=1","jetpack_sharing_enabled":true,"_links":{"self":[{"href":"https:\/\/minutobahia24h.com.br\/index.php?rest_route=\/wp\/v2\/posts\/19256","targetHints":{"allow":["GET"]}}],"collection":[{"href":"https:\/\/minutobahia24h.com.br\/index.php?rest_route=\/wp\/v2\/posts"}],"about":[{"href":"https:\/\/minutobahia24h.com.br\/index.php?rest_route=\/wp\/v2\/types\/post"}],"author":[{"embeddable":true,"href":"https:\/\/minutobahia24h.com.br\/index.php?rest_route=\/wp\/v2\/users\/2"}],"replies":[{"embeddable":true,"href":"https:\/\/minutobahia24h.com.br\/index.php?rest_route=%2Fwp%2Fv2%2Fcomments&post=19256"}],"version-history":[{"count":1,"href":"https:\/\/minutobahia24h.com.br\/index.php?rest_route=\/wp\/v2\/posts\/19256\/revisions"}],"predecessor-version":[{"id":19258,"href":"https:\/\/minutobahia24h.com.br\/index.php?rest_route=\/wp\/v2\/posts\/19256\/revisions\/19258"}],"wp:featuredmedia":[{"embeddable":true,"href":"https:\/\/minutobahia24h.com.br\/index.php?rest_route=\/wp\/v2\/media\/19257"}],"wp:attachment":[{"href":"https:\/\/minutobahia24h.com.br\/index.php?rest_route=%2Fwp%2Fv2%2Fmedia&parent=19256"}],"wp:term":[{"taxonomy":"category","embeddable":true,"href":"https:\/\/minutobahia24h.com.br\/index.php?rest_route=%2Fwp%2Fv2%2Fcategories&post=19256"},{"taxonomy":"post_tag","embeddable":true,"href":"https:\/\/minutobahia24h.com.br\/index.php?rest_route=%2Fwp%2Fv2%2Ftags&post=19256"}],"curies":[{"name":"wp","href":"https:\/\/api.w.org\/{rel}","templated":true}]}}