{"id":19253,"date":"2024-11-15T07:47:57","date_gmt":"2024-11-15T10:47:57","guid":{"rendered":"https:\/\/minutobahia24h.com.br\/?p=19253"},"modified":"2024-11-15T07:47:59","modified_gmt":"2024-11-15T10:47:59","slug":"bahia-reforca-acoes-de-combate-ao-aedes-aegypti-na-semana-estadual-de-mobilizacao-contra-as-arboviroses","status":"publish","type":"post","link":"https:\/\/minutobahia24h.com.br\/?p=19253","title":{"rendered":"Bahia refor\u00e7a a\u00e7\u00f5es de combate ao Aedes aegypti na semana estadual de mobiliza\u00e7\u00e3o contra as arboviroses"},"content":{"rendered":"<div class=\"wp-block-image\">\n<figure class=\"aligncenter size-large\"><img data-recalc-dims=\"1\" fetchpriority=\"high\" decoding=\"async\" width=\"800\" height=\"416\" src=\"https:\/\/i0.wp.com\/minutobahia24h.com.br\/wp-content\/uploads\/2024\/11\/Sem-titulo-147-1024x532.jpg?resize=800%2C416&#038;ssl=1\" alt=\"\" class=\"wp-image-19254\" srcset=\"https:\/\/i0.wp.com\/minutobahia24h.com.br\/wp-content\/uploads\/2024\/11\/Sem-titulo-147.jpg?resize=1024%2C532&amp;ssl=1 1024w, https:\/\/i0.wp.com\/minutobahia24h.com.br\/wp-content\/uploads\/2024\/11\/Sem-titulo-147.jpg?resize=300%2C156&amp;ssl=1 300w, https:\/\/i0.wp.com\/minutobahia24h.com.br\/wp-content\/uploads\/2024\/11\/Sem-titulo-147.jpg?resize=768%2C399&amp;ssl=1 768w, https:\/\/i0.wp.com\/minutobahia24h.com.br\/wp-content\/uploads\/2024\/11\/Sem-titulo-147.jpg?resize=750%2C389&amp;ssl=1 750w, https:\/\/i0.wp.com\/minutobahia24h.com.br\/wp-content\/uploads\/2024\/11\/Sem-titulo-147.jpg?resize=1140%2C592&amp;ssl=1 1140w, https:\/\/i0.wp.com\/minutobahia24h.com.br\/wp-content\/uploads\/2024\/11\/Sem-titulo-147.jpg?w=1200&amp;ssl=1 1200w\" sizes=\"(max-width: 800px) 100vw, 800px\" \/><figcaption class=\"wp-element-caption\">Foto: Mateus Pereira \/ GOVBA<br><\/figcaption><\/figure>\n<\/div>\n\n\n<p>Para enfrentar os casos de dengue, chikungunya e zika, a Secretaria da Sa\u00fade do Estado da Bahia (Sesab) realiza, de 18 a 22 de novembro, a Semana Estadual de Mobiliza\u00e7\u00e3o contra as Arboviroses. Durante o per\u00edodo, diversas a\u00e7\u00f5es de conscientiza\u00e7\u00e3o e preven\u00e7\u00e3o ser\u00e3o promovidas em todo o estado, visando reduzir os focos do mosquito Aedes aegypti e engajar a popula\u00e7\u00e3o no combate a essas doen\u00e7as.<\/p>\n\n\n\n<p>A secret\u00e1ria da Sa\u00fade do Estado, Roberta Santana, destaca a import\u00e2ncia da mobiliza\u00e7\u00e3o conjunta. \u201cPrecisamos da colabora\u00e7\u00e3o da popula\u00e7\u00e3o e de todas as esferas p\u00fablicas e privadas para que esse combate seja eficaz e diminua o impacto das doen\u00e7as transmitidas pelo mosquito. Estamos empenhados em garantir que todos os nossos munic\u00edpios estejam preparados, e contamos com o apoio da sociedade na elimina\u00e7\u00e3o de focos. A preven\u00e7\u00e3o \u00e9 a nossa melhor arma e a hora de agir \u00e9 agora\u201d.<\/p>\n\n\n\n<p>Entre as principais atividades da semana de mobiliza\u00e7\u00e3o est\u00e3o os mutir\u00f5es de limpeza e as caminhadas de sensibiliza\u00e7\u00e3o, que ser\u00e3o realizadas em diversas localidades para conscientizar a popula\u00e7\u00e3o sobre a import\u00e2ncia de eliminar criadouros do Aedes aegypti. No dia 19 de novembro, a Diretoria de Vigil\u00e2ncia Epidemiol\u00f3gica do Estado (Divep) promover\u00e1 um treinamento espec\u00edfico para o Corpo de Bombeiros, capacitando-os a identificar e eliminar focos do mosquito. J\u00e1 no dia 21, servidores estaduais de diversos \u00f3rg\u00e3os ser\u00e3o capacitados para formar brigadas anti-Aedes, com o objetivo de instituir pr\u00e1ticas preventivas nas rotinas das institui\u00e7\u00f5es.<\/p>\n\n\n\n<p>A diretora da Vigil\u00e2ncia Epidemiol\u00f3gica do Estado, M\u00e1rcia S\u00e3o Pedro, refor\u00e7a a necessidade de atua\u00e7\u00e3o r\u00e1pida e coordenada: \u201cTivemos um aumento expressivo nos casos de dengue em 2024, o que exige de n\u00f3s uma resposta coordenada, se antecipando ao pr\u00f3ximo ver\u00e3o. O treinamento de volunt\u00e1rios e a forma\u00e7\u00e3o de brigadas anti-Aedes aegypti s\u00e3o medidas para fortalecer nossa capacidade de resposta e impedir a propaga\u00e7\u00e3o do mosquito. A participa\u00e7\u00e3o da comunidade \u00e9 essencial, especialmente em a\u00e7\u00f5es como mutir\u00f5es de limpeza e elimina\u00e7\u00e3o de poss\u00edveis criadouros. Com a uni\u00e3o de esfor\u00e7os, podemos enfrentar esse desafio e proteger nossas fam\u00edlias\u201d.<\/p>\n\n\n\n<p>DADOS EPIDEMIOL\u00d3GICOS&nbsp;<\/p>\n\n\n\n<p>At\u00e9 o dia 9 de novembro, foram notificados 231.603 casos prov\u00e1veis de dengue no estado, um aumento de 407,9% em rela\u00e7\u00e3o ao mesmo per\u00edodo de 2023, quando foram registrados 45.603 casos prov\u00e1veis.<\/p>\n\n\n\n<p>Em rela\u00e7\u00e3o \u00e0 chikungunya, o estado registrou 16.239 casos prov\u00e1veis, com uma incid\u00eancia de 114,8 casos por 100.000 habitantes. Esse n\u00famero representa um aumento de 7,8% em rela\u00e7\u00e3o ao mesmo per\u00edodo do ano anterior. No total, 335 munic\u00edpios notificaram casos.<\/p>\n\n\n\n<p>Por outro lado, os casos de zika tiveram uma queda. Em 2024, foram notificados 1.134 casos, uma redu\u00e7\u00e3o de 33,3% em compara\u00e7\u00e3o a 2023, quando foram registrados 1.700 casos prov\u00e1veis.<\/p>\n\n\n\n<p>A Secretaria da Sa\u00fade do Estado refor\u00e7a que a colabora\u00e7\u00e3o da popula\u00e7\u00e3o \u00e9 essencial para o sucesso das medidas de combate ao Aedes aegypti e a redu\u00e7\u00e3o das arboviroses. O tema da campanha, \u201cA hora de prevenir contra o mosquito \u00e9 agora!\u201d, chama todos a participarem ativamente nessa luta pela sa\u00fade e bem-estar de todos.<\/p>\n\n\n\n<p>BN<\/p>\n","protected":false},"excerpt":{"rendered":"<p>Para enfrentar os casos de dengue, chikungunya e zika, a Secretaria da Sa\u00fade do Estado da Bahia (Sesab) realiza, de 18 a 22 de novembro, a Semana Estadual de Mobiliza\u00e7\u00e3o contra as Arboviroses. Durante o per\u00edodo, diversas a\u00e7\u00f5es de conscientiza\u00e7\u00e3o e preven\u00e7\u00e3o ser\u00e3o promovidas em todo o estado, visando reduzir os focos do mosquito Aedes [&hellip;]<\/p>\n","protected":false},"author":2,"featured_media":19254,"comment_status":"open","ping_status":"open","sticky":false,"template":"","format":"standard","meta":{"_jetpack_memberships_contains_paid_content":false,"footnotes":""},"categories":[18],"tags":[],"class_list":["post-19253","post","type-post","status-publish","format-standard","has-post-thumbnail","hentry","category-saude"],"aioseo_notices":[],"jetpack_featured_media_url":"https:\/\/i0.wp.com\/minutobahia24h.com.br\/wp-content\/uploads\/2024\/11\/Sem-titulo-147.jpg?fit=1200%2C623&ssl=1","jetpack_sharing_enabled":true,"_links":{"self":[{"href":"https:\/\/minutobahia24h.com.br\/index.php?rest_route=\/wp\/v2\/posts\/19253","targetHints":{"allow":["GET"]}}],"collection":[{"href":"https:\/\/minutobahia24h.com.br\/index.php?rest_route=\/wp\/v2\/posts"}],"about":[{"href":"https:\/\/minutobahia24h.com.br\/index.php?rest_route=\/wp\/v2\/types\/post"}],"author":[{"embeddable":true,"href":"https:\/\/minutobahia24h.com.br\/index.php?rest_route=\/wp\/v2\/users\/2"}],"replies":[{"embeddable":true,"href":"https:\/\/minutobahia24h.com.br\/index.php?rest_route=%2Fwp%2Fv2%2Fcomments&post=19253"}],"version-history":[{"count":1,"href":"https:\/\/minutobahia24h.com.br\/index.php?rest_route=\/wp\/v2\/posts\/19253\/revisions"}],"predecessor-version":[{"id":19255,"href":"https:\/\/minutobahia24h.com.br\/index.php?rest_route=\/wp\/v2\/posts\/19253\/revisions\/19255"}],"wp:featuredmedia":[{"embeddable":true,"href":"https:\/\/minutobahia24h.com.br\/index.php?rest_route=\/wp\/v2\/media\/19254"}],"wp:attachment":[{"href":"https:\/\/minutobahia24h.com.br\/index.php?rest_route=%2Fwp%2Fv2%2Fmedia&parent=19253"}],"wp:term":[{"taxonomy":"category","embeddable":true,"href":"https:\/\/minutobahia24h.com.br\/index.php?rest_route=%2Fwp%2Fv2%2Fcategories&post=19253"},{"taxonomy":"post_tag","embeddable":true,"href":"https:\/\/minutobahia24h.com.br\/index.php?rest_route=%2Fwp%2Fv2%2Ftags&post=19253"}],"curies":[{"name":"wp","href":"https:\/\/api.w.org\/{rel}","templated":true}]}}