{"id":19234,"date":"2024-11-15T07:14:46","date_gmt":"2024-11-15T10:14:46","guid":{"rendered":"https:\/\/minutobahia24h.com.br\/?p=19234"},"modified":"2024-11-15T07:14:48","modified_gmt":"2024-11-15T10:14:48","slug":"prefeitura-de-caem-solicita-a-camara-autorizacao-para-pagar-o-abono-fundeb-para-os-profissionais-da-educacao","status":"publish","type":"post","link":"https:\/\/minutobahia24h.com.br\/?p=19234","title":{"rendered":"Prefeitura de Ca\u00e9m solicita \u00e0 C\u00e2mara autoriza\u00e7\u00e3o para pagar o \u2018Abono-Fundeb\u2019 para os profissionais da Educa\u00e7\u00e3o"},"content":{"rendered":"<div class=\"wp-block-image\">\n<figure class=\"aligncenter size-full\"><img data-recalc-dims=\"1\" fetchpriority=\"high\" decoding=\"async\" width=\"800\" height=\"600\" src=\"https:\/\/i0.wp.com\/minutobahia24h.com.br\/wp-content\/uploads\/2024\/11\/Sem-titulo-141.jpg?resize=800%2C600&#038;ssl=1\" alt=\"\" class=\"wp-image-19235\" srcset=\"https:\/\/i0.wp.com\/minutobahia24h.com.br\/wp-content\/uploads\/2024\/11\/Sem-titulo-141.jpg?w=900&amp;ssl=1 900w, https:\/\/i0.wp.com\/minutobahia24h.com.br\/wp-content\/uploads\/2024\/11\/Sem-titulo-141.jpg?resize=300%2C225&amp;ssl=1 300w, https:\/\/i0.wp.com\/minutobahia24h.com.br\/wp-content\/uploads\/2024\/11\/Sem-titulo-141.jpg?resize=768%2C576&amp;ssl=1 768w, https:\/\/i0.wp.com\/minutobahia24h.com.br\/wp-content\/uploads\/2024\/11\/Sem-titulo-141.jpg?resize=750%2C563&amp;ssl=1 750w\" sizes=\"(max-width: 800px) 100vw, 800px\" \/><\/figure>\n<\/div>\n\n\n<p>O prefeito de Ca\u00e9m, Arnaldinho Oliveira e o secret\u00e1rio de Educa\u00e7\u00e3o do munic\u00edpio, Ronaldo Alves, estiveram na C\u00e2mara de Vereadores durante a sess\u00e3o ordin\u00e1ria desta quinta-feira (14), para protocolar o Projeto de Lei que solicita a aprova\u00e7\u00e3o do rateio do Fundeb (Fundo de Manuten\u00e7\u00e3o e Desenvolvimento da Educa\u00e7\u00e3o B\u00e1sica e Valoriza\u00e7\u00e3o dos Profissionais da Educa\u00e7\u00e3o) com os profissionais da Educa\u00e7\u00e3o B\u00e1sica da rede municipal de ensino, em efetivo exerc\u00edcio.<\/p>\n\n\n\n<p>Em mensagem enviada para a presid\u00eancia do Legislativo local o chefe do Executivo justifica que o \u2018Abono-Fundeb\u2019, como designa o projeto, \u00e9 uma medida excepcional e transit\u00f3ria que se destina a promover o cumprimento do disposto no Artigo 212, da Constitui\u00e7\u00e3o Federal, mas sobretudo para dirimir o anseio de progresso e bem estar da comunidade escolar.<\/p>\n\n\n\n<p>O prefeito afirma ainda no documento que confia no acolhimento de forma favor\u00e1vel por parte dos edis, pedindo \u2018urg\u00eancia r relev\u00e2ncia\u2019 na aprecia\u00e7\u00e3o e aprova\u00e7\u00e3o do projeto.<\/p>\n\n\n\n<p>\u201cEsta \u00e9 mais uma demonstra\u00e7\u00e3o da valoriza\u00e7\u00e3o e respeito da atual gest\u00e3o para com os profissionais da Educa\u00e7\u00e3o. Contamos com todos os vereadores o compromisso de apoiar essa iniciativa da nossa administra\u00e7\u00e3o, para que consigamos contemplar os profissionais da Educa\u00e7\u00e3o em um pleito de grande import\u00e2ncia para os mesmos\u201d, disse Arnaldinho, completando que \u00e9 um dos objetivos da sugest\u00e3o, \u201cmanter e intensificar cada vez mais a pol\u00edtica de valoriza\u00e7\u00e3o do servidor municipal\u201d.<\/p>\n\n\n\n<p>Fonte: Jacobina 24 Horas<\/p>\n","protected":false},"excerpt":{"rendered":"<p>O prefeito de Ca\u00e9m, Arnaldinho Oliveira e o secret\u00e1rio de Educa\u00e7\u00e3o do munic\u00edpio, Ronaldo Alves, estiveram na C\u00e2mara de Vereadores durante a sess\u00e3o ordin\u00e1ria desta quinta-feira (14), para protocolar o Projeto de Lei que solicita a aprova\u00e7\u00e3o do rateio do Fundeb (Fundo de Manuten\u00e7\u00e3o e Desenvolvimento da Educa\u00e7\u00e3o B\u00e1sica e Valoriza\u00e7\u00e3o dos Profissionais da Educa\u00e7\u00e3o) [&hellip;]<\/p>\n","protected":false},"author":2,"featured_media":19235,"comment_status":"open","ping_status":"open","sticky":false,"template":"","format":"standard","meta":{"_jetpack_memberships_contains_paid_content":false,"footnotes":""},"categories":[46],"tags":[],"class_list":["post-19234","post","type-post","status-publish","format-standard","has-post-thumbnail","hentry","category-noticia"],"aioseo_notices":[],"jetpack_featured_media_url":"https:\/\/i0.wp.com\/minutobahia24h.com.br\/wp-content\/uploads\/2024\/11\/Sem-titulo-141.jpg?fit=900%2C675&ssl=1","jetpack_sharing_enabled":true,"_links":{"self":[{"href":"https:\/\/minutobahia24h.com.br\/index.php?rest_route=\/wp\/v2\/posts\/19234","targetHints":{"allow":["GET"]}}],"collection":[{"href":"https:\/\/minutobahia24h.com.br\/index.php?rest_route=\/wp\/v2\/posts"}],"about":[{"href":"https:\/\/minutobahia24h.com.br\/index.php?rest_route=\/wp\/v2\/types\/post"}],"author":[{"embeddable":true,"href":"https:\/\/minutobahia24h.com.br\/index.php?rest_route=\/wp\/v2\/users\/2"}],"replies":[{"embeddable":true,"href":"https:\/\/minutobahia24h.com.br\/index.php?rest_route=%2Fwp%2Fv2%2Fcomments&post=19234"}],"version-history":[{"count":1,"href":"https:\/\/minutobahia24h.com.br\/index.php?rest_route=\/wp\/v2\/posts\/19234\/revisions"}],"predecessor-version":[{"id":19236,"href":"https:\/\/minutobahia24h.com.br\/index.php?rest_route=\/wp\/v2\/posts\/19234\/revisions\/19236"}],"wp:featuredmedia":[{"embeddable":true,"href":"https:\/\/minutobahia24h.com.br\/index.php?rest_route=\/wp\/v2\/media\/19235"}],"wp:attachment":[{"href":"https:\/\/minutobahia24h.com.br\/index.php?rest_route=%2Fwp%2Fv2%2Fmedia&parent=19234"}],"wp:term":[{"taxonomy":"category","embeddable":true,"href":"https:\/\/minutobahia24h.com.br\/index.php?rest_route=%2Fwp%2Fv2%2Fcategories&post=19234"},{"taxonomy":"post_tag","embeddable":true,"href":"https:\/\/minutobahia24h.com.br\/index.php?rest_route=%2Fwp%2Fv2%2Ftags&post=19234"}],"curies":[{"name":"wp","href":"https:\/\/api.w.org\/{rel}","templated":true}]}}