{"id":19227,"date":"2024-11-15T07:11:03","date_gmt":"2024-11-15T10:11:03","guid":{"rendered":"https:\/\/minutobahia24h.com.br\/?p=19227"},"modified":"2024-11-15T07:11:04","modified_gmt":"2024-11-15T10:11:04","slug":"jacobina-conselho-municipal-de-educacao-aciona-mp-sobre-decreto-de-exoneracao-de-secretarias-escolares","status":"publish","type":"post","link":"https:\/\/minutobahia24h.com.br\/?p=19227","title":{"rendered":"Jacobina: Conselho Municipal de Educa\u00e7\u00e3o aciona MP sobre decreto de exonera\u00e7\u00e3o de secret\u00e1rias escolares"},"content":{"rendered":"<div class=\"wp-block-image\">\n<figure class=\"aligncenter size-full\"><img data-recalc-dims=\"1\" fetchpriority=\"high\" decoding=\"async\" width=\"800\" height=\"513\" src=\"https:\/\/i0.wp.com\/minutobahia24h.com.br\/wp-content\/uploads\/2024\/11\/Sem-titulo-139.jpg?resize=800%2C513&#038;ssl=1\" alt=\"\" class=\"wp-image-19228\" srcset=\"https:\/\/i0.wp.com\/minutobahia24h.com.br\/wp-content\/uploads\/2024\/11\/Sem-titulo-139.jpg?w=828&amp;ssl=1 828w, https:\/\/i0.wp.com\/minutobahia24h.com.br\/wp-content\/uploads\/2024\/11\/Sem-titulo-139.jpg?resize=300%2C192&amp;ssl=1 300w, https:\/\/i0.wp.com\/minutobahia24h.com.br\/wp-content\/uploads\/2024\/11\/Sem-titulo-139.jpg?resize=768%2C493&amp;ssl=1 768w, https:\/\/i0.wp.com\/minutobahia24h.com.br\/wp-content\/uploads\/2024\/11\/Sem-titulo-139.jpg?resize=750%2C481&amp;ssl=1 750w\" sizes=\"(max-width: 800px) 100vw, 800px\" \/><figcaption class=\"wp-element-caption\"><strong>Col\u00e9gio Lu\u00eds Alberto Dourado de Carvalho \u00e9 uma das unidades de ensino com Secret\u00e1ria Escolar exonerada\u00a0<\/strong><br><br><\/figcaption><\/figure>\n<\/div>\n\n\n<p>O Conselho Municipal de Educa\u00e7\u00e3o de Jacobina acionou o Minist\u00e9rio P\u00fablico na \u00faltima quarta-feira (13) pedindo provid\u00eancias acerca da exonera\u00e7\u00e3o coletiva de 17 secret\u00e1rias escolares da rede p\u00fablica municipal de ensino assinada pelo prefeito Tiago Dias (PCdoB).<\/p>\n\n\n\n<p>De acordo com o documento \u201cembora tratem-se de cargos de livre nomea\u00e7\u00e3o e exonera\u00e7\u00e3o, tais fun\u00e7\u00f5es n\u00e3o podem ser interrompidas, uma vez que a Lei Municipal 1.210\/2013 determina algumas atribui\u00e7\u00f5es de compet\u00eancia privativa das secret\u00e1rias escolares\u201d, destaca.<\/p>\n\n\n\n<p>O of\u00edcio que foi encaminhado para o Promotor de Justi\u00e7a da 4\u00aa Promotoria, Dr. Jair Ant\u00f4nio Silva Lima elenca as principais atribui\u00e7\u00f5es dos secret\u00e1rios escolares e a imprescind\u00edvel perman\u00eancia dos mesmos sob o risco do comprometimento das a\u00e7\u00f5es das unidades escolares municipais.<a><\/a><\/p>\n\n\n\n<p>O documento ainda destaca que um of\u00edcio foi entregue ao Prefeito pedindo que ele revogasse o decreto. Apesar do envio do pedido ao prefeito, o Conselho Municipal de Educa\u00e7\u00e3o reivindica que \u201ccaso o Poder Executivo mantenha a decis\u00e3o ora exposta\u201d o Minist\u00e9rio P\u00fablico possa intervir na situa\u00e7\u00e3o.<\/p>\n\n\n\n<p>\u201cA aus\u00eancia das secret\u00e1rias escolares nas unidades de ensino acarretar\u00e1 transtornos administrativos e preju\u00edzos \u00e0 vida escolar dos estudantes\u201d, encerra o of\u00edcio que pede uma solu\u00e7\u00e3o em car\u00e1ter de urg\u00eancia.<\/p>\n\n\n\n<p>Confira a \u00edntegra do of\u00edcio abaixo.<\/p>\n\n\n\n<p><a href=\"https:\/\/maispolitica.com.br\/wp-content\/uploads\/2024\/11\/OFICIO-CME-No-206.2024-PEDIDO-DE-PROVIDENCIAS-AO-MP.pdf\">OFICIO-CME-No-206.2024-PEDIDO-DE-PROVIDENCIAS-AO-MP<\/a><\/p>\n\n\n\n<p>Fonte Mais Pol\u00edtica&nbsp;<\/p>\n\n\n\n<p>Foto: Igor Fagner | Di\u00e1rio da Chapada<\/p>\n","protected":false},"excerpt":{"rendered":"<p>O Conselho Municipal de Educa\u00e7\u00e3o de Jacobina acionou o Minist\u00e9rio P\u00fablico na \u00faltima quarta-feira (13) pedindo provid\u00eancias acerca da exonera\u00e7\u00e3o coletiva de 17 secret\u00e1rias escolares da rede p\u00fablica municipal de ensino assinada pelo prefeito Tiago Dias (PCdoB). De acordo com o documento \u201cembora tratem-se de cargos de livre nomea\u00e7\u00e3o e exonera\u00e7\u00e3o, tais fun\u00e7\u00f5es n\u00e3o podem [&hellip;]<\/p>\n","protected":false},"author":2,"featured_media":19228,"comment_status":"open","ping_status":"open","sticky":false,"template":"","format":"standard","meta":{"_jetpack_memberships_contains_paid_content":false,"footnotes":""},"categories":[3],"tags":[],"class_list":["post-19227","post","type-post","status-publish","format-standard","has-post-thumbnail","hentry","category-regional"],"aioseo_notices":[],"jetpack_featured_media_url":"https:\/\/i0.wp.com\/minutobahia24h.com.br\/wp-content\/uploads\/2024\/11\/Sem-titulo-139.jpg?fit=828%2C531&ssl=1","jetpack_sharing_enabled":true,"_links":{"self":[{"href":"https:\/\/minutobahia24h.com.br\/index.php?rest_route=\/wp\/v2\/posts\/19227","targetHints":{"allow":["GET"]}}],"collection":[{"href":"https:\/\/minutobahia24h.com.br\/index.php?rest_route=\/wp\/v2\/posts"}],"about":[{"href":"https:\/\/minutobahia24h.com.br\/index.php?rest_route=\/wp\/v2\/types\/post"}],"author":[{"embeddable":true,"href":"https:\/\/minutobahia24h.com.br\/index.php?rest_route=\/wp\/v2\/users\/2"}],"replies":[{"embeddable":true,"href":"https:\/\/minutobahia24h.com.br\/index.php?rest_route=%2Fwp%2Fv2%2Fcomments&post=19227"}],"version-history":[{"count":1,"href":"https:\/\/minutobahia24h.com.br\/index.php?rest_route=\/wp\/v2\/posts\/19227\/revisions"}],"predecessor-version":[{"id":19229,"href":"https:\/\/minutobahia24h.com.br\/index.php?rest_route=\/wp\/v2\/posts\/19227\/revisions\/19229"}],"wp:featuredmedia":[{"embeddable":true,"href":"https:\/\/minutobahia24h.com.br\/index.php?rest_route=\/wp\/v2\/media\/19228"}],"wp:attachment":[{"href":"https:\/\/minutobahia24h.com.br\/index.php?rest_route=%2Fwp%2Fv2%2Fmedia&parent=19227"}],"wp:term":[{"taxonomy":"category","embeddable":true,"href":"https:\/\/minutobahia24h.com.br\/index.php?rest_route=%2Fwp%2Fv2%2Fcategories&post=19227"},{"taxonomy":"post_tag","embeddable":true,"href":"https:\/\/minutobahia24h.com.br\/index.php?rest_route=%2Fwp%2Fv2%2Ftags&post=19227"}],"curies":[{"name":"wp","href":"https:\/\/api.w.org\/{rel}","templated":true}]}}