{"id":19221,"date":"2024-11-15T07:06:27","date_gmt":"2024-11-15T10:06:27","guid":{"rendered":"https:\/\/minutobahia24h.com.br\/?p=19221"},"modified":"2024-11-15T07:06:29","modified_gmt":"2024-11-15T10:06:29","slug":"homem-e-condenado-a-19-anos-de-prisao-por-homicidio-duplamente-qualificado-em-senhor-do-bonfim","status":"publish","type":"post","link":"https:\/\/minutobahia24h.com.br\/?p=19221","title":{"rendered":"Homem \u00e9 condenado a 19 anos de pris\u00e3o por homic\u00eddio duplamente qualificado em Senhor do Bonfim"},"content":{"rendered":"<div class=\"wp-block-image\">\n<figure class=\"aligncenter size-full\"><img data-recalc-dims=\"1\" fetchpriority=\"high\" decoding=\"async\" width=\"639\" height=\"426\" src=\"https:\/\/i0.wp.com\/minutobahia24h.com.br\/wp-content\/uploads\/2024\/11\/Sem-titulo-137.jpg?resize=639%2C426&#038;ssl=1\" alt=\"\" class=\"wp-image-19222\" srcset=\"https:\/\/i0.wp.com\/minutobahia24h.com.br\/wp-content\/uploads\/2024\/11\/Sem-titulo-137.jpg?w=639&amp;ssl=1 639w, https:\/\/i0.wp.com\/minutobahia24h.com.br\/wp-content\/uploads\/2024\/11\/Sem-titulo-137.jpg?resize=300%2C200&amp;ssl=1 300w\" sizes=\"(max-width: 639px) 100vw, 639px\" \/><\/figure>\n<\/div>\n\n\n<p>O Tribunal do J\u00fari da comarca de Senhor do Bonfim condenou na \u00faltima segunda-feira, dia 11, Paulo C\u00e9sar Terra Nova da Silva a 19 anos e 3 meses de reclus\u00e3o pelo homic\u00eddio duplamente qualificado de Edgar da Silva Paz, ocorrido na cidade em 2014. A condena\u00e7\u00e3o atende \u00e0 tese do Minist\u00e9rio P\u00fablico do Estado da Bahia, sustentada pelo promotor de Justi\u00e7a Felipe da Mota Pazzola com a assist\u00eancia \u00e0 acusa\u00e7\u00e3o do advogado S\u00e9rgio Reis.&nbsp;<\/p>\n\n\n\n<p>De acordo com a den\u00fancia do MPBA, Edgar foi executado a disparos de arma de fogo em frente \u00e0 sua casa, em Senhor do Bonfim, no dia 22 de junho de 2014, em retalia\u00e7\u00e3o a uma discuss\u00e3o ocorrida horas antes em uma festa de S\u00e3o Jo\u00e3o realizada na cidade. A v\u00edtima foi surpreendida quando sa\u00eda de sua resid\u00eancia, em modus operandi que tornou imposs\u00edvel a sua defesa. O emprego desse recurso, somado ao motivo torpe para a realiza\u00e7\u00e3o do crime, justificou a dupla qualifica\u00e7\u00e3o do homic\u00eddio.&nbsp;<\/p>\n\n\n\n<p>O Minist\u00e9rio P\u00fablico denunciou seis pessoas pelo crime. Ap\u00f3s a pron\u00fancia dos acusados, o processo foi desmembrado para o julgamento de Paulo C\u00e9sar, que j\u00e1 se encontrava preso. Na decis\u00e3o desta segunda-feira, a ju\u00edza Ana Laura Bezerra Santos, presidente do Tribunal do J\u00fari, determinou o encaminhamento do r\u00e9u ao Conjunto Penal de Juazeiro para o cumprimento da pena em regime fechado, sem o direito de recorrer em liberdade.&nbsp;<\/p>\n\n\n\n<p>MPBA<\/p>\n\n\n\n<p>blogdonettomaravilha<\/p>\n\n\n\n<p><\/p>\n","protected":false},"excerpt":{"rendered":"<p>O Tribunal do J\u00fari da comarca de Senhor do Bonfim condenou na \u00faltima segunda-feira, dia 11, Paulo C\u00e9sar Terra Nova da Silva a 19 anos e 3 meses de reclus\u00e3o pelo homic\u00eddio duplamente qualificado de Edgar da Silva Paz, ocorrido na cidade em 2014. A condena\u00e7\u00e3o atende \u00e0 tese do Minist\u00e9rio P\u00fablico do Estado da [&hellip;]<\/p>\n","protected":false},"author":2,"featured_media":19222,"comment_status":"open","ping_status":"open","sticky":false,"template":"","format":"standard","meta":{"_jetpack_memberships_contains_paid_content":false,"footnotes":""},"categories":[17],"tags":[],"class_list":["post-19221","post","type-post","status-publish","format-standard","has-post-thumbnail","hentry","category-senhor-do-bonfim"],"aioseo_notices":[],"jetpack_featured_media_url":"https:\/\/i0.wp.com\/minutobahia24h.com.br\/wp-content\/uploads\/2024\/11\/Sem-titulo-137.jpg?fit=639%2C426&ssl=1","jetpack_sharing_enabled":true,"_links":{"self":[{"href":"https:\/\/minutobahia24h.com.br\/index.php?rest_route=\/wp\/v2\/posts\/19221","targetHints":{"allow":["GET"]}}],"collection":[{"href":"https:\/\/minutobahia24h.com.br\/index.php?rest_route=\/wp\/v2\/posts"}],"about":[{"href":"https:\/\/minutobahia24h.com.br\/index.php?rest_route=\/wp\/v2\/types\/post"}],"author":[{"embeddable":true,"href":"https:\/\/minutobahia24h.com.br\/index.php?rest_route=\/wp\/v2\/users\/2"}],"replies":[{"embeddable":true,"href":"https:\/\/minutobahia24h.com.br\/index.php?rest_route=%2Fwp%2Fv2%2Fcomments&post=19221"}],"version-history":[{"count":1,"href":"https:\/\/minutobahia24h.com.br\/index.php?rest_route=\/wp\/v2\/posts\/19221\/revisions"}],"predecessor-version":[{"id":19223,"href":"https:\/\/minutobahia24h.com.br\/index.php?rest_route=\/wp\/v2\/posts\/19221\/revisions\/19223"}],"wp:featuredmedia":[{"embeddable":true,"href":"https:\/\/minutobahia24h.com.br\/index.php?rest_route=\/wp\/v2\/media\/19222"}],"wp:attachment":[{"href":"https:\/\/minutobahia24h.com.br\/index.php?rest_route=%2Fwp%2Fv2%2Fmedia&parent=19221"}],"wp:term":[{"taxonomy":"category","embeddable":true,"href":"https:\/\/minutobahia24h.com.br\/index.php?rest_route=%2Fwp%2Fv2%2Fcategories&post=19221"},{"taxonomy":"post_tag","embeddable":true,"href":"https:\/\/minutobahia24h.com.br\/index.php?rest_route=%2Fwp%2Fv2%2Ftags&post=19221"}],"curies":[{"name":"wp","href":"https:\/\/api.w.org\/{rel}","templated":true}]}}