{"id":1916,"date":"2023-10-09T07:17:52","date_gmt":"2023-10-09T10:17:52","guid":{"rendered":"https:\/\/minutobahia24h.com.br\/?p=1916"},"modified":"2023-10-09T07:17:53","modified_gmt":"2023-10-09T10:17:53","slug":"programacao-de-tite-tem-apresentacao-e-primeiro-treino-pelo-flamengo-na-terca-feira","status":"publish","type":"post","link":"https:\/\/minutobahia24h.com.br\/?p=1916","title":{"rendered":"Programa\u00e7\u00e3o de Tite tem apresenta\u00e7\u00e3o e primeiro treino pelo Flamengo na ter\u00e7a-feira"},"content":{"rendered":"\n<p>Se nos \u00faltimos dias Tite ainda n\u00e3o tinha certeza se trabalharia em 2023, tal panorama mudou radicalmente no domingo, quando ele e o\u00a0<a class=\"\" href=\"http:\/\/globoesporte.globo.com\/futebol\/times\/flamengo\/\">Flamengo<\/a>\u00a0chegaram a um acerto definitivo. O primeiro dia de trabalho, ali\u00e1s, est\u00e1 previsto para ter\u00e7a-feira.<\/p>\n\n\n\n<p>Tite ter\u00e1 oito dias de treinamento at\u00e9 a data prevista para sua estreia, contra o Cruzeiro, no pr\u00f3ximo dia 19, \u00e0s 19h, no Mineir\u00e3o, pelo Brasileir\u00e3o. O Rubro-Negro, atualmente, \u00e9 quinto colocado, 11 pontos atr\u00e1s do l\u00edder Botafogo. O ga\u00facho de 62 anos assinar\u00e1 contrato nesta segunda-feira. O v\u00ednculo ser\u00e1 v\u00e1lido at\u00e9 o fim de dezembro de 2024, quando o mandato de Rodolfo Landim se encerra.<\/p>\n\n\n<div class=\"wp-block-image\">\n<figure class=\"aligncenter size-full\"><img data-recalc-dims=\"1\" fetchpriority=\"high\" decoding=\"async\" width=\"800\" height=\"533\" src=\"https:\/\/i0.wp.com\/minutobahia24h.com.br\/wp-content\/uploads\/2023\/10\/Sem-titulo-61.jpg?resize=800%2C533&#038;ssl=1\" alt=\"\" class=\"wp-image-1918\" srcset=\"https:\/\/i0.wp.com\/minutobahia24h.com.br\/wp-content\/uploads\/2023\/10\/Sem-titulo-61.jpg?w=984&amp;ssl=1 984w, https:\/\/i0.wp.com\/minutobahia24h.com.br\/wp-content\/uploads\/2023\/10\/Sem-titulo-61.jpg?resize=300%2C200&amp;ssl=1 300w, https:\/\/i0.wp.com\/minutobahia24h.com.br\/wp-content\/uploads\/2023\/10\/Sem-titulo-61.jpg?resize=768%2C512&amp;ssl=1 768w, https:\/\/i0.wp.com\/minutobahia24h.com.br\/wp-content\/uploads\/2023\/10\/Sem-titulo-61.jpg?resize=750%2C500&amp;ssl=1 750w\" sizes=\"(max-width: 800px) 100vw, 800px\" \/><figcaption class=\"wp-element-caption\">Tite \u00e9 o novo t\u00e9cnico do Flamengo \u2014 Foto: Maja Hitij &#8211; FIFA\/FIFA via Getty Images<br><\/figcaption><\/figure>\n<\/div>\n\n\n<p>Mesmo ainda sem a assinatura, est\u00e1 dentro do planejamento rubro-negro que o treinador seja apresentado e comande seu primeiro treinamento j\u00e1 na ter\u00e7a-feira, data da reapresenta\u00e7\u00e3o do elenco ap\u00f3s dois dias de folga. No s\u00e1bado, o time, comandando pelo interino M\u00e1rio Jorge, empatou com o Corinthians em S\u00e3o Paulo.<\/p>\n\n\n\n<p>Tite chega com tr\u00eas auxiliares (C\u00e9sar Sampaio, Matheus Bacchi e Cl\u00e9ber Xavier), um analista de desempenho e um preparador f\u00edsico, o paulista F\u00e1bio Mahseredjian, \u00fanico dos cinco que j\u00e1 havia trabalhado no clube &#8211; entre 2003 e 2004.<\/p>\n\n\n\n<p>O ex-comandante da Sele\u00e7\u00e3o ser\u00e1 o terceiro treinador do clube no ano. Antes, V\u00edtor Pereira e Jorge Sampaoli foram demitidos.<\/p>\n","protected":false},"excerpt":{"rendered":"<p>Se nos \u00faltimos dias Tite ainda n\u00e3o tinha certeza se trabalharia em 2023, tal panorama mudou radicalmente no domingo, quando ele e o\u00a0Flamengo\u00a0chegaram a um acerto definitivo. O primeiro dia de trabalho, ali\u00e1s, est\u00e1 previsto para ter\u00e7a-feira. Tite ter\u00e1 oito dias de treinamento at\u00e9 a data prevista para sua estreia, contra o Cruzeiro, no pr\u00f3ximo [&hellip;]<\/p>\n","protected":false},"author":2,"featured_media":1918,"comment_status":"open","ping_status":"open","sticky":false,"template":"","format":"standard","meta":{"_jetpack_memberships_contains_paid_content":false,"footnotes":""},"categories":[20],"tags":[],"class_list":["post-1916","post","type-post","status-publish","format-standard","has-post-thumbnail","hentry","category-esporte"],"aioseo_notices":[],"jetpack_featured_media_url":"https:\/\/i0.wp.com\/minutobahia24h.com.br\/wp-content\/uploads\/2023\/10\/Sem-titulo-61.jpg?fit=984%2C656&ssl=1","jetpack_sharing_enabled":true,"_links":{"self":[{"href":"https:\/\/minutobahia24h.com.br\/index.php?rest_route=\/wp\/v2\/posts\/1916","targetHints":{"allow":["GET"]}}],"collection":[{"href":"https:\/\/minutobahia24h.com.br\/index.php?rest_route=\/wp\/v2\/posts"}],"about":[{"href":"https:\/\/minutobahia24h.com.br\/index.php?rest_route=\/wp\/v2\/types\/post"}],"author":[{"embeddable":true,"href":"https:\/\/minutobahia24h.com.br\/index.php?rest_route=\/wp\/v2\/users\/2"}],"replies":[{"embeddable":true,"href":"https:\/\/minutobahia24h.com.br\/index.php?rest_route=%2Fwp%2Fv2%2Fcomments&post=1916"}],"version-history":[{"count":1,"href":"https:\/\/minutobahia24h.com.br\/index.php?rest_route=\/wp\/v2\/posts\/1916\/revisions"}],"predecessor-version":[{"id":1919,"href":"https:\/\/minutobahia24h.com.br\/index.php?rest_route=\/wp\/v2\/posts\/1916\/revisions\/1919"}],"wp:featuredmedia":[{"embeddable":true,"href":"https:\/\/minutobahia24h.com.br\/index.php?rest_route=\/wp\/v2\/media\/1918"}],"wp:attachment":[{"href":"https:\/\/minutobahia24h.com.br\/index.php?rest_route=%2Fwp%2Fv2%2Fmedia&parent=1916"}],"wp:term":[{"taxonomy":"category","embeddable":true,"href":"https:\/\/minutobahia24h.com.br\/index.php?rest_route=%2Fwp%2Fv2%2Fcategories&post=1916"},{"taxonomy":"post_tag","embeddable":true,"href":"https:\/\/minutobahia24h.com.br\/index.php?rest_route=%2Fwp%2Fv2%2Ftags&post=1916"}],"curies":[{"name":"wp","href":"https:\/\/api.w.org\/{rel}","templated":true}]}}