{"id":19159,"date":"2024-11-13T07:59:28","date_gmt":"2024-11-13T10:59:28","guid":{"rendered":"https:\/\/minutobahia24h.com.br\/?p=19159"},"modified":"2024-11-13T07:59:30","modified_gmt":"2024-11-13T10:59:30","slug":"stj-comeca-a-julgar-nesta-quarta-recurso-que-discute-autorizacao-para-cultivo-de-cannabis-medicinal","status":"publish","type":"post","link":"https:\/\/minutobahia24h.com.br\/?p=19159","title":{"rendered":"STJ come\u00e7a a julgar nesta quarta recurso que discute autoriza\u00e7\u00e3o para cultivo de cannabis medicinal"},"content":{"rendered":"<div class=\"wp-block-image\">\n<figure class=\"aligncenter size-full\"><img data-recalc-dims=\"1\" fetchpriority=\"high\" decoding=\"async\" width=\"641\" height=\"358\" src=\"https:\/\/i0.wp.com\/minutobahia24h.com.br\/wp-content\/uploads\/2024\/11\/Sem-titulo-120.jpg?resize=641%2C358&#038;ssl=1\" alt=\"\" class=\"wp-image-19160\" srcset=\"https:\/\/i0.wp.com\/minutobahia24h.com.br\/wp-content\/uploads\/2024\/11\/Sem-titulo-120.jpg?w=641&amp;ssl=1 641w, https:\/\/i0.wp.com\/minutobahia24h.com.br\/wp-content\/uploads\/2024\/11\/Sem-titulo-120.jpg?resize=300%2C168&amp;ssl=1 300w\" sizes=\"(max-width: 641px) 100vw, 641px\" \/><\/figure>\n<\/div>\n\n\n<p>O\u00a0<a class=\"\" href=\"https:\/\/g1.globo.com\/tudo-sobre\/superior-tribunal-de-justica\/\">Superior Tribunal de Justi\u00e7a<\/a>\u00a0(STJ) vai come\u00e7ar a julgar, nesta quarta-feira (13), se\u00a0<strong>\u00e9 poss\u00edvel autorizar a importa\u00e7\u00e3o de sementes e o cultivo da cannabis sativa para fins medicinais, farmac\u00eauticos ou industriais.<\/strong> O caso ser\u00e1 analisado pela Primeira Se\u00e7\u00e3o, colegiado que re\u00fane 10 ministros do tribunal e \u00e9 especializado em temas de direito p\u00fablico.\u00a0<strong>A decis\u00e3o dever\u00e1 ser seguida pelas inst\u00e2ncias inferiores da Justi\u00e7a em todo o pa\u00eds.<\/strong><\/p>\n\n\n\n<p>A discuss\u00e3o envolve a possibilidade de se conceder a empresas a autoriza\u00e7\u00e3o sanit\u00e1ria para importa\u00e7\u00e3o e cultivo de variedades da planta com a concentra\u00e7\u00e3o da subst\u00e2ncia que \u00e9 aplicada para a produ\u00e7\u00e3o de medicamentos.<\/p>\n\n\n\n<p>A quest\u00e3o n\u00e3o envolve o plantio ou legaliza\u00e7\u00e3o da maconha para uso recreativo, ou cultivo da planta para fins que n\u00e3o s\u00e3o terap\u00eauticos.<\/p>\n\n\n\n<p>O&nbsp;<strong>g1<\/strong>&nbsp;explica os detalhes do processo e o que est\u00e1 em jogo no julgamento.<\/p>\n\n\n\n<h2 class=\"wp-block-heading\">O que o STJ vai julgar?<\/h2>\n\n\n\n<p>Os ministros v\u00e3o se debru\u00e7ar sobre o recurso de uma empresa de biotecnologia que quer autoriza\u00e7\u00e3o sanit\u00e1ria para importar, plantar e cultivar c\u00e2nhamo industrial, uma variedade da cannabis sativa. O grupo pretende explorar economicamente a subst\u00e2ncia, produzindo materiais a serem usados com fins medicinais.<\/p>\n\n\n\n<p>A empresa sustenta que o c\u00e2nhamo industrial tem quantidades baixas de tetrahidrocanabinol (THC), o que impediria o uso do vegetal de forma recreativa. E que ele tem mais 25 aplica\u00e7\u00f5es industriais distintas \u2013 entre elas, o uso medicamentoso, por conta da extra\u00e7\u00e3o do canabidiol (CDB). Ou seja,&nbsp;<strong>na pr\u00e1tica, o vegetal s\u00f3 teria potencial para uso farmac\u00eautico, seria incapaz de causar efeitos psicotr\u00f3picos.<\/strong><\/p>\n\n\n\n<p>O grupo argumenta que a Ag\u00eancia Nacional de Vigil\u00e2ncia Sanit\u00e1ria (<a class=\"\" href=\"https:\/\/g1.globo.com\/tudo-sobre\/anvisa\/\">Anvisa<\/a>)j\u00e1 regulamentou a importa\u00e7\u00e3o de extratos de canabidiol por quem pretende fabricar e vender produtos derivados de cannabis, mas as mercadorias s\u00e3o vendidas com alto valor no mercado nacional por conta de dificuldades na importa\u00e7\u00e3o dos insumos. E entende que a permiss\u00e3o do plantio no pa\u00eds pode alterar este cen\u00e1rio.<\/p>\n\n\n\n<p>Os autores da a\u00e7\u00e3o sustentam ainda que, sem a autoriza\u00e7\u00e3o para a explora\u00e7\u00e3o do produto, h\u00e1 viola\u00e7\u00e3o do direito \u00e0 livre iniciativa. A empresa defende que sua atividade ser\u00e1 feita com fiscaliza\u00e7\u00e3o do Minist\u00e9rio da Agricultura e da Anvisa.<\/p>\n\n\n\n<figure class=\"wp-block-image\"><img data-recalc-dims=\"1\" decoding=\"async\" src=\"https:\/\/i0.wp.com\/s2-g1.glbimg.com\/noVXNOA-u89uBkoPSls-5sNpqTQ%3D\/0x0%3A1920x1080\/984x0\/smart\/filters%3Astrip_icc%28%29\/i.s3.glbimg.com\/v1\/AUTH_59edd422c0c84a879bd37670ae4f538a\/internal_photos\/bs\/2024\/e\/l\/e2pY8CScKnsx4otHmu7g\/snapshot-422.png?w=800&#038;ssl=1\" alt=\"\u2018Na minha cabe\u00e7a, era uma coisa que iria me viciar\u2019: mulher faz uso do cannabis para dores \u2014 Foto: Reprodu\u00e7\u00e3o\/TV Globo\"\/><\/figure>\n\n\n\n<p>\u2018Na minha cabe\u00e7a, era uma coisa que iria me viciar\u2019: mulher faz uso do cannabis para dores \u2014 Foto: Reprodu\u00e7\u00e3o\/TV Globo<\/p>\n\n\n\n<h2 class=\"wp-block-heading\">O que s\u00e3o THC e CDB?<\/h2>\n\n\n\n<p>O THC e o CDB s\u00e3o duas subst\u00e2ncias presentes na cannabis. O THC \u00e9 popularmente associado \u00e0 capacidade de criar as sensa\u00e7\u00f5es apontadas como de euforia e de prazer, al\u00e9m de outros efeitos buscados por quem faz o uso recreativo. Contudo,&nbsp;<a class=\"\" href=\"https:\/\/g1.globo.com\/saude\/noticia\/2021\/11\/04\/maconha-medicinal-anvisa-aprova-novas-importacoes-veja-o-essencial-sobre-o-tema-em-10-perguntas.ghtml\">o ativo tamb\u00e9m possui efeitos terap\u00eauticos e \u00e9 utilizado como antidepressivo, estimulante de apetite e anticonvulsivo.<\/a><\/p>\n\n\n\n<p>O CDB \u00e9 respons\u00e1vel pelo efeito relaxante. Na ind\u00fastria farmac\u00eautica, ele funciona como analg\u00e9sico, sedativo e anticonvulsivo no tratamento de doen\u00e7as como esclerose m\u00faltipla, epilepsia, Parkinson, esquizofrenia e dores cr\u00f4nicas.<\/p>\n\n\n\n<h2 class=\"wp-block-heading\">O STJ vai julgar descriminaliza\u00e7\u00e3o ou legaliza\u00e7\u00e3o da maconha?<\/h2>\n\n\n\n<p>N\u00e3o. O recurso deixa claro que a quest\u00e3o n\u00e3o envolve os aspectos criminais. Ou seja,&nbsp;<strong>n\u00e3o est\u00e1 em quest\u00e3o descriminaliza\u00e7\u00e3o de drogas, legaliza\u00e7\u00e3o ou qualquer tipo de libera\u00e7\u00e3o da maconha<\/strong>. Uma decis\u00e3o sobre o tema n\u00e3o ter\u00e1 efeitos sobre a libera\u00e7\u00e3o da subst\u00e2ncia para uso que n\u00e3o seja terap\u00eautico.<\/p>\n\n\n\n<p>A ideia \u00e9 liberar o plantio e cultivo de uma das variantes da cannabis com o objetivo de obter o CDB, que j\u00e1 \u00e9 usado com fins farmac\u00eauticos.<\/p>\n\n\n\n<p>A Anvisa j\u00e1 autoriza a importa\u00e7\u00e3o de produtos com princ\u00edpios ativos extra\u00eddos da planta mas&nbsp;<a class=\"\" href=\"https:\/\/g1.globo.com\/saude\/bem-estar\/noticia\/2023\/07\/19\/anvisa-proibe-importacao-de-cannabis-in-natura-mesmo-se-for-para-uso-medicinal.ghtml\">n\u00e3o permite a importa\u00e7\u00e3o da planta in natura, nem para fins medicinais.<\/a><\/p>\n\n\n\n<p>O STJ j\u00e1 tem decis\u00f5es que concedem salvo-conduto para cultivo dom\u00e9stico da cannabis, para atender a pessoas espec\u00edficas, que precisam da subst\u00e2ncia por quest\u00f5es de sa\u00fade.<\/p>\n\n\n\n<h2 class=\"wp-block-heading\">Como o processo chegou ao STJ?<\/h2>\n\n\n\n<p>A disputa jur\u00eddica come\u00e7ou com uma a\u00e7\u00e3o da empresa de biotecnologia na Justi\u00e7a Federal no Paran\u00e1. Na primeira inst\u00e2ncia, o pedido foi negado. O Tribunal Regional Federal da 4a Regi\u00e3o manteve a decis\u00e3o.<\/p>\n\n\n\n<blockquote class=\"wp-block-quote is-layout-flow wp-block-quote-is-layout-flow\">\n<p>As duas inst\u00e2ncias entenderam que a empresa quer uma &#8220;ampla autoriza\u00e7\u00e3o de explora\u00e7\u00e3o industrial da cannabis sativa&#8221;, o que demandaria uma decis\u00e3o pol\u00edtica, ou seja, uma defini\u00e7\u00e3o por parte dos Poderes Legislativo e Executivo.<\/p>\n<\/blockquote>\n\n\n\n<p>No entendimento da Justi\u00e7a Federal, a atua\u00e7\u00e3o do Poder Judici\u00e1rio no caso fere o princ\u00edpio da separa\u00e7\u00e3o de Poderes.<\/p>\n\n\n\n<h2 class=\"wp-block-heading\">Quem vai julgar o caso no tribunal?<\/h2>\n\n\n\n<p>O processo est\u00e1 sob an\u00e1lise da Primeira Se\u00e7\u00e3o, um colegiado com 10 ministros que \u00e9 especializado em casos de direito p\u00fablico \u2013 processos que envolvem o Poder P\u00fablico.<\/p>\n\n\n\n<p>O caso que ser\u00e1 discutido envolve a participa\u00e7\u00e3o entes p\u00fablicos &#8211; da Uni\u00e3o, do Minist\u00e9rio da Agricultura e da Anvisa.<\/p>\n\n\n\n<p>A relatora \u00e9 a ministra Regina Helena Costa.<\/p>\n\n\n\n<figure class=\"wp-block-image\"><img data-recalc-dims=\"1\" decoding=\"async\" src=\"https:\/\/i0.wp.com\/s2-g1.glbimg.com\/uBa56a0gmdNDYKamJ5UxeE6eSs8%3D\/0x0%3A2048x1476\/984x0\/smart\/filters%3Astrip_icc%28%29\/i.s3.glbimg.com\/v1\/AUTH_59edd422c0c84a879bd37670ae4f538a\/internal_photos\/bs\/2024\/S\/c\/VXicpQR92Fu53Ij4YpgA\/ministra.jpg?w=800&#038;ssl=1\" alt=\"A ministra Regina Helena Costa, do STJ \u2014 Foto: STJ\"\/><\/figure>\n\n\n\n<p>A ministra Regina Helena Costa, do STJ \u2014 Foto: STJ<\/p>\n\n\n\n<h2 class=\"wp-block-heading\">Cabe recurso da decis\u00e3o?<\/h2>\n\n\n\n<p>Sim, s\u00e3o poss\u00edveis, por exemplo, os chamados embargos de declara\u00e7\u00e3o, usados para esclarecer pontos do julgamento. \u00c9 poss\u00edvel tamb\u00e9m recorrer ao Supremo Tribunal Federal (STF), caso se entenda que a quest\u00e3o envolve direitos constitucionais.<\/p>\n\n\n\n<h2 class=\"wp-block-heading\">Qual ser\u00e1 o efeito da decis\u00e3o?<\/h2>\n\n\n\n<p>A decis\u00e3o ser\u00e1 tomada no \u00e2mbito do chamado incidente de assun\u00e7\u00e3o de compet\u00eancia. Neste mecanismo, as conclus\u00f5es dos ministros ser\u00e3o aplicadas em processos semelhantes em inst\u00e2ncias inferiores. Casos que se enquadram nesta situa\u00e7\u00e3o est\u00e3o suspensos por decis\u00e3o da Primeira Se\u00e7\u00e3o.<\/p>\n","protected":false},"excerpt":{"rendered":"<p>O\u00a0Superior Tribunal de Justi\u00e7a\u00a0(STJ) vai come\u00e7ar a julgar, nesta quarta-feira (13), se\u00a0\u00e9 poss\u00edvel autorizar a importa\u00e7\u00e3o de sementes e o cultivo da cannabis sativa para fins medicinais, farmac\u00eauticos ou industriais. O caso ser\u00e1 analisado pela Primeira Se\u00e7\u00e3o, colegiado que re\u00fane 10 ministros do tribunal e \u00e9 especializado em temas de direito p\u00fablico.\u00a0A decis\u00e3o dever\u00e1 ser [&hellip;]<\/p>\n","protected":false},"author":2,"featured_media":19160,"comment_status":"open","ping_status":"open","sticky":false,"template":"","format":"standard","meta":{"_jetpack_memberships_contains_paid_content":false,"footnotes":""},"categories":[39],"tags":[],"class_list":["post-19159","post","type-post","status-publish","format-standard","has-post-thumbnail","hentry","category-politica"],"aioseo_notices":[],"jetpack_featured_media_url":"https:\/\/i0.wp.com\/minutobahia24h.com.br\/wp-content\/uploads\/2024\/11\/Sem-titulo-120.jpg?fit=641%2C358&ssl=1","jetpack_sharing_enabled":true,"_links":{"self":[{"href":"https:\/\/minutobahia24h.com.br\/index.php?rest_route=\/wp\/v2\/posts\/19159","targetHints":{"allow":["GET"]}}],"collection":[{"href":"https:\/\/minutobahia24h.com.br\/index.php?rest_route=\/wp\/v2\/posts"}],"about":[{"href":"https:\/\/minutobahia24h.com.br\/index.php?rest_route=\/wp\/v2\/types\/post"}],"author":[{"embeddable":true,"href":"https:\/\/minutobahia24h.com.br\/index.php?rest_route=\/wp\/v2\/users\/2"}],"replies":[{"embeddable":true,"href":"https:\/\/minutobahia24h.com.br\/index.php?rest_route=%2Fwp%2Fv2%2Fcomments&post=19159"}],"version-history":[{"count":1,"href":"https:\/\/minutobahia24h.com.br\/index.php?rest_route=\/wp\/v2\/posts\/19159\/revisions"}],"predecessor-version":[{"id":19161,"href":"https:\/\/minutobahia24h.com.br\/index.php?rest_route=\/wp\/v2\/posts\/19159\/revisions\/19161"}],"wp:featuredmedia":[{"embeddable":true,"href":"https:\/\/minutobahia24h.com.br\/index.php?rest_route=\/wp\/v2\/media\/19160"}],"wp:attachment":[{"href":"https:\/\/minutobahia24h.com.br\/index.php?rest_route=%2Fwp%2Fv2%2Fmedia&parent=19159"}],"wp:term":[{"taxonomy":"category","embeddable":true,"href":"https:\/\/minutobahia24h.com.br\/index.php?rest_route=%2Fwp%2Fv2%2Fcategories&post=19159"},{"taxonomy":"post_tag","embeddable":true,"href":"https:\/\/minutobahia24h.com.br\/index.php?rest_route=%2Fwp%2Fv2%2Ftags&post=19159"}],"curies":[{"name":"wp","href":"https:\/\/api.w.org\/{rel}","templated":true}]}}