{"id":189,"date":"2023-09-11T10:23:02","date_gmt":"2023-09-11T13:23:02","guid":{"rendered":"https:\/\/minutobahia24h.com.br\/?p=189"},"modified":"2023-09-11T10:23:02","modified_gmt":"2023-09-11T13:23:02","slug":"iphone-15-sera-lancado-amanha-veja-o-que-esperar-do-novo-aparelho","status":"publish","type":"post","link":"https:\/\/minutobahia24h.com.br\/?p=189","title":{"rendered":"iPhone 15 ser\u00e1 lan\u00e7ado amanh\u00e3; veja o que esperar do novo aparelho"},"content":{"rendered":"\n<figure class=\"wp-block-image size-full\"><img data-recalc-dims=\"1\" fetchpriority=\"high\" decoding=\"async\" width=\"800\" height=\"426\" src=\"https:\/\/i0.wp.com\/minutobahia24h.com.br\/wp-content\/uploads\/2023\/09\/Iphone.jpg?resize=800%2C426&#038;ssl=1\" alt=\"\" class=\"wp-image-191\" srcset=\"https:\/\/i0.wp.com\/minutobahia24h.com.br\/wp-content\/uploads\/2023\/09\/Iphone.jpg?w=893&amp;ssl=1 893w, https:\/\/i0.wp.com\/minutobahia24h.com.br\/wp-content\/uploads\/2023\/09\/Iphone.jpg?resize=300%2C160&amp;ssl=1 300w, https:\/\/i0.wp.com\/minutobahia24h.com.br\/wp-content\/uploads\/2023\/09\/Iphone.jpg?resize=768%2C409&amp;ssl=1 768w, https:\/\/i0.wp.com\/minutobahia24h.com.br\/wp-content\/uploads\/2023\/09\/Iphone.jpg?resize=750%2C399&amp;ssl=1 750w\" sizes=\"(max-width: 800px) 100vw, 800px\" \/><figcaption class=\"wp-element-caption\">Foto: Apple\/Divulga\u00e7\u00e3o<\/figcaption><\/figure>\n\n\n\n<p>A\u00a0<a class=\"\" href=\"https:\/\/oglobo.globo.com\/tudo-sobre\/empresa\/apple\">Apple<\/a>\u00a0lan\u00e7a amanh\u00e3 o\u00a0<a class=\"\" href=\"http:\/\/oglobo.globo.com\/tudo-sobre\/assunto\/iphone\/\">iPhone<\/a>\u00a015 em um evento que ser\u00e1 transmitido pela internet diretamente de sua sede em Cupertino, na Calif\u00f3rnia, nos Estados Unidos. A expectativa \u00e9 que\u00a0<a class=\"\" href=\"https:\/\/oglobo.globo.com\/economia\/tecnologia\/noticia\/2023\/09\/08\/veja-os-detalhes-do-novo-iphone-15-que-a-apple-vai-apresentar-na-proxima-terca-feira.ghtml\">sejam lan\u00e7ados quatro modelos<\/a>: as vers\u00f5es mais b\u00e1sicas ( iPhone 15 Plus e iPhone 15) e duas mais premium (iPhone 15 Pro e iPhone 15 Pro Max). Al\u00e9m disso, a companhia deve anunciar novas vers\u00f5es de seus rel\u00f3gios (<a class=\"\" href=\"https:\/\/oglobo.globo.com\/economia\/tecnologia\/noticia\/2023\/09\/08\/tudo-o-que-a-apple-planeja-mostrar-em-12-de-setembro-iphone-15-relogios-airpods.ghtml\">Apple Watch Series 9 e Ultra<\/a>) e fone de ouvido (AirPods Pro).<\/p>\n\n\n\n<p>O evento come\u00e7a \u00e1s 14h pelo hor\u00e1rio de Bras\u00edlia e pode ser visto no site da empresa na internet e pelo Apple TV. Nos \u00faltimos dias,&nbsp;<a class=\"\" href=\"https:\/\/oglobo.globo.com\/economia\/tecnologia\/noticia\/2023\/09\/08\/preco-de-iphone-cai-no-brasil-as-vesperas-de-lancamento-da-versao-15-veja-valores.ghtml\">o varejo no Brasil j\u00e1 iniciou descontos de at\u00e9 40%<\/a>&nbsp;nos modelos anteriores dos iPhones numa esp\u00e9cie de \u201cesquenta\u201d para chegada da nova gera\u00e7\u00e3o.<\/p>\n\n\n\n<p>O novo iPhone 15 deve come\u00e7ar\u00a0<a class=\"\" href=\"https:\/\/oglobo.globo.com\/economia\/tecnologia\/noticia\/2023\/09\/10\/iphone-15-vendas-no-brasil-devem-comecar-em-outubro.ghtml\">a ser vendido no Brasil em outubro<\/a>, de acordo com operadoras de telefonia m\u00f3vel. Nos EUA, como ocorreu nos anos anteriores, as vendas e a disponibilidade geralmente acontecem uma semana depois. Segundo o banco de investimento Wedbush Securities, os novos modelos devem chegar \u00e0s lojas dos EUA no dia 22 de setembro.<\/p>\n\n\n\n<h2 class=\"wp-block-heading\">Veja o que esperar dos novos produtos:<\/h2>\n\n\n\n<h2 class=\"wp-block-heading\">Iphone<\/h2>\n\n\n\n<ul class=\"wp-block-list\">\n<li><strong>Modelos:&nbsp;<\/strong>Ser\u00e3o quatro modelos: iPhone Plus, iPhone 15, iPhone 15 Pro e iPhone 15 Pro Max<\/li>\n\n\n\n<li><strong>Pre\u00e7os:&nbsp;<\/strong>Os valores devem ser os mesmos da linha 14. A exce\u00e7\u00e3o s\u00e3o as linhas mais premium (Pro e Pro Max) que devem ter alta de US$ 100, segundo o banco de investimento Wedbush Securities.<\/li>\n\n\n\n<li><strong>Carregador:&nbsp;<\/strong>Atendendo \u00e0 exig\u00eancia da Uni\u00e3o Europeia, a Apple vai mudar o sistema de carregamento de todos os novos modelos com o uso do chamado USB-C, utilizado hoje nos modelos da Samsung e Xiami. Vai substituir o atual cabo Lightning. Os modelos mais premium ter\u00e3o sistema de carregamento mais r\u00e1pido. Especula-se que os cabos sejam da mesma cor dos iPhones.<\/li>\n\n\n\n<li><strong>Dynamic Island:&nbsp;<\/strong>Todos os modelos ter\u00e3o a chamada Dynamic Island. A Dynamic Island \u00e9 um recorte m\u00ednimo na parte superior da tela, em formato de p\u00edlula. Lan\u00e7ada no ano passado nas vers\u00f5es Pro e Pro Max, \u00e9 integrada ao sistema operacional iOS e substitui os tradicionais recortes na tela usados para acomodar o Face ID, o alto-falante, a c\u00e2mera frontal e outros sensores. Permite ao usu\u00e1rio receber notifica\u00e7\u00f5es sem sair do aplicativo que est\u00e1 usando.<\/li>\n\n\n\n<li><strong>Mem\u00f3ria:&nbsp;<\/strong>A vers\u00e3o Pro Max pode ter capacidade de armazenamento interno de at\u00e9 2 TB (terabyte). Ser\u00e1 o dobro da vers\u00e3o atual. Mas, segundo rumores no fim de semana, o novo tamanho teria ficado para 2024. Al\u00e9m disso, os tamanhos v\u00e3o seguir o padr\u00e3o do ano passado: 128 GB, 256 GB, 512 GB e 1 TB.<\/li>\n\n\n\n<li><strong>Tela infinita:&nbsp;<\/strong>Os modelos Pro e Pro Max ter\u00e3o mais espa\u00e7o de tela. O tamanho da borda ao redor do display ser\u00e1 reduzido de 2,2 mil\u00edmetros para 1,5 mil\u00edmetro. Os tamanhos devem oscilar de 6,1 polegadas a 6,7 polegadas.<\/li>\n\n\n\n<li><strong>C\u00e2mera:&nbsp;<\/strong>A vers\u00e3o Pro Max ter\u00e1 zoom \u00f3ptico de 5X a 6X. \u00c9 maior que o zoom de 3X da gera\u00e7\u00e3o atual. Isso significa que a c\u00e2mera pode focar de maneira mais pr\u00f3xima em objetos distantes usando a pr\u00f3pria lente f\u00edsica, em vez de software, resultando em fotos de maior qualidade. A c\u00e2mera frontal (selfie) ter\u00e1 resolu\u00e7\u00e3o de 12MP. Na parte traseira pode chegar a 48MP.<\/li>\n\n\n\n<li><strong>Tit\u00e2nio:&nbsp;<\/strong>Os modelos Pro receber\u00e3o um novo design, substituindo as bordas de a\u00e7o inoxid\u00e1vel brilhantes e propensas a ficarem marcadas por impress\u00f5es digitais por um material mais resistente e leve, o tit\u00e2nio.<\/li>\n\n\n\n<li><strong>Bot\u00e3o lateral:&nbsp;<\/strong>O bot\u00e3o que hoje serve apenas para silenciar o iPhone vai ganhar novas fun\u00e7\u00f5es. O usu\u00e1rio poder\u00e1 personalizar a fun\u00e7\u00e3o.<\/li>\n\n\n\n<li><strong>Cores:&nbsp;<\/strong>os novos modelos ter\u00e3o cores mais suaves em geral. Al\u00e9m de preto, branco, prata e azul, esperam-se op\u00e7\u00f5es verde, laranja e rosa. Os cabos tamb\u00e9m podem ser coloridos, como j\u00e1 ocorre com os Macs.<\/li>\n\n\n\n<li><strong>Processador:<\/strong>&nbsp;As vers\u00f5es Plus e regular (iPhone 15) ter\u00e3o processador A16. O iPhone 15 Pro e Pro Max ter\u00e3o processador A17.<\/li>\n\n\n\n<li><strong>Sistema operacional:&nbsp;<\/strong>a nova linha ter\u00e1 a nova vers\u00e3o do sistema operacional, o iOs 17, anunciada em junho deste ano.<\/li>\n<\/ul>\n\n\n\n<figure class=\"wp-block-image size-full\"><img data-recalc-dims=\"1\" decoding=\"async\" width=\"649\" height=\"428\" src=\"https:\/\/i0.wp.com\/minutobahia24h.com.br\/wp-content\/uploads\/2023\/09\/relogio.jpg?resize=649%2C428&#038;ssl=1\" alt=\"\" class=\"wp-image-192\" srcset=\"https:\/\/i0.wp.com\/minutobahia24h.com.br\/wp-content\/uploads\/2023\/09\/relogio.jpg?w=649&amp;ssl=1 649w, https:\/\/i0.wp.com\/minutobahia24h.com.br\/wp-content\/uploads\/2023\/09\/relogio.jpg?resize=300%2C198&amp;ssl=1 300w\" sizes=\"(max-width: 649px) 100vw, 649px\" \/><figcaption class=\"wp-element-caption\">Apple Watch feito em a\u00e7o inox \u2014 Foto: Bloomberg<br><br>Apple Watch<br><br><br><strong>Linhas:<\/strong>\u00a0Ser\u00e3o atualizadas duas linhas. O Apple Watch Series 9 estar\u00e1 dispon\u00edvel nos atuais tamanhos de 41 e 45 mil\u00edmetros, segundo rumores. A Apple Watch Ultra, vers\u00e3o mais premium, ganhar\u00e1 a segunda gera\u00e7\u00e3o, com o tamanho de 49 mil\u00edmetros.<br><strong>Cores:<\/strong>\u00a0Est\u00e1 sendo planejando novos materiais e cores, incluindo o uso de mais metais reciclados e uma op\u00e7\u00e3o Ultra preta. Os modelos da S\u00e9rie 9 ter\u00e3o a\u00e7o inoxid\u00e1vel.<br><strong>Velocidade:<\/strong>\u00a0O grande foco do Apple Watch este ano ser\u00e1 o desempenho, com aumento da velocidade de processamento. Os rel\u00f3gios receber\u00e3o seu primeiro novo chip desde que a S\u00e9rie 6 deu um salto no processador em 2020. Assim como a linha iPhone 15, os novos rel\u00f3gios receber\u00e3o o chip de banda ultralarga U2 para recursos aprimorados de Find My.<br><strong>Sa\u00fade:\u00a0<\/strong>Os rel\u00f3gios tamb\u00e9m receber\u00e3o v\u00e1rias atualiza\u00e7\u00f5es de sensores e componentes internos com foco em velocidade, efici\u00eancia e precis\u00e3o, incluindo uma nova vers\u00e3o do sensor \u00f3ptico de frequ\u00eancia card\u00edaca da Apple.<br><strong>Pulseira:\u00a0<\/strong>Est\u00e1 abandonando algumas de suas pulseiras de couro para rel\u00f3gios. Sinais dessa mudan\u00e7a j\u00e1 est\u00e3o surgindo. A empresa recentemente cortou os pre\u00e7os em at\u00e9 90% em algumas de suas pulseiras de couro e pulseiras de rel\u00f3gio da marca Hermes em uma loja interna para funcion\u00e1rios.<\/figcaption><\/figure>\n\n\n<div class=\"wp-block-image\">\n<figure class=\"aligncenter size-full\"><img data-recalc-dims=\"1\" decoding=\"async\" width=\"649\" height=\"428\" src=\"https:\/\/i0.wp.com\/minutobahia24h.com.br\/wp-content\/uploads\/2023\/09\/fone.jpg?resize=649%2C428&#038;ssl=1\" alt=\"\" class=\"wp-image-193\" srcset=\"https:\/\/i0.wp.com\/minutobahia24h.com.br\/wp-content\/uploads\/2023\/09\/fone.jpg?w=649&amp;ssl=1 649w, https:\/\/i0.wp.com\/minutobahia24h.com.br\/wp-content\/uploads\/2023\/09\/fone.jpg?resize=300%2C198&amp;ssl=1 300w\" sizes=\"(max-width: 649px) 100vw, 649px\" \/><figcaption class=\"wp-element-caption\">AirPods em exibi\u00e7\u00e3o em uma loja da Apple \u2014 Foto: Hollie Adams\/Bloomberg<br><\/figcaption><\/figure>\n<\/div>\n\n\n<h2 class=\"wp-block-heading\">AirPods<\/h2>\n\n\n\n<ul class=\"wp-block-list\">\n<li><strong>Carregador:<\/strong>&nbsp;Como parte da mudan\u00e7a para o carregamento USB-C no iPhone, a Apple est\u00e1 trabalhando para migrar todos os seus acess\u00f3rios baseados em Lightning para o novo padr\u00e3o. Um dos primeiros produtos dessa lista \u00e9 o AirPods Pro, item mais vendido da Apple. A empresa tamb\u00e9m planeja trazer carregamento USB-C para seus AirPods e AirPods Max de baixo custo j\u00e1 no pr\u00f3ximo ano.<\/li>\n\n\n\n<li><strong>Som<\/strong>: Os fones de ouvido n\u00e3o receber\u00e3o novo recurso de hardware importante, mas uma atualiza\u00e7\u00e3o de software trar\u00e1 troca autom\u00e1tica de dispositivo aprimorada, a capacidade de ativar e desativar o som dos pr\u00f3prios AirPods e um novo recurso chamado Conversation Awareness que silencia automaticamente a m\u00eddia quando as pessoas come\u00e7am a falar para o usu\u00e1rio.<\/li>\n\n\n\n<li><strong>Sa\u00fade:&nbsp;<\/strong>A Apple tamb\u00e9m est\u00e1 trabalhando em novos recursos de sa\u00fade para AirPods, incluindo detec\u00e7\u00e3o de temperatura corporal e um novo sistema de teste auditivo, mas essas melhorias provavelmente ser\u00e3o lan\u00e7adas mais tarde.<\/li>\n<\/ul>\n\n\n\n<p>Fonte: oglobo<\/p>\n","protected":false},"excerpt":{"rendered":"<p>A\u00a0Apple\u00a0lan\u00e7a amanh\u00e3 o\u00a0iPhone\u00a015 em um evento que ser\u00e1 transmitido pela internet diretamente de sua sede em Cupertino, na Calif\u00f3rnia, nos Estados Unidos. A expectativa \u00e9 que\u00a0sejam lan\u00e7ados quatro modelos: as vers\u00f5es mais b\u00e1sicas ( iPhone 15 Plus e iPhone 15) e duas mais premium (iPhone 15 Pro e iPhone 15 Pro Max). Al\u00e9m disso, a [&hellip;]<\/p>\n","protected":false},"author":2,"featured_media":191,"comment_status":"open","ping_status":"open","sticky":false,"template":"","format":"standard","meta":{"_jetpack_memberships_contains_paid_content":false,"footnotes":""},"categories":[16],"tags":[],"class_list":["post-189","post","type-post","status-publish","format-standard","has-post-thumbnail","hentry","category-tecnologia"],"aioseo_notices":[],"jetpack_featured_media_url":"https:\/\/i0.wp.com\/minutobahia24h.com.br\/wp-content\/uploads\/2023\/09\/Iphone.jpg?fit=893%2C475&ssl=1","jetpack_sharing_enabled":true,"_links":{"self":[{"href":"https:\/\/minutobahia24h.com.br\/index.php?rest_route=\/wp\/v2\/posts\/189","targetHints":{"allow":["GET"]}}],"collection":[{"href":"https:\/\/minutobahia24h.com.br\/index.php?rest_route=\/wp\/v2\/posts"}],"about":[{"href":"https:\/\/minutobahia24h.com.br\/index.php?rest_route=\/wp\/v2\/types\/post"}],"author":[{"embeddable":true,"href":"https:\/\/minutobahia24h.com.br\/index.php?rest_route=\/wp\/v2\/users\/2"}],"replies":[{"embeddable":true,"href":"https:\/\/minutobahia24h.com.br\/index.php?rest_route=%2Fwp%2Fv2%2Fcomments&post=189"}],"version-history":[{"count":1,"href":"https:\/\/minutobahia24h.com.br\/index.php?rest_route=\/wp\/v2\/posts\/189\/revisions"}],"predecessor-version":[{"id":194,"href":"https:\/\/minutobahia24h.com.br\/index.php?rest_route=\/wp\/v2\/posts\/189\/revisions\/194"}],"wp:featuredmedia":[{"embeddable":true,"href":"https:\/\/minutobahia24h.com.br\/index.php?rest_route=\/wp\/v2\/media\/191"}],"wp:attachment":[{"href":"https:\/\/minutobahia24h.com.br\/index.php?rest_route=%2Fwp%2Fv2%2Fmedia&parent=189"}],"wp:term":[{"taxonomy":"category","embeddable":true,"href":"https:\/\/minutobahia24h.com.br\/index.php?rest_route=%2Fwp%2Fv2%2Fcategories&post=189"},{"taxonomy":"post_tag","embeddable":true,"href":"https:\/\/minutobahia24h.com.br\/index.php?rest_route=%2Fwp%2Fv2%2Ftags&post=189"}],"curies":[{"name":"wp","href":"https:\/\/api.w.org\/{rel}","templated":true}]}}