{"id":18244,"date":"2024-10-21T07:45:46","date_gmt":"2024-10-21T10:45:46","guid":{"rendered":"https:\/\/minutobahia24h.com.br\/?p=18244"},"modified":"2024-10-21T07:45:48","modified_gmt":"2024-10-21T10:45:48","slug":"como-algoritmos-mudaram-a-maneira-que-interagimos","status":"publish","type":"post","link":"https:\/\/minutobahia24h.com.br\/?p=18244","title":{"rendered":"Como algoritmos mudaram a maneira que interagimos"},"content":{"rendered":"<div class=\"wp-block-image\">\n<figure class=\"aligncenter size-full\"><img data-recalc-dims=\"1\" fetchpriority=\"high\" decoding=\"async\" width=\"800\" height=\"534\" src=\"https:\/\/i0.wp.com\/minutobahia24h.com.br\/wp-content\/uploads\/2024\/10\/Sem-titulo-223.jpg?resize=800%2C534&#038;ssl=1\" alt=\"\" class=\"wp-image-18245\" srcset=\"https:\/\/i0.wp.com\/minutobahia24h.com.br\/wp-content\/uploads\/2024\/10\/Sem-titulo-223.jpg?w=983&amp;ssl=1 983w, https:\/\/i0.wp.com\/minutobahia24h.com.br\/wp-content\/uploads\/2024\/10\/Sem-titulo-223.jpg?resize=300%2C200&amp;ssl=1 300w, https:\/\/i0.wp.com\/minutobahia24h.com.br\/wp-content\/uploads\/2024\/10\/Sem-titulo-223.jpg?resize=768%2C513&amp;ssl=1 768w, https:\/\/i0.wp.com\/minutobahia24h.com.br\/wp-content\/uploads\/2024\/10\/Sem-titulo-223.jpg?resize=750%2C501&amp;ssl=1 750w\" sizes=\"(max-width: 800px) 100vw, 800px\" \/><figcaption class=\"wp-element-caption\">A nossa era tem sido rotulada de \u201csociedade algor\u00edtmica\u201d \u2014 Foto: Getty Images via BBC<\/figcaption><\/figure>\n<\/div>\n\n\n<p>Os algoritmos de rede social, em sua forma comumente conhecida, j\u00e1 completaram 15 anos. Eles nasceram com o surgimento de feeds de not\u00edcias personalizados e classificados no\u00a0<a class=\"\" href=\"https:\/\/g1.globo.com\/tudo-sobre\/facebook\/\">Facebook<\/a>\u00a0em 2009 e transformaram a forma que interagimos na internet. Como acontece com muitos adolescentes, eles representam um desafio para os adultos que esperam conter seus excessos.<\/p>\n\n\n\n<p>N\u00e3o \u00e9 por falta de tentativa.\u00a0S\u00f3 este ano, governos de todo o mundo tentaram limitar os impactos dos conte\u00fados nocivos e da desinforma\u00e7\u00e3o nas redes sociais, efeitos que s\u00e3o amplificados por algoritmos. No Brasil, o\u00a0<a class=\"\" href=\"https:\/\/g1.globo.com\/tudo-sobre\/x-rede-social\/\">X<\/a>, anteriormente conhecido como\u00a0<a class=\"\" href=\"https:\/\/g1.globo.com\/tudo-sobre\/twitter\/\">Twitter<\/a>, foi banido por decis\u00e3o do ministro do Supremo Tribunal Federal,\u00a0<a class=\"\" href=\"https:\/\/g1.globo.com\/tudo-sobre\/alexandre-de-moraes\/\">Alexandre de Moraes<\/a>,\u00a0<a class=\"\" href=\"https:\/\/g1.globo.com\/tecnologia\/noticia\/2024\/10\/08\/x-volta-ao-ar-brasil.ghtml\">at\u00e9 que o site concordou em nomear um representante legal no pa\u00eds e bloquear uma lista de contas que as autoridades acusaram de questionar a legitimidade das \u00faltimas elei\u00e7\u00f5es.<\/a><\/p>\n\n\n\n<p>Enquanto isso, a&nbsp;<a class=\"\" href=\"https:\/\/g1.globo.com\/tudo-sobre\/uniao-europeia\/\">Uni\u00e3o Europeia<\/a>&nbsp;introduziu novas regras que amea\u00e7am multar as empresas de tecnologia em 6% do volume de neg\u00f3cios e suspend\u00ea-las se n\u00e3o conseguirem evitar que suas plataformas sejam utilizadas para interfer\u00eancia em processos eleitorais.<\/p>\n\n\n\n<p>No Reino Unido uma nova lei de seguran\u00e7a online obriga os sites de redes sociais a refor\u00e7ar a modera\u00e7\u00e3o de conte\u00fado.<\/p>\n\n\n\n<p>E nos EUA uma proposta de lei pode proibir o&nbsp;<a class=\"\" href=\"https:\/\/g1.globo.com\/tudo-sobre\/tiktok\/\">TikTok<\/a>&nbsp;se o aplicativo n\u00e3o for vendido por sua controladora chinesa.<\/p>\n\n\n\n<p>Governos enfrentam acusa\u00e7\u00f5es de que est\u00e3o restringindo a liberdade de express\u00e3o e interferindo nos princ\u00edpios da internet, tal como estabelecidos nos seus prim\u00f3rdios.<\/p>\n\n\n\n<p>Num ensaio de 1996, republicado por 500 websites, o mais pr\u00f3ximo que se podia chegar de se tornar viral naquela \u00e9poca, o poeta americano e criador de gado John Perry Barlow disse: \u201cGovernos do mundo industrial, gigantes cansados \u200b\u200bde carne e a\u00e7o, eu venho do ciberespa\u00e7o, o novo lar da mente. Em nome do futuro, pe\u00e7o ao passado que nos deixe em paz. Voc\u00ea n\u00e3o \u00e9 bem-vindo entre n\u00f3s. Voc\u00ea n\u00e3o tem soberania onde nos reunimos.\u201d<\/p>\n\n\n\n<p>Adam Candeub, professor de Direito e ex-conselheiro do presidente Trump, que se descreve como um absolutista da liberdade de express\u00e3o, disse \u00e0 BBC que as redes sociais est\u00e3o \u201cpolarizando, s\u00e3o turbulentas, s\u00e3o rudes\u201d, uma \u201cmaneira terr\u00edvel de ter discurso p\u00fablico\u201d.<\/p>\n\n\n\n<blockquote class=\"wp-block-quote is-layout-flow wp-block-quote-is-layout-flow\">\n<p>\u201cMas a alternativa, que penso que muitos governos est\u00e3o defendendo, \u00e9 torn\u00e1-la um instrumento de controle social e pol\u00edtico, e acho isso horr\u00edvel.\u201d<\/p>\n<\/blockquote>\n\n\n\n<p>O professor Candeub acredita que, a menos que haja \u201cum perigo claro e presente\u201d representado pelo conte\u00fado, \u201ca melhor abordagem \u00e9 um mercado de ideias e abertura para diferentes pontos de vista\u201d.<\/p>\n\n\n\n<h2 class=\"wp-block-heading\">Os limites da &#8216;pra\u00e7a digital&#8217;<\/h2>\n\n\n\n<p>Esta ideia de um \u201cmercado de ideias\u201d alimenta a vis\u00e3o de que as redes sociais oferecem condi\u00e7\u00f5es de concorr\u00eancia equitativas, permitindo que todas as vozes sejam ouvidas igualmente.<\/p>\n\n\n\n<p>Quando assumiu o&nbsp;<a class=\"\" href=\"https:\/\/g1.globo.com\/tudo-sobre\/twitter\/\">Twitter<\/a>&nbsp;(agora rebatizado como&nbsp;<a class=\"\" href=\"https:\/\/g1.globo.com\/tudo-sobre\/x-rede-social\/\">X<\/a>) em 2022,&nbsp;<a class=\"\" href=\"https:\/\/g1.globo.com\/tudo-sobre\/elon-musk\/\">Elon Musk<\/a>&nbsp;disse que, externamente,&nbsp;via a plataforma como uma \u201cpra\u00e7a digital\u201d.<\/p>\n\n\n\n<p>Mas ser\u00e1 que isso deixa de levar em conta o papel dos algoritmos?<\/p>\n\n\n\n<p>De acordo com Asha Rangappa, advogada e professora de assuntos globais da&nbsp;<a class=\"\" href=\"https:\/\/g1.globo.com\/tudo-sobre\/universidade-de-yale\/\">Universidade de Yale<\/a>&nbsp;(EUA), Musk \u201cignora algumas diferen\u00e7as importantes entre a pra\u00e7a tradicional e a online: remover todas as restri\u00e7\u00f5es de conte\u00fado sem levar em conta essas diferen\u00e7as prejudicaria o debate democr\u00e1tico, em vez de ajud\u00e1-lo. \u201d<\/p>\n\n\n\n<p>Rangappa diz que o conceito de \u201cmercado de ideias\u201d \u00e9 baseado na \u201cpremissa de que as ideias devem competir entre si sem interfer\u00eancia do governo\u201d. No entanto, afirma ela,&nbsp;\u201co problema \u00e9 que plataformas de redes sociais como o&nbsp;<a class=\"\" href=\"https:\/\/g1.globo.com\/tudo-sobre\/twitter\/\">Twitter<\/a>&nbsp;n\u00e3o se parecem em nada com uma verdadeira pra\u00e7a p\u00fablica\u201d.<\/p>\n\n\n\n<p>Em vez disso, argumenta Rangappa, \u201cas caracter\u00edsticas das plataformas de redes sociais n\u00e3o permitem, para come\u00e7ar, uma competi\u00e7\u00e3o livre e justa de ideias&#8230;&nbsp;o &#8216;valor&#8217; de uma ideia nas redes sociais n\u00e3o \u00e9 um reflexo de qu\u00e3o boa ela \u00e9, mas \u00e9 antes o produto do algoritmo da plataforma.\u201d<\/p>\n\n\n\n<h2 class=\"wp-block-heading\">A evolu\u00e7\u00e3o dos algoritmos<\/h2>\n\n\n\n<figure class=\"wp-block-image\"><img data-recalc-dims=\"1\" decoding=\"async\" src=\"https:\/\/i0.wp.com\/s2-g1.glbimg.com\/wgVnMjmqzyjqtLy5MvxQ3WKmUP4%3D\/0x0%3A800x600\/984x0\/smart\/filters%3Astrip_icc%28%29\/i.s3.glbimg.com\/v1\/AUTH_59edd422c0c84a879bd37670ae4f538a\/internal_photos\/bs\/2024\/N\/C\/Vb44xyQZCAQqTcKU6OeQ\/algoritmo-2.webp?w=800&#038;ssl=1\" alt=\"'O valor de uma ideia nas redes sociais n\u00e3o \u00e9 reflexo de qu\u00e3o boa ela \u00e9, mas \u00e9 antes o produto do algoritmo da plataforma', diz Rangappa \u2014 Foto: Getty Images via BBC\"\/><\/figure>\n\n\n\n<p>&#8216;O valor de uma ideia nas redes sociais n\u00e3o \u00e9 reflexo de qu\u00e3o boa ela \u00e9, mas \u00e9 antes o produto do algoritmo da plataforma&#8217;, diz Rangappa \u2014 Foto: Getty Images via BBC<\/p>\n\n\n\n<p>Os algoritmos podem observar o nosso comportamento e determinar o que milh\u00f5es de n\u00f3s vemos quando estamos logados. E, para alguns, foram&nbsp;os algoritmos que afetaram a livre troca de ideias poss\u00edvel na internet quando ela foi criada.<\/p>\n\n\n\n<blockquote class=\"wp-block-quote is-layout-flow wp-block-quote-is-layout-flow\">\n<p>\u201cNos seus primeiros dias, as redes sociais funcionavam como uma esp\u00e9cie de esfera p\u00fablica digital, com o discurso fluindo livremente\u201d, disseram \u00e0 BBC Kai Riemer e Sandra Peter, professores da University of Sydney Business School.<\/p>\n<\/blockquote>\n\n\n\n<p>No entanto, \u201cos algoritmos nas plataformas de redes sociais remodelaram fundamentalmente a natureza da liberdade de express\u00e3o, n\u00e3o necessariamente restringindo o que pode ser dito, mas determinando quem pode ver qual conte\u00fado\u201d, dizem os professores Riemer e Peter, cuja pesquisa analisa o porqu\u00ea precisamos repensar a liberdade de express\u00e3o nas redes sociais.<\/p>\n\n\n\n<blockquote class=\"wp-block-quote is-layout-flow wp-block-quote-is-layout-flow\">\n<p>\u201cEm vez de as ideias competirem livremente pelos seus m\u00e9ritos, os algoritmos amplificam ou suprimem o alcance das mensagens, introduzindo uma forma de interfer\u00eancia sem precedentes na livre troca de ideias que \u00e9 muitas vezes ignorada.\u201d<\/p>\n<\/blockquote>\n\n\n\n<p>O&nbsp;<a class=\"\" href=\"https:\/\/g1.globo.com\/tudo-sobre\/facebook\/\">Facebook<\/a>&nbsp;\u00e9 um dos pioneiros em algoritmos de recomenda\u00e7\u00e3o nas redes sociais e, com cerca de tr\u00eas bilh\u00f5es de usu\u00e1rios, seu feed \u00e9 indiscutivelmente um dos maiores.<\/p>\n\n\n\n<p>Quando a plataforma lan\u00e7ou um algoritmo de classifica\u00e7\u00e3o baseado nos dados dos usu\u00e1rios, h\u00e1 15 anos, em vez de ver as postagens em ordem cronol\u00f3gica, as pessoas passaram a ver o que o&nbsp;<a class=\"\" href=\"https:\/\/g1.globo.com\/tudo-sobre\/facebook\/\">Facebook<\/a>&nbsp;queria que elas vissem.<\/p>\n\n\n\n<p>Determinado pelas intera\u00e7\u00f5es em cada postagem, isso passou a priorizar postagens sobre temas pol\u00eamicos, pois eram aqueles que geravam maior engajamento.<\/p>\n\n\n\n<h2 class=\"wp-block-heading\">Moldando nosso discurso<\/h2>\n\n\n\n<figure class=\"wp-block-image\"><img data-recalc-dims=\"1\" decoding=\"async\" src=\"https:\/\/i0.wp.com\/s2-g1.glbimg.com\/7jHmdJgCwenbTqpHqTqbBOqGo2w%3D\/0x0%3A800x533\/984x0\/smart\/filters%3Astrip_icc%28%29\/i.s3.glbimg.com\/v1\/AUTH_59edd422c0c84a879bd37670ae4f538a\/internal_photos\/bs\/2024\/T\/v\/d274vcR9a3OQw4nJpyxA\/algoritmo-3.webp?w=800&#038;ssl=1\" alt=\"Ao determinar o p\u00fablico de cada conte\u00fado postado, as plataformas de rede social 'cortam a rela\u00e7\u00e3o direta entre os emissores do discurso e seus p\u00fablicos', dizem os professores Riemer e Peter \u2014 Foto: Getty Images via BBC\"\/><\/figure>\n\n\n\n<p>Ao determinar o p\u00fablico de cada conte\u00fado postado, as plataformas de rede social &#8216;cortam a rela\u00e7\u00e3o direta entre os emissores do discurso e seus p\u00fablicos&#8217;, dizem os professores Riemer e Peter \u2014 Foto: Getty Images via BBC<\/p>\n\n\n\n<p>Como as publica\u00e7\u00f5es controversas t\u00eam maior probabilidade de serem recompensadas por algoritmos, existe a possibilidade de que as periferias da opini\u00e3o pol\u00edtica n\u00e3o sejam contempladas nas redes sociais.<\/p>\n\n\n\n<p>Em vez de f\u00f3runs p\u00fablicos gratuitos e abertos, os cr\u00edticos argumentam que as redes sociais oferecem um espelho distorcido e sensacionalista do sentimento p\u00fablico, que exagera a disc\u00f3rdia e abafa as opini\u00f5es da maioria.<\/p>\n\n\n\n<p>\u201cOs mecanismos de recomenda\u00e7\u00e3o n\u00e3o bloqueiam conte\u00fado. Em vez disso, s\u00e3o as diretrizes da comunidade que restringem a liberdade de express\u00e3o, de acordo com a prefer\u00eancia da plataforma\u201d, disse Theo Bertram, ex-vice-presidente de pol\u00edticas p\u00fablicas do&nbsp;<a class=\"\" href=\"https:\/\/g1.globo.com\/tudo-sobre\/tiktok\/\">TikTok<\/a>, \u00e0 BBC.<\/p>\n\n\n\n<blockquote class=\"wp-block-quote is-layout-flow wp-block-quote-is-layout-flow\">\n<p>\u201cOs mecanismos de recomenda\u00e7\u00e3o fazem grande diferen\u00e7a no que vemos? Sim, absolutamente. Mas ter sucesso ou fracassar no mercado de aten\u00e7\u00e3o n\u00e3o \u00e9 a mesma coisa que ter liberdade de falar.\u201d<\/p>\n<\/blockquote>\n\n\n\n<p>No entanto, a \u201cliberdade de express\u00e3o\u201d tem a ver apenas com o direito de falar, ou tamb\u00e9m com o direito de ser ouvido?<\/p>\n\n\n\n<p>Arvind Narayanan, professor de Ci\u00eancia da Computa\u00e7\u00e3o na&nbsp;<a class=\"\" href=\"https:\/\/g1.globo.com\/tudo-sobre\/universidade-de-princeton\/\">Universidade de Princeton<\/a>&nbsp;(EUA), disse: \u201cQuando falamos na internet, quando compartilhamos um pensamento, escrevemos um ensaio, postamos uma foto ou v\u00eddeo, quem nos ouvir\u00e1? A resposta \u00e9 determinada em grande parte por algoritmos.\u201d<\/p>\n\n\n\n<p>Ao determinar o p\u00fablico de cada conte\u00fado postado, as plataformas \u201ccortam a rela\u00e7\u00e3o direta entre os emissores do discurso e seus p\u00fablicos\u201d, argumentam os professores Riemer e Peter.&nbsp;\u201cA fala n\u00e3o \u00e9 mais organizada por orador e p\u00fablico, mas por algoritmos.\u201d<\/p>\n\n\n\n<p>Isso \u00e9 algo que afirmam n\u00e3o ser reconhecido nos debates atuais sobre a liberdade de express\u00e3o, que se concentram no \u201clado falante do discurso\u201d. E, argumentam, \u201cinterfere na liberdade de express\u00e3o de formas sem precedentes\u201d.<\/p>\n\n\n\n<h2 class=\"wp-block-heading\">A sociedade algor\u00edtmica<\/h2>\n\n\n\n<p>A nossa era tem sido rotulada de \u201csociedade algor\u00edtmica\u201d, uma \u00e9poca em que, pode-se argumentar,&nbsp;as plataformas de redes sociais e os motores de busca governam o discurso da mesma forma que estados-na\u00e7\u00e3o fizeram no passado.<\/p>\n\n\n\n<p>Isso significa que garantias diretas de liberdade de express\u00e3o na Constitui\u00e7\u00e3o dos EUA s\u00f3 chegam at\u00e9 certo ponto, de acordo com Jack Balkin, da&nbsp;<a class=\"\" href=\"https:\/\/g1.globo.com\/tudo-sobre\/universidade-de-yale\/\">Universidade de Yale<\/a>&nbsp;(EUA): \u201ca Primeira Emenda [sobre liberdade de express\u00e3o], como normalmente \u00e9 interpretada, \u00e9 simplesmente inadequada para proteger a capacidade pr\u00e1tica de falar\u201d.<\/p>\n\n\n\n<p>Os professores Riemer e Peter concordam que a legisla\u00e7\u00e3o precisa de atualiza\u00e7\u00e3o. \u201cAs plataformas desempenham um papel muito mais ativo na forma\u00e7\u00e3o do discurso do que a lei reconhece atualmente.\u201d<\/p>\n\n\n\n<p>Eles afirmam tamb\u00e9m que \u00e9 necess\u00e1rio mudar a forma como as publica\u00e7\u00f5es prejudiciais s\u00e3o monitoradas.<\/p>\n\n\n\n<blockquote class=\"wp-block-quote is-layout-flow wp-block-quote-is-layout-flow\">\n<p>\u201cPrecisamos expandir a forma como pensamos sobre a regulamenta\u00e7\u00e3o da liberdade de express\u00e3o. Os debates atuais focados na modera\u00e7\u00e3o de conte\u00fado ignoram a quest\u00e3o mais profunda de como os modelos de neg\u00f3cios das plataformas as incentivam a moldar o discurso de forma algor\u00edtmica.\u201d<\/p>\n<\/blockquote>\n\n\n\n<p>Embora o professor Candeub seja um \u201cabsolutista da liberdade de express\u00e3o\u201d, ele tamb\u00e9m desconfia do poder concentrado nas plataformas, que podem ser guardi\u00e3s da express\u00e3o atrav\u00e9s de c\u00f3digo de computador.&nbsp;\u201cAcho que far\u00edamos bem em tornar esses algoritmos p\u00fablicos, porque, caso contr\u00e1rio, estaremos apenas sendo manipulados.\u201d<\/p>\n\n\n\n<p>No entanto, os algoritmos n\u00e3o v\u00e3o desaparecer. Como diz Bertram: \u201cA diferen\u00e7a entre a pra\u00e7a da cidade e as redes sociais \u00e9 que existem v\u00e1rios bilh\u00f5es de pessoas nas redes sociais. Existe o direito \u00e0 liberdade de express\u00e3o online, mas n\u00e3o o direito de todos serem ouvidos igualmente: levaria mais do que uma vida inteira para assistir a todos os v\u00eddeos do&nbsp;<a class=\"\" href=\"https:\/\/g1.globo.com\/tudo-sobre\/tiktok\/\">TikTok<\/a>&nbsp;ou ler todos os tu\u00edtes.\u201d<\/p>\n\n\n\n<p>Qual \u00e9 a solu\u00e7\u00e3o, ent\u00e3o? Ser\u00e1 que pequenos ajustes nos algoritmos poderiam cultivar conversas mais inclusivas, que se assemelhassem mais \u00e0s que temos pessoalmente?<\/p>\n\n\n\n<p>Novas plataformas de microblog, como o Bluesky,&nbsp;est\u00e3o tentando oferecer aos usu\u00e1rios controle sobre o algoritmo que exibe o conte\u00fado e assim reviver as antigas timelines cronol\u00f3gicas, acreditando que oferecem uma experi\u00eancia menos mediada.<\/p>\n\n\n\n<blockquote class=\"wp-block-quote is-layout-flow wp-block-quote-is-layout-flow\">\n<p>Em depoimento ao Senado em 2021, a denunciante do&nbsp;<a class=\"\" href=\"https:\/\/g1.globo.com\/tudo-sobre\/facebook\/\">Facebook<\/a>&nbsp;Frances Haugen disse: \u201cSou uma forte defensora da classifica\u00e7\u00e3o cronol\u00f3gica, ordena\u00e7\u00e3o por tempo\u2026 n\u00e3o queremos que os computadores decidam no que vamos nos concentrar, dever\u00edamos ter software em escala humana, ou os humanos que conversam entre si, e n\u00e3o os computadores facilitando quem podemos ouvir.\u201d<\/p>\n<\/blockquote>\n\n\n\n<p>No entanto, como disse o professor Narayanan,&nbsp;\u201cos feeds cronol\u00f3gicos n\u00e3o s\u00e3o neutros: est\u00e3o tamb\u00e9m sujeitos aos efeitos do tipo \u2018rico fica cada vez mais rico\u2019, a preconceitos demogr\u00e1ficos e \u00e0 imprevisibilidade do que se torna viral. Infelizmente, n\u00e3o existe uma forma neutra de projetar m\u00eddias sociais.\u201d<\/p>\n\n\n\n<p>As plataformas oferecem algumas alternativas aos algoritmos, com a op\u00e7\u00e3o no&nbsp;<a class=\"\" href=\"https:\/\/g1.globo.com\/tudo-sobre\/x-rede-social\/\">X<\/a>&nbsp;de as pessoas escolherem um feed apenas daqueles que seguem. E, ao filtrar grandes quantidades de conte\u00fado, \u201cos motores de recomenda\u00e7\u00e3o proporcionam maior diversidade e descoberta do que apenas seguir pessoas que j\u00e1 conhecemos\u201d, argumenta Bertram.<\/p>\n\n\n\n<blockquote class=\"wp-block-quote is-layout-flow wp-block-quote-is-layout-flow\">\n<p>\u201cIsso parece o oposto de uma restri\u00e7\u00e3o \u00e0 liberdade de express\u00e3o, \u00e9 um mecanismo de descoberta.\u201d<\/p>\n<\/blockquote>\n\n\n\n<h2 class=\"wp-block-heading\">Terceira via<\/h2>\n\n\n\n<p>De acordo com o cientista pol\u00edtico norte-americano Francis Fukuyama, \u201cnem a autorregula\u00e7\u00e3o das plataformas, nem as formas de regula\u00e7\u00e3o estatal que surgirem no futuro\u201d podem resolver \u201ca quest\u00e3o da liberdade de express\u00e3o online\u201d.<\/p>\n\n\n\n<p>Em vez disso, ele prop\u00f4s uma<strong>&nbsp;terceira via.<\/strong><\/p>\n\n\n\n<p>Um&nbsp;<em>middleware<\/em>&nbsp;(um software intermedi\u00e1rio) poderia oferecer aos usu\u00e1rios de redes sociais mais controle sobre o que veem,&nbsp;com servi\u00e7os independentes fornecendo uma forma de curadoria separada daquela incorporada nas plataformas.<\/p>\n\n\n\n<p>Em vez de receber conte\u00fado de acordo com os algoritmos internos das plataformas, \u201cum ecossistema competitivo de fornecedores de<em>&nbsp;middleware<\/em>&nbsp;poderia filtrar o conte\u00fado da plataforma de acordo com as prefer\u00eancias individuais do usu\u00e1rio\u201d, escreve Fukuyama.<\/p>\n\n\n\n<blockquote class=\"wp-block-quote is-layout-flow wp-block-quote-is-layout-flow\">\n<p>\u201cO middleware restauraria essa liberdade de escolha aos usu\u00e1rios individuais, e retornaria a internet ao tipo de sistema diversificado e multiplataforma que aspirava ser na d\u00e9cada de 1990.\u201d<\/p>\n<\/blockquote>\n\n\n\n<p>Na aus\u00eancia disso, poderia haver maneiras de melhorar atualmente nossa sensa\u00e7\u00e3o de poder de interfer\u00eancia ao interagir com algoritmos.<\/p>\n\n\n\n<p>\u201cOs usu\u00e1rios regulares do&nbsp;<a class=\"\" href=\"https:\/\/g1.globo.com\/tudo-sobre\/tiktok\/\">TikTok<\/a>&nbsp;costumam ser muito deliberados sobre o algoritmo, dando-lhe sinais para encorajar ou desencorajar o mecanismo de recomenda\u00e7\u00e3o ao longo de caminhos de novas descobertas\u201d, diz Bertram.<\/p>\n\n\n\n<blockquote class=\"wp-block-quote is-layout-flow wp-block-quote-is-layout-flow\">\n<p>\u201cEles se consideram curadores do algoritmo. Acho que esta \u00e9 uma maneira \u00fatil de pensar sobre o desafio. N\u00e3o precisamos desligar os algoritmos, mas como podemos garantir que os usu\u00e1rios tenham agenciamento, controle e escolha para que os algoritmos funcionem para eles.\u201d<\/p>\n<\/blockquote>\n\n\n\n<p>Embora, \u00e9 claro, sempre exista o perigo de que, mesmo quando fazemos a curadoria de nossos pr\u00f3prios algoritmos, ainda possamos cair nas c\u00e2maras de eco que assolam as m\u00eddias sociais.<\/p>\n\n\n\n<p>E os algoritmos podem n\u00e3o fazer o que lhes pedimos. Por exemplo, uma investiga\u00e7\u00e3o da BBC descobriu que, quando um&nbsp;jovem tentou usar ferramentas no&nbsp;<a class=\"\" href=\"https:\/\/g1.globo.com\/tudo-sobre\/instagram\/\">Instagram<\/a>&nbsp;e no&nbsp;<a class=\"\" href=\"https:\/\/g1.globo.com\/tudo-sobre\/tiktok\/\">TikTok<\/a>&nbsp;para dizer que n\u00e3o estava interessado em conte\u00fado violento ou mis\u00f3gino, ele continuou a receber essas recomenda\u00e7\u00f5es.<\/p>\n\n\n\n<p>Apesar disso, h\u00e1 sinais de que, \u00e0 medida que os algoritmos das redes sociais avancem, seu futuro n\u00e3o poder\u00e1 estar nas m\u00e3os das grandes empresas de tecnologia, nem dos pol\u00edticos, mas sim nas m\u00e3os das pessoas.<\/p>\n\n\n\n<p>De acordo com uma pesquisa recente da empresa de pesquisa de mercado Gartner, apenas 28% dos americanos dizem que gostam de documentar sua vida publicamente na internet, uma redu\u00e7\u00e3o em rela\u00e7\u00e3o aos 40% registrados em 2020.<\/p>\n\n\n\n<p>Em vez disso, as pessoas est\u00e3o ficando mais confort\u00e1veis \u200b\u200bem bate-papos em grupos fechados com amigos de confian\u00e7a e parentes, espa\u00e7os com mais responsabiliza\u00e7\u00e3o e menos recompensas por conte\u00fados chocantes e provoca\u00e7\u00f5es.<\/p>\n\n\n\n<p>A Meta diz que o n\u00famero de fotos enviadas em mensagens diretas agora supera aquelas compartilhadas para que todos possam ver.<\/p>\n\n\n\n<p>Da mesma forma que Barlow, em seu ensaio de 1996, disse aos governos que n\u00e3o eram bem-vindos no ciberespa\u00e7o, alguns usu\u00e1rios das plataformas podem ter uma mensagem semelhante para transmitir aos algoritmos das redes sociais. Por enquanto, ainda existem vis\u00f5es conflitantes sobre o que fazer com o adolescente rebelde da internet.<\/p>\n","protected":false},"excerpt":{"rendered":"<p>Os algoritmos de rede social, em sua forma comumente conhecida, j\u00e1 completaram 15 anos. Eles nasceram com o surgimento de feeds de not\u00edcias personalizados e classificados no\u00a0Facebook\u00a0em 2009 e transformaram a forma que interagimos na internet. Como acontece com muitos adolescentes, eles representam um desafio para os adultos que esperam conter seus excessos. N\u00e3o \u00e9 [&hellip;]<\/p>\n","protected":false},"author":2,"featured_media":18245,"comment_status":"open","ping_status":"open","sticky":false,"template":"","format":"standard","meta":{"_jetpack_memberships_contains_paid_content":false,"footnotes":""},"categories":[16],"tags":[],"class_list":["post-18244","post","type-post","status-publish","format-standard","has-post-thumbnail","hentry","category-tecnologia"],"aioseo_notices":[],"jetpack_featured_media_url":"https:\/\/i0.wp.com\/minutobahia24h.com.br\/wp-content\/uploads\/2024\/10\/Sem-titulo-223.jpg?fit=983%2C656&ssl=1","jetpack_sharing_enabled":true,"_links":{"self":[{"href":"https:\/\/minutobahia24h.com.br\/index.php?rest_route=\/wp\/v2\/posts\/18244","targetHints":{"allow":["GET"]}}],"collection":[{"href":"https:\/\/minutobahia24h.com.br\/index.php?rest_route=\/wp\/v2\/posts"}],"about":[{"href":"https:\/\/minutobahia24h.com.br\/index.php?rest_route=\/wp\/v2\/types\/post"}],"author":[{"embeddable":true,"href":"https:\/\/minutobahia24h.com.br\/index.php?rest_route=\/wp\/v2\/users\/2"}],"replies":[{"embeddable":true,"href":"https:\/\/minutobahia24h.com.br\/index.php?rest_route=%2Fwp%2Fv2%2Fcomments&post=18244"}],"version-history":[{"count":1,"href":"https:\/\/minutobahia24h.com.br\/index.php?rest_route=\/wp\/v2\/posts\/18244\/revisions"}],"predecessor-version":[{"id":18246,"href":"https:\/\/minutobahia24h.com.br\/index.php?rest_route=\/wp\/v2\/posts\/18244\/revisions\/18246"}],"wp:featuredmedia":[{"embeddable":true,"href":"https:\/\/minutobahia24h.com.br\/index.php?rest_route=\/wp\/v2\/media\/18245"}],"wp:attachment":[{"href":"https:\/\/minutobahia24h.com.br\/index.php?rest_route=%2Fwp%2Fv2%2Fmedia&parent=18244"}],"wp:term":[{"taxonomy":"category","embeddable":true,"href":"https:\/\/minutobahia24h.com.br\/index.php?rest_route=%2Fwp%2Fv2%2Fcategories&post=18244"},{"taxonomy":"post_tag","embeddable":true,"href":"https:\/\/minutobahia24h.com.br\/index.php?rest_route=%2Fwp%2Fv2%2Ftags&post=18244"}],"curies":[{"name":"wp","href":"https:\/\/api.w.org\/{rel}","templated":true}]}}