{"id":18226,"date":"2024-10-21T07:22:54","date_gmt":"2024-10-21T10:22:54","guid":{"rendered":"https:\/\/minutobahia24h.com.br\/?p=18226"},"modified":"2024-10-21T07:22:56","modified_gmt":"2024-10-21T10:22:56","slug":"mais-dois-deputados-declaram-apoio-a-reeleicao-de-adolfo-menezes-a-presidencia-da-alba","status":"publish","type":"post","link":"https:\/\/minutobahia24h.com.br\/?p=18226","title":{"rendered":"Mais dois deputados declaram apoio \u00e0 reelei\u00e7\u00e3o de Adolfo Menezes \u00e0 presid\u00eancia da Alba"},"content":{"rendered":"<div class=\"wp-block-image\">\n<figure class=\"aligncenter size-full\"><img data-recalc-dims=\"1\" fetchpriority=\"high\" decoding=\"async\" width=\"600\" height=\"420\" src=\"https:\/\/i0.wp.com\/minutobahia24h.com.br\/wp-content\/uploads\/2024\/10\/Sem-titulo-217.jpg?resize=600%2C420&#038;ssl=1\" alt=\"\" class=\"wp-image-18227\" srcset=\"https:\/\/i0.wp.com\/minutobahia24h.com.br\/wp-content\/uploads\/2024\/10\/Sem-titulo-217.jpg?w=600&amp;ssl=1 600w, https:\/\/i0.wp.com\/minutobahia24h.com.br\/wp-content\/uploads\/2024\/10\/Sem-titulo-217.jpg?resize=300%2C210&amp;ssl=1 300w\" sizes=\"(max-width: 600px) 100vw, 600px\" \/><figcaption class=\"wp-element-caption\">Foto: Gabriela Ara\u00fajo\/bahia.ba<br><\/figcaption><\/figure>\n<\/div>\n\n\n<p>Mais dois parlamentares declararam, neste domingo (20), apoio \u00e0 reelei\u00e7\u00e3o do presidente da Assembleia Legislativa, Adolfo Menezes (PSD). O deputado Roberto Carlos (PV) e a deputada Fab\u00edola Mansur (PSB) manifestaram o desejo da continuidade na Casa.<\/p>\n\n\n\n<p>\u201cDefendemos sempre a import\u00e2ncia da altern\u00e2ncia de poder, por\u00e9m, em muitos casos, a estabilidade pol\u00edtica \u00e9 mais importante. E, como diz o ditado, em time que est\u00e1 ganhando a gente n\u00e3o mexe. Adolfo \u00e9 um cara de di\u00e1logo, de palavra, que nos d\u00e1 seguran\u00e7a como presidente. \u00c9 cumpridor do que assume, e tem sido importante no comando da Assembleia\u201d, disse Fab\u00edola.<\/p>\n\n\n\n<p>Para Roberto Carlos, Adolfo Menezes tem feito uma gest\u00e3o marcada pela transpar\u00eancia na Assembleia. \u201cAl\u00e9m disso, nunca aprovamos tantos projetos de lei como agora. Por isso, n\u00e3o tenho d\u00favidas de que a reelei\u00e7\u00e3o \u00e9 fundamental para que a Casa siga avan\u00e7ando com seguran\u00e7a e bom di\u00e1logo com o Executivo, e at\u00e9 mesmo com a oposi\u00e7\u00e3o. Adolfo est\u00e1 credenciado para ser reeleito \u00e0 unanimidade\u201d, afirmou o \u201cverde\u201d.<\/p>\n\n\n\n<p>Na semana passada, Adolfo Menezes recebeu os apoios dos deputados Cafu Barreto (PSD) e Marquinho Viana (PV). Al\u00e9m disso, um grupo de 11 parlamentares do PP, PL, PSD, Podemos, Solidariedade e Avante tamb\u00e9m confirmou, em um almo\u00e7o, aval \u00e0 recondu\u00e7\u00e3o do atual presidente. N\u00e3o houve, no entanto, manifesta\u00e7\u00e3o p\u00fablica.<\/p>\n\n\n\n<p>Bahia.ba<\/p>\n","protected":false},"excerpt":{"rendered":"<p>Mais dois parlamentares declararam, neste domingo (20), apoio \u00e0 reelei\u00e7\u00e3o do presidente da Assembleia Legislativa, Adolfo Menezes (PSD). O deputado Roberto Carlos (PV) e a deputada Fab\u00edola Mansur (PSB) manifestaram o desejo da continuidade na Casa. \u201cDefendemos sempre a import\u00e2ncia da altern\u00e2ncia de poder, por\u00e9m, em muitos casos, a estabilidade pol\u00edtica \u00e9 mais importante. E, [&hellip;]<\/p>\n","protected":false},"author":2,"featured_media":18227,"comment_status":"open","ping_status":"open","sticky":false,"template":"","format":"standard","meta":{"_jetpack_memberships_contains_paid_content":false,"footnotes":""},"categories":[39],"tags":[],"class_list":["post-18226","post","type-post","status-publish","format-standard","has-post-thumbnail","hentry","category-politica"],"aioseo_notices":[],"jetpack_featured_media_url":"https:\/\/i0.wp.com\/minutobahia24h.com.br\/wp-content\/uploads\/2024\/10\/Sem-titulo-217.jpg?fit=600%2C420&ssl=1","jetpack_sharing_enabled":true,"_links":{"self":[{"href":"https:\/\/minutobahia24h.com.br\/index.php?rest_route=\/wp\/v2\/posts\/18226","targetHints":{"allow":["GET"]}}],"collection":[{"href":"https:\/\/minutobahia24h.com.br\/index.php?rest_route=\/wp\/v2\/posts"}],"about":[{"href":"https:\/\/minutobahia24h.com.br\/index.php?rest_route=\/wp\/v2\/types\/post"}],"author":[{"embeddable":true,"href":"https:\/\/minutobahia24h.com.br\/index.php?rest_route=\/wp\/v2\/users\/2"}],"replies":[{"embeddable":true,"href":"https:\/\/minutobahia24h.com.br\/index.php?rest_route=%2Fwp%2Fv2%2Fcomments&post=18226"}],"version-history":[{"count":1,"href":"https:\/\/minutobahia24h.com.br\/index.php?rest_route=\/wp\/v2\/posts\/18226\/revisions"}],"predecessor-version":[{"id":18228,"href":"https:\/\/minutobahia24h.com.br\/index.php?rest_route=\/wp\/v2\/posts\/18226\/revisions\/18228"}],"wp:featuredmedia":[{"embeddable":true,"href":"https:\/\/minutobahia24h.com.br\/index.php?rest_route=\/wp\/v2\/media\/18227"}],"wp:attachment":[{"href":"https:\/\/minutobahia24h.com.br\/index.php?rest_route=%2Fwp%2Fv2%2Fmedia&parent=18226"}],"wp:term":[{"taxonomy":"category","embeddable":true,"href":"https:\/\/minutobahia24h.com.br\/index.php?rest_route=%2Fwp%2Fv2%2Fcategories&post=18226"},{"taxonomy":"post_tag","embeddable":true,"href":"https:\/\/minutobahia24h.com.br\/index.php?rest_route=%2Fwp%2Fv2%2Ftags&post=18226"}],"curies":[{"name":"wp","href":"https:\/\/api.w.org\/{rel}","templated":true}]}}