{"id":18127,"date":"2024-10-17T07:29:09","date_gmt":"2024-10-17T10:29:09","guid":{"rendered":"https:\/\/minutobahia24h.com.br\/?p=18127"},"modified":"2024-10-17T07:29:10","modified_gmt":"2024-10-17T10:29:10","slug":"governo-lula-decide-nao-retomar-horario-de-verao-no-pais-neste-ano","status":"publish","type":"post","link":"https:\/\/minutobahia24h.com.br\/?p=18127","title":{"rendered":"Governo Lula decide n\u00e3o retomar hor\u00e1rio de ver\u00e3o no pa\u00eds neste ano"},"content":{"rendered":"<div class=\"wp-block-image\">\n<figure class=\"aligncenter size-full\"><img data-recalc-dims=\"1\" fetchpriority=\"high\" decoding=\"async\" width=\"800\" height=\"400\" src=\"https:\/\/i0.wp.com\/minutobahia24h.com.br\/wp-content\/uploads\/2024\/10\/Sem-titulo-186.jpg?resize=800%2C400&#038;ssl=1\" alt=\"\" class=\"wp-image-18128\" srcset=\"https:\/\/i0.wp.com\/minutobahia24h.com.br\/wp-content\/uploads\/2024\/10\/Sem-titulo-186.jpg?w=900&amp;ssl=1 900w, https:\/\/i0.wp.com\/minutobahia24h.com.br\/wp-content\/uploads\/2024\/10\/Sem-titulo-186.jpg?resize=300%2C150&amp;ssl=1 300w, https:\/\/i0.wp.com\/minutobahia24h.com.br\/wp-content\/uploads\/2024\/10\/Sem-titulo-186.jpg?resize=768%2C384&amp;ssl=1 768w, https:\/\/i0.wp.com\/minutobahia24h.com.br\/wp-content\/uploads\/2024\/10\/Sem-titulo-186.jpg?resize=360%2C180&amp;ssl=1 360w, https:\/\/i0.wp.com\/minutobahia24h.com.br\/wp-content\/uploads\/2024\/10\/Sem-titulo-186.jpg?resize=750%2C375&amp;ssl=1 750w\" sizes=\"(max-width: 800px) 100vw, 800px\" \/><figcaption class=\"wp-element-caption\">Foto: Vin\u00edcius Schmidt\/Metr\u00f3poles<\/figcaption><\/figure>\n<\/div>\n\n\n<p>Nesta quarta-feira (16), o governo federal, atrav\u00e9s do Minist\u00e9rio de Minas e Energia (MME), comunicou que n\u00e3o retomar\u00e1 a implementa\u00e7\u00e3o do hor\u00e1rio de ver\u00e3o no pa\u00eds. O governo vai avaliar, nos pr\u00f3ximos meses, se \u00e9 o caso de retomar a medida a partir de 2025.<\/p>\n\n\n\n<p>&#8220;N\u00f3s hoje, na \u00faltima reuni\u00e3o com o ONS [Operador Nacional do Setor El\u00e9trico], chegamos \u00e0 conclus\u00e3o de que n\u00e3o h\u00e1 necessidade de decreta\u00e7\u00e3o do hor\u00e1rio de ver\u00e3o para este per\u00edodo, para este ver\u00e3o&#8221;, declarou o ministro das Minas e Energia, Alexandre Silveira.<\/p>\n\n\n\n<p>&#8220;N\u00f3s temos a seguran\u00e7a energ\u00e9tica assegurada, h\u00e1 o in\u00edcio de um processo de restabelecimento ainda muito modesto da nossa condi\u00e7\u00e3o h\u00eddrica. Temos condi\u00e7\u00f5es de chegar depois do ver\u00e3o em condi\u00e7\u00e3o de avaliar, sim, a volta dessa pol\u00edtica em 2025&#8221;, prosseguiu.<\/p>\n\n\n\n<p>portalespacoaberto<\/p>\n","protected":false},"excerpt":{"rendered":"<p>Nesta quarta-feira (16), o governo federal, atrav\u00e9s do Minist\u00e9rio de Minas e Energia (MME), comunicou que n\u00e3o retomar\u00e1 a implementa\u00e7\u00e3o do hor\u00e1rio de ver\u00e3o no pa\u00eds. O governo vai avaliar, nos pr\u00f3ximos meses, se \u00e9 o caso de retomar a medida a partir de 2025. &#8220;N\u00f3s hoje, na \u00faltima reuni\u00e3o com o ONS [Operador Nacional [&hellip;]<\/p>\n","protected":false},"author":2,"featured_media":18128,"comment_status":"open","ping_status":"open","sticky":false,"template":"","format":"standard","meta":{"_jetpack_memberships_contains_paid_content":false,"footnotes":""},"categories":[2],"tags":[],"class_list":["post-18127","post","type-post","status-publish","format-standard","has-post-thumbnail","hentry","category-nacional"],"aioseo_notices":[],"jetpack_featured_media_url":"https:\/\/i0.wp.com\/minutobahia24h.com.br\/wp-content\/uploads\/2024\/10\/Sem-titulo-186.jpg?fit=900%2C450&ssl=1","jetpack_sharing_enabled":true,"_links":{"self":[{"href":"https:\/\/minutobahia24h.com.br\/index.php?rest_route=\/wp\/v2\/posts\/18127","targetHints":{"allow":["GET"]}}],"collection":[{"href":"https:\/\/minutobahia24h.com.br\/index.php?rest_route=\/wp\/v2\/posts"}],"about":[{"href":"https:\/\/minutobahia24h.com.br\/index.php?rest_route=\/wp\/v2\/types\/post"}],"author":[{"embeddable":true,"href":"https:\/\/minutobahia24h.com.br\/index.php?rest_route=\/wp\/v2\/users\/2"}],"replies":[{"embeddable":true,"href":"https:\/\/minutobahia24h.com.br\/index.php?rest_route=%2Fwp%2Fv2%2Fcomments&post=18127"}],"version-history":[{"count":1,"href":"https:\/\/minutobahia24h.com.br\/index.php?rest_route=\/wp\/v2\/posts\/18127\/revisions"}],"predecessor-version":[{"id":18129,"href":"https:\/\/minutobahia24h.com.br\/index.php?rest_route=\/wp\/v2\/posts\/18127\/revisions\/18129"}],"wp:featuredmedia":[{"embeddable":true,"href":"https:\/\/minutobahia24h.com.br\/index.php?rest_route=\/wp\/v2\/media\/18128"}],"wp:attachment":[{"href":"https:\/\/minutobahia24h.com.br\/index.php?rest_route=%2Fwp%2Fv2%2Fmedia&parent=18127"}],"wp:term":[{"taxonomy":"category","embeddable":true,"href":"https:\/\/minutobahia24h.com.br\/index.php?rest_route=%2Fwp%2Fv2%2Fcategories&post=18127"},{"taxonomy":"post_tag","embeddable":true,"href":"https:\/\/minutobahia24h.com.br\/index.php?rest_route=%2Fwp%2Fv2%2Ftags&post=18127"}],"curies":[{"name":"wp","href":"https:\/\/api.w.org\/{rel}","templated":true}]}}