{"id":18115,"date":"2024-10-17T07:23:21","date_gmt":"2024-10-17T10:23:21","guid":{"rendered":"https:\/\/minutobahia24h.com.br\/?p=18115"},"modified":"2024-10-17T07:23:22","modified_gmt":"2024-10-17T10:23:22","slug":"stf-marca-para-novembro-julgamento-sobre-redes-sociais-no-brasil","status":"publish","type":"post","link":"https:\/\/minutobahia24h.com.br\/?p=18115","title":{"rendered":"STF marca para novembro julgamento sobre redes sociais no Brasil"},"content":{"rendered":"<div class=\"wp-block-image\">\n<figure class=\"aligncenter size-full\"><img data-recalc-dims=\"1\" fetchpriority=\"high\" decoding=\"async\" width=\"600\" height=\"420\" src=\"https:\/\/i0.wp.com\/minutobahia24h.com.br\/wp-content\/uploads\/2024\/10\/Sem-titulo-182.jpg?resize=600%2C420&#038;ssl=1\" alt=\"\" class=\"wp-image-18116\" srcset=\"https:\/\/i0.wp.com\/minutobahia24h.com.br\/wp-content\/uploads\/2024\/10\/Sem-titulo-182.jpg?w=600&amp;ssl=1 600w, https:\/\/i0.wp.com\/minutobahia24h.com.br\/wp-content\/uploads\/2024\/10\/Sem-titulo-182.jpg?resize=300%2C210&amp;ssl=1 300w\" sizes=\"(max-width: 600px) 100vw, 600px\" \/><figcaption class=\"wp-element-caption\">Foto: T\u00e2nia R\u00eago\/Ag\u00eancia Brasil<br><\/figcaption><\/figure>\n<\/div>\n\n\n<p>O Supremo Tribunal Federal (STF) marcou para o dia 27 de novembro o julgamento de tr\u00eas a\u00e7\u00f5es que tratam da responsabilidade de provedores de internet na remo\u00e7\u00e3o de conte\u00fados com desinforma\u00e7\u00e3o e dissemina\u00e7\u00e3o de discurso de \u00f3dio de forma extrajudicial, sem determina\u00e7\u00e3o expressa pela Justi\u00e7a.<img data-recalc-dims=\"1\" decoding=\"async\" data-src=\"https:\/\/i0.wp.com\/agenciabrasil.ebc.com.br\/ebc.png?w=800&#038;ssl=1\" src=\"data:image\/gif;base64,R0lGODlhAQABAAAAACH5BAEKAAEALAAAAAABAAEAAAICTAEAOw==\" class=\"lazyload\"><noscript><img data-recalc-dims=\"1\" decoding=\"async\" src=\"https:\/\/i0.wp.com\/agenciabrasil.ebc.com.br\/ebc.png?w=800&#038;ssl=1\"><\/noscript><img data-recalc-dims=\"1\" decoding=\"async\" data-src=\"https:\/\/i0.wp.com\/agenciabrasil.ebc.com.br\/ebc.gif?w=800&#038;ssl=1\" src=\"data:image\/gif;base64,R0lGODlhAQABAAAAACH5BAEKAAEALAAAAAABAAEAAAICTAEAOw==\" class=\"lazyload\"><noscript><img data-recalc-dims=\"1\" decoding=\"async\" src=\"https:\/\/i0.wp.com\/agenciabrasil.ebc.com.br\/ebc.gif?w=800&#038;ssl=1\"><\/noscript><\/p>\n\n\n\n<p>A data foi confirmada nesta quarta-feira (16) pelo presidente da Corte, ministro Lu\u00eds Roberto Barroso, respons\u00e1vel pela pauta de julgamentos do plen\u00e1rio.<\/p>\n\n\n\n<p>Na ocasi\u00e3o, o Supremo vai julgar a\u00e7\u00f5es relatadas pelos ministros Luiz Fux, Edson Fachin e Dias Toffoli. Os processos foram liberados para an\u00e1lise em agosto deste ano.<\/p>\n\n\n\n<p>No caso&nbsp;da&nbsp;a\u00e7\u00e3o relatada por Dias Toffoli, o tribunal vai julgar a constitucionalidade&nbsp;da&nbsp;regra do&nbsp;Marco&nbsp;Civil&nbsp;da&nbsp;Internet&nbsp;(Lei 12.965\/2014) que exige ordem judicial pr\u00e9via&nbsp;para&nbsp;responsabiliza\u00e7\u00e3o dos provedores por atos il\u00edcitos.<\/p>\n\n\n\n<p>No processo relatado pelo ministro Fux, o&nbsp;STF&nbsp;vai discutir se uma empresa que hospeda site na&nbsp;internet&nbsp;deve fiscalizar conte\u00fados ofensivos e retir\u00e1-los ao ar sem interven\u00e7\u00e3o judicial.<\/p>\n\n\n\n<p>A a\u00e7\u00e3o relatada por Fachin discute a legalidade do bloqueio do aplicativo de mensagens WhatsApp por decis\u00f5es judiciais.<\/p>\n\n\n\n<p>No ano passado, o Supremo realizou uma audi\u00eancia p\u00fablica&nbsp;para&nbsp;discutir as regras do&nbsp;Marco&nbsp;Civil&nbsp;da&nbsp;Internet.<\/p>\n\n\n\n<p>O objetivo foi ouvir especialistas e representantes do setor p\u00fablico e da sociedade civil para obter informa\u00e7\u00f5es t\u00e9cnicas, econ\u00f4micas e jur\u00eddicas antes de julgar a quest\u00e3o.<\/p>\n\n\n\n<p>Bahia.ba<\/p>\n","protected":false},"excerpt":{"rendered":"<p>O Supremo Tribunal Federal (STF) marcou para o dia 27 de novembro o julgamento de tr\u00eas a\u00e7\u00f5es que tratam da responsabilidade de provedores de internet na remo\u00e7\u00e3o de conte\u00fados com desinforma\u00e7\u00e3o e dissemina\u00e7\u00e3o de discurso de \u00f3dio de forma extrajudicial, sem determina\u00e7\u00e3o expressa pela Justi\u00e7a. A data foi confirmada nesta quarta-feira (16) pelo presidente da [&hellip;]<\/p>\n","protected":false},"author":2,"featured_media":18116,"comment_status":"open","ping_status":"open","sticky":false,"template":"","format":"standard","meta":{"_jetpack_memberships_contains_paid_content":false,"footnotes":""},"categories":[23],"tags":[],"class_list":["post-18115","post","type-post","status-publish","format-standard","has-post-thumbnail","hentry","category-justica"],"aioseo_notices":[],"jetpack_featured_media_url":"https:\/\/i0.wp.com\/minutobahia24h.com.br\/wp-content\/uploads\/2024\/10\/Sem-titulo-182.jpg?fit=600%2C420&ssl=1","jetpack_sharing_enabled":true,"_links":{"self":[{"href":"https:\/\/minutobahia24h.com.br\/index.php?rest_route=\/wp\/v2\/posts\/18115","targetHints":{"allow":["GET"]}}],"collection":[{"href":"https:\/\/minutobahia24h.com.br\/index.php?rest_route=\/wp\/v2\/posts"}],"about":[{"href":"https:\/\/minutobahia24h.com.br\/index.php?rest_route=\/wp\/v2\/types\/post"}],"author":[{"embeddable":true,"href":"https:\/\/minutobahia24h.com.br\/index.php?rest_route=\/wp\/v2\/users\/2"}],"replies":[{"embeddable":true,"href":"https:\/\/minutobahia24h.com.br\/index.php?rest_route=%2Fwp%2Fv2%2Fcomments&post=18115"}],"version-history":[{"count":1,"href":"https:\/\/minutobahia24h.com.br\/index.php?rest_route=\/wp\/v2\/posts\/18115\/revisions"}],"predecessor-version":[{"id":18117,"href":"https:\/\/minutobahia24h.com.br\/index.php?rest_route=\/wp\/v2\/posts\/18115\/revisions\/18117"}],"wp:featuredmedia":[{"embeddable":true,"href":"https:\/\/minutobahia24h.com.br\/index.php?rest_route=\/wp\/v2\/media\/18116"}],"wp:attachment":[{"href":"https:\/\/minutobahia24h.com.br\/index.php?rest_route=%2Fwp%2Fv2%2Fmedia&parent=18115"}],"wp:term":[{"taxonomy":"category","embeddable":true,"href":"https:\/\/minutobahia24h.com.br\/index.php?rest_route=%2Fwp%2Fv2%2Fcategories&post=18115"},{"taxonomy":"post_tag","embeddable":true,"href":"https:\/\/minutobahia24h.com.br\/index.php?rest_route=%2Fwp%2Fv2%2Ftags&post=18115"}],"curies":[{"name":"wp","href":"https:\/\/api.w.org\/{rel}","templated":true}]}}