{"id":18112,"date":"2024-10-17T07:21:34","date_gmt":"2024-10-17T10:21:34","guid":{"rendered":"https:\/\/minutobahia24h.com.br\/?p=18112"},"modified":"2024-10-17T07:21:35","modified_gmt":"2024-10-17T10:21:35","slug":"capitao-alden-visita-policial-influenciador-preso-e-sobe-tom-contra-comandante-da-pm","status":"publish","type":"post","link":"https:\/\/minutobahia24h.com.br\/?p=18112","title":{"rendered":"Capit\u00e3o Alden visita policial influenciador preso e sobe tom contra comandante da PM"},"content":{"rendered":"<div class=\"wp-block-image\">\n<figure class=\"aligncenter size-full\"><img data-recalc-dims=\"1\" fetchpriority=\"high\" decoding=\"async\" width=\"600\" height=\"420\" src=\"https:\/\/i0.wp.com\/minutobahia24h.com.br\/wp-content\/uploads\/2024\/10\/Sem-titulo-181.jpg?resize=600%2C420&#038;ssl=1\" alt=\"\" class=\"wp-image-18113\" srcset=\"https:\/\/i0.wp.com\/minutobahia24h.com.br\/wp-content\/uploads\/2024\/10\/Sem-titulo-181.jpg?w=600&amp;ssl=1 600w, https:\/\/i0.wp.com\/minutobahia24h.com.br\/wp-content\/uploads\/2024\/10\/Sem-titulo-181.jpg?resize=300%2C210&amp;ssl=1 300w\" sizes=\"(max-width: 600px) 100vw, 600px\" \/><figcaption class=\"wp-element-caption\">Foto: deputado federal Capit\u00e3o Alden (PL)\/assessoria<br><\/figcaption><\/figure>\n<\/div>\n\n\n<p>O deputado federal Capit\u00e3o Alden (PL) visitou, nesta ter\u00e7a-feira (16), o soldado e influenciador digital Corr\u00eaa, detido no Batalh\u00e3o de Choque em Lauro de Freitas, na Regi\u00e3o Metropolitana de Salvador.<\/p>\n\n\n\n<p>Ap\u00f3s o encontro, o parlamentar publicou um v\u00eddeo nas redes sociais criticando o comandante-geral da Pol\u00edcia Militar da Bahia (PM-BA), coronel Paulo Coutinho, em raz\u00e3o da decreta\u00e7\u00e3o de 30 dias de pris\u00e3o preventiva do soldado, decorrente de declara\u00e7\u00f5es feitas durante uma entrevista a um podcast.<\/p>\n\n\n\n<p>\u201cComo se n\u00e3o bastasse a viol\u00eancia que acomete a popula\u00e7\u00e3o da Bahia, com policiais morrendo, sendo espancados ou pedindo demiss\u00e3o, al\u00e9m do aumento de casos de suic\u00eddio e afastamentos devido ao estresse, ainda temos que lidar com persegui\u00e7\u00f5es contra aqueles que ousam criticar o Estado\u201d, disse Alden.<\/p>\n\n\n\n<p>\u201cO soldado Correia se encontra preso por determina\u00e7\u00e3o do comandante-geral, apesar de os integrantes da comiss\u00e3o que apura o PAD terem se manifestado pela n\u00e3o culpabilidade. Coronel Coutinho, por decis\u00e3o pr\u00f3pria, aplicou uma san\u00e7\u00e3o disciplinar de 30 dias de deten\u00e7\u00e3o. Correia, que estava afastado pela junta m\u00e9dica, n\u00e3o deveria estar cumprindo pena administrativa\u201d, completou Alden.<\/p>\n\n\n\n<p>Bahia.ba<\/p>\n","protected":false},"excerpt":{"rendered":"<p>O deputado federal Capit\u00e3o Alden (PL) visitou, nesta ter\u00e7a-feira (16), o soldado e influenciador digital Corr\u00eaa, detido no Batalh\u00e3o de Choque em Lauro de Freitas, na Regi\u00e3o Metropolitana de Salvador. Ap\u00f3s o encontro, o parlamentar publicou um v\u00eddeo nas redes sociais criticando o comandante-geral da Pol\u00edcia Militar da Bahia (PM-BA), coronel Paulo Coutinho, em raz\u00e3o [&hellip;]<\/p>\n","protected":false},"author":2,"featured_media":18113,"comment_status":"open","ping_status":"open","sticky":false,"template":"","format":"standard","meta":{"_jetpack_memberships_contains_paid_content":false,"footnotes":""},"categories":[39],"tags":[],"class_list":["post-18112","post","type-post","status-publish","format-standard","has-post-thumbnail","hentry","category-politica"],"aioseo_notices":[],"jetpack_featured_media_url":"https:\/\/i0.wp.com\/minutobahia24h.com.br\/wp-content\/uploads\/2024\/10\/Sem-titulo-181.jpg?fit=600%2C420&ssl=1","jetpack_sharing_enabled":true,"_links":{"self":[{"href":"https:\/\/minutobahia24h.com.br\/index.php?rest_route=\/wp\/v2\/posts\/18112","targetHints":{"allow":["GET"]}}],"collection":[{"href":"https:\/\/minutobahia24h.com.br\/index.php?rest_route=\/wp\/v2\/posts"}],"about":[{"href":"https:\/\/minutobahia24h.com.br\/index.php?rest_route=\/wp\/v2\/types\/post"}],"author":[{"embeddable":true,"href":"https:\/\/minutobahia24h.com.br\/index.php?rest_route=\/wp\/v2\/users\/2"}],"replies":[{"embeddable":true,"href":"https:\/\/minutobahia24h.com.br\/index.php?rest_route=%2Fwp%2Fv2%2Fcomments&post=18112"}],"version-history":[{"count":1,"href":"https:\/\/minutobahia24h.com.br\/index.php?rest_route=\/wp\/v2\/posts\/18112\/revisions"}],"predecessor-version":[{"id":18114,"href":"https:\/\/minutobahia24h.com.br\/index.php?rest_route=\/wp\/v2\/posts\/18112\/revisions\/18114"}],"wp:featuredmedia":[{"embeddable":true,"href":"https:\/\/minutobahia24h.com.br\/index.php?rest_route=\/wp\/v2\/media\/18113"}],"wp:attachment":[{"href":"https:\/\/minutobahia24h.com.br\/index.php?rest_route=%2Fwp%2Fv2%2Fmedia&parent=18112"}],"wp:term":[{"taxonomy":"category","embeddable":true,"href":"https:\/\/minutobahia24h.com.br\/index.php?rest_route=%2Fwp%2Fv2%2Fcategories&post=18112"},{"taxonomy":"post_tag","embeddable":true,"href":"https:\/\/minutobahia24h.com.br\/index.php?rest_route=%2Fwp%2Fv2%2Ftags&post=18112"}],"curies":[{"name":"wp","href":"https:\/\/api.w.org\/{rel}","templated":true}]}}