{"id":18102,"date":"2024-10-17T07:02:50","date_gmt":"2024-10-17T10:02:50","guid":{"rendered":"https:\/\/minutobahia24h.com.br\/?p=18102"},"modified":"2024-10-17T07:02:52","modified_gmt":"2024-10-17T10:02:52","slug":"pos-eleicao-vereadores-de-jacobina-aprovam-aumento-dos-seus-proprios-salarios-e-do-poder-executivo-municipal","status":"publish","type":"post","link":"https:\/\/minutobahia24h.com.br\/?p=18102","title":{"rendered":"P\u00f3s-elei\u00e7\u00e3o: Vereadores de Jacobina aprovam aumento dos seus pr\u00f3prios sal\u00e1rios e do poder executivo municipal"},"content":{"rendered":"<div class=\"wp-block-image\">\n<figure class=\"aligncenter size-full\"><img data-recalc-dims=\"1\" fetchpriority=\"high\" decoding=\"async\" width=\"800\" height=\"480\" src=\"https:\/\/i0.wp.com\/minutobahia24h.com.br\/wp-content\/uploads\/2024\/10\/Sem-titulo-178.jpg?resize=800%2C480&#038;ssl=1\" alt=\"\" class=\"wp-image-18103\" srcset=\"https:\/\/i0.wp.com\/minutobahia24h.com.br\/wp-content\/uploads\/2024\/10\/Sem-titulo-178.jpg?w=1000&amp;ssl=1 1000w, https:\/\/i0.wp.com\/minutobahia24h.com.br\/wp-content\/uploads\/2024\/10\/Sem-titulo-178.jpg?resize=300%2C180&amp;ssl=1 300w, https:\/\/i0.wp.com\/minutobahia24h.com.br\/wp-content\/uploads\/2024\/10\/Sem-titulo-178.jpg?resize=768%2C461&amp;ssl=1 768w, https:\/\/i0.wp.com\/minutobahia24h.com.br\/wp-content\/uploads\/2024\/10\/Sem-titulo-178.jpg?resize=750%2C450&amp;ssl=1 750w\" sizes=\"(max-width: 800px) 100vw, 800px\" \/><\/figure>\n<\/div>\n\n\n<p>Em sess\u00e3o realizada pela C\u00e2mara de Vereadores de Jacobina na manh\u00e3 desta quarta-feira, 16, a maioria dos vereadores aprovaram o Projeto de Lei 2458\/24 que disp\u00f5e sobre um aumento dos seus pr\u00f3prios sal\u00e1rios, da prefeita e vice-prefeita e secret\u00e1rios municipais que passar\u00e1 a vigorar a partir de 2025. O atual sal\u00e1rio de 8 mil reais passar\u00e1 para 13 mil e 500 reais.<\/p>\n\n\n\n<p><strong>Votaram favor\u00e1veis ao aumento os seguintes vereadores:<\/strong><\/p>\n\n\n\n<p>Adriana Alves (PV)<\/p>\n\n\n\n<p>Almir da Guarda (PT)<\/p>\n\n\n\n<p>Cec\u00edlio J\u00fanior (PCdoB)<\/p>\n\n\n\n<p>Cl\u00e9ber Ramos (PV)<\/p>\n\n\n\n<p>Jane M\u00e1rcia (Solidariedade)<\/p>\n\n\n\n<p>Juliano Cruz (Solidariedade)<\/p>\n\n\n\n<p>Magr\u00e3o (Solidariedade)<\/p>\n\n\n\n<p>Nem de Rose (PCdoB)<\/p>\n\n\n\n<p>Noelson Oliveira (Solidariedade)<\/p>\n\n\n\n<p>Simone Souza (PMB)<\/p>\n\n\n\n<p>Thiago da Caatinga (PV)<\/p>\n\n\n\n<p>Z\u00e9 do Povo (DC)<\/p>\n\n\n\n<p><strong>Votaram contra o aumento os vereadores:<\/strong><\/p>\n\n\n\n<p>Carlos de Deus (PSB)<\/p>\n\n\n\n<p>Dibas Jatob\u00e1 (PMB)<\/p>\n\n\n\n<p>Martins dos Santos (PT)<\/p>\n\n\n\n<p>Esteve ausente o vereador Rone do Junco (PCdoB). O presidente Clodoaldo Moreira (PCdoB) manifestou-se favor\u00e1vel ao projeto.<\/p>\n\n\n\n<p>O projeto foi aprovado em tempo recorde com dispensa de interst\u00edcio: parecer favor\u00e1vel da Comiss\u00e3o de Or\u00e7amento e Contas e na mesma sess\u00e3o foi aprovado em dois turnos, sem discuss\u00e3o.<\/p>\n\n\n\n<p>Em uma tramita\u00e7\u00e3o normal dentro da C\u00e2mara de Vereadores o projeto de lei iria para Comiss\u00e3o, onde a mesma teria 10 dias para exarar o parecer, na sess\u00e3o vindoura votar-se-ia o parecer da comiss\u00e3o, depois realizaria a primeira e segunda discuss\u00e3o do projeto com a manifesta\u00e7\u00e3o dos vereadores. Ou seja, o que deveria ocorrer em quatro sess\u00f5es, reduziu-se para uma.<\/p>\n\n\n\n<p><strong>Vereadores seguiram mesma linha de deputados baianos ao aprovar aumento ap\u00f3s as elei\u00e7\u00f5es<\/strong><\/p>\n\n\n\n<p>Os vereadores jacobinenses seguiram o mesmo modo dos deputados estaduais baianos para aprovar o projeto de lei para aumento salarial do poder legislativo e executivo municipal. Os deputados esperaram o t\u00e9rmino da elei\u00e7\u00e3o, em 2022, e aprovaram um aumento salarial para eles e para o Governador Jer\u00f4nimo Rodrigues (PT). Na \u00e9poca o reajuste dos deputados foi de 16% passando o sal\u00e1rio de R$ 25,3 mil para R$ 29,4 mil. O reajuste do Governador do Estado foi ainda maior: 48,5% passando de R$ R$ 23,5 mil e indo para R$ 34,9 mil.<\/p>\n\n\n\n<p>abahiaacontece<\/p>\n","protected":false},"excerpt":{"rendered":"<p>Em sess\u00e3o realizada pela C\u00e2mara de Vereadores de Jacobina na manh\u00e3 desta quarta-feira, 16, a maioria dos vereadores aprovaram o Projeto de Lei 2458\/24 que disp\u00f5e sobre um aumento dos seus pr\u00f3prios sal\u00e1rios, da prefeita e vice-prefeita e secret\u00e1rios municipais que passar\u00e1 a vigorar a partir de 2025. O atual sal\u00e1rio de 8 mil reais [&hellip;]<\/p>\n","protected":false},"author":2,"featured_media":18103,"comment_status":"open","ping_status":"open","sticky":false,"template":"","format":"standard","meta":{"_jetpack_memberships_contains_paid_content":false,"footnotes":""},"categories":[39],"tags":[],"class_list":["post-18102","post","type-post","status-publish","format-standard","has-post-thumbnail","hentry","category-politica"],"aioseo_notices":[],"jetpack_featured_media_url":"https:\/\/i0.wp.com\/minutobahia24h.com.br\/wp-content\/uploads\/2024\/10\/Sem-titulo-178.jpg?fit=1000%2C600&ssl=1","jetpack_sharing_enabled":true,"_links":{"self":[{"href":"https:\/\/minutobahia24h.com.br\/index.php?rest_route=\/wp\/v2\/posts\/18102","targetHints":{"allow":["GET"]}}],"collection":[{"href":"https:\/\/minutobahia24h.com.br\/index.php?rest_route=\/wp\/v2\/posts"}],"about":[{"href":"https:\/\/minutobahia24h.com.br\/index.php?rest_route=\/wp\/v2\/types\/post"}],"author":[{"embeddable":true,"href":"https:\/\/minutobahia24h.com.br\/index.php?rest_route=\/wp\/v2\/users\/2"}],"replies":[{"embeddable":true,"href":"https:\/\/minutobahia24h.com.br\/index.php?rest_route=%2Fwp%2Fv2%2Fcomments&post=18102"}],"version-history":[{"count":1,"href":"https:\/\/minutobahia24h.com.br\/index.php?rest_route=\/wp\/v2\/posts\/18102\/revisions"}],"predecessor-version":[{"id":18104,"href":"https:\/\/minutobahia24h.com.br\/index.php?rest_route=\/wp\/v2\/posts\/18102\/revisions\/18104"}],"wp:featuredmedia":[{"embeddable":true,"href":"https:\/\/minutobahia24h.com.br\/index.php?rest_route=\/wp\/v2\/media\/18103"}],"wp:attachment":[{"href":"https:\/\/minutobahia24h.com.br\/index.php?rest_route=%2Fwp%2Fv2%2Fmedia&parent=18102"}],"wp:term":[{"taxonomy":"category","embeddable":true,"href":"https:\/\/minutobahia24h.com.br\/index.php?rest_route=%2Fwp%2Fv2%2Fcategories&post=18102"},{"taxonomy":"post_tag","embeddable":true,"href":"https:\/\/minutobahia24h.com.br\/index.php?rest_route=%2Fwp%2Fv2%2Ftags&post=18102"}],"curies":[{"name":"wp","href":"https:\/\/api.w.org\/{rel}","templated":true}]}}