{"id":18073,"date":"2024-10-16T07:22:48","date_gmt":"2024-10-16T10:22:48","guid":{"rendered":"https:\/\/minutobahia24h.com.br\/?p=18073"},"modified":"2024-10-16T07:22:49","modified_gmt":"2024-10-16T10:22:49","slug":"mec-abre-125-milhao-de-vagas-para-curso-de-educacao-inclusiva","status":"publish","type":"post","link":"https:\/\/minutobahia24h.com.br\/?p=18073","title":{"rendered":"Mec abre 1,25 milh\u00e3o de vagas para curso de educa\u00e7\u00e3o inclusiva"},"content":{"rendered":"<div class=\"wp-block-image\">\n<figure class=\"aligncenter size-full\"><img data-recalc-dims=\"1\" fetchpriority=\"high\" decoding=\"async\" width=\"600\" height=\"421\" src=\"https:\/\/i0.wp.com\/minutobahia24h.com.br\/wp-content\/uploads\/2024\/10\/Sem-titulo-169.jpg?resize=600%2C421&#038;ssl=1\" alt=\"\" class=\"wp-image-18074\" srcset=\"https:\/\/i0.wp.com\/minutobahia24h.com.br\/wp-content\/uploads\/2024\/10\/Sem-titulo-169.jpg?w=600&amp;ssl=1 600w, https:\/\/i0.wp.com\/minutobahia24h.com.br\/wp-content\/uploads\/2024\/10\/Sem-titulo-169.jpg?resize=300%2C211&amp;ssl=1 300w\" sizes=\"(max-width: 600px) 100vw, 600px\" \/><figcaption class=\"wp-element-caption\">Foto: Marcos Oliveira\/Ag\u00eancia Senado<br><\/figcaption><\/figure>\n<\/div>\n\n\n<p>O Minist\u00e9rio da Educa\u00e7\u00e3o (Mec) anunciou que ofertar\u00e1 1,25 milh\u00e3o de vagas para curso de educa\u00e7\u00e3o especial na perspectiva da educa\u00e7\u00e3o inclusiva para forma\u00e7\u00e3o de professores. A partir da pr\u00f3xima segunda-feira (21), os docentes interessados poder\u00e3o fazer a inscri\u00e7\u00e3o para as primeiras 250 mil vagas diretamente nos sites das 50 institui\u00e7\u00f5es de ensino superior que j\u00e1 aderiram ao curso.<\/p>\n\n\n\n<p>A lista das entidades ainda ser\u00e1 divulgada pela Coordena\u00e7\u00e3o de Aperfei\u00e7oamento de Pessoal de N\u00edvel Superior (Capes), funda\u00e7\u00e3o que faz parte do Mec. O curso online \u00e9 voltado a educadores que atuam em sala de aula de educa\u00e7\u00e3o b\u00e1sica, que engloba a educa\u00e7\u00e3o infantil, o ensino fundamental de nove anos e o ensino m\u00e9dio para o aprimoramento do trabalho pedag\u00f3gico nas escolas.<\/p>\n\n\n\n<p>Ao fim do curso, o objetivo \u00e9 que os educadores desenvolvam trabalhos pedag\u00f3gicos para a melhoria da educa\u00e7\u00e3o especial na perspectiva inclusiva para atender \u00e0s necessidades educacionais especiais de alunos com defici\u00eancia, transtornos globais de desenvolvimento e altas habilidades\/superdota\u00e7\u00e3o.<\/p>\n\n\n\n<p><strong>Forma\u00e7\u00e3o \u2013&nbsp;<\/strong>&nbsp;O in\u00edcio das aulas do curso de educa\u00e7\u00e3o inclusiva est\u00e1 previsto para mar\u00e7o de 2025 e a forma\u00e7\u00e3o ter\u00e1 carga hor\u00e1ria total de 120 horas. A Universidade Aberta do Brasil (UAB), do Minist\u00e9rio da Educa\u00e7\u00e3o, ser\u00e1 respons\u00e1vel pelo curso, em parceria com a Universidade Federal Rural do Rio de Janeiro (UFRRJ) e a Universidade Federal de Goi\u00e1s (UFG).<\/p>\n\n\n\n<p>Ap\u00f3s a inscri\u00e7\u00e3o no site de uma das 50 institui\u00e7\u00f5es de ensino superior participantes, o curso ser\u00e1 ofertado na modalidade \u00e0 dist\u00e2ncia do Ambiente Virtual de Aprendizagem (AVA) da Coordena\u00e7\u00e3o de Aperfei\u00e7oamento de Pessoal de N\u00edvel Superior (Capes). A plataforma de ensino virtual tem o objetivo de expandir e interiorizar a oferta de cursos no pa\u00eds.<\/p>\n\n\n\n<p>A forma\u00e7\u00e3o elaborada por especialistas ser\u00e1 composta por quatro m\u00f3dulos: direitos humanos, diversidade e educa\u00e7\u00e3o inclusiva;<br>desenvolvimento humano, ensino e aprendizagem na perspectiva da educa\u00e7\u00e3o inclusiva; curr\u00edculo, tecnologias e pr\u00e1ticas pedag\u00f3gicas inclusivas; e pr\u00e1ticas, recursos e materiais pedag\u00f3gicos inclusivos na escola.<\/p>\n\n\n\n<p>De acordo com o Mec, cada m\u00f3dulo ter\u00e1 leitura de material did\u00e1tico, atividades interativas mediadas pelos tutores, casos de ensino, relato de experi\u00eancias com observa\u00e7\u00e3o e reflex\u00e3o sobre as estrat\u00e9gias usadas. As avalia\u00e7\u00f5es dos participantes do curso observar\u00e3o o desempenho na elabora\u00e7\u00e3o de textos, recursos e projetos.<\/p>\n\n\n\n<p>Bahia.ba<\/p>\n","protected":false},"excerpt":{"rendered":"<p>O Minist\u00e9rio da Educa\u00e7\u00e3o (Mec) anunciou que ofertar\u00e1 1,25 milh\u00e3o de vagas para curso de educa\u00e7\u00e3o especial na perspectiva da educa\u00e7\u00e3o inclusiva para forma\u00e7\u00e3o de professores. A partir da pr\u00f3xima segunda-feira (21), os docentes interessados poder\u00e3o fazer a inscri\u00e7\u00e3o para as primeiras 250 mil vagas diretamente nos sites das 50 institui\u00e7\u00f5es de ensino superior que [&hellip;]<\/p>\n","protected":false},"author":2,"featured_media":18074,"comment_status":"open","ping_status":"open","sticky":false,"template":"","format":"standard","meta":{"_jetpack_memberships_contains_paid_content":false,"footnotes":""},"categories":[2],"tags":[],"class_list":["post-18073","post","type-post","status-publish","format-standard","has-post-thumbnail","hentry","category-nacional"],"aioseo_notices":[],"jetpack_featured_media_url":"https:\/\/i0.wp.com\/minutobahia24h.com.br\/wp-content\/uploads\/2024\/10\/Sem-titulo-169.jpg?fit=600%2C421&ssl=1","jetpack_sharing_enabled":true,"_links":{"self":[{"href":"https:\/\/minutobahia24h.com.br\/index.php?rest_route=\/wp\/v2\/posts\/18073","targetHints":{"allow":["GET"]}}],"collection":[{"href":"https:\/\/minutobahia24h.com.br\/index.php?rest_route=\/wp\/v2\/posts"}],"about":[{"href":"https:\/\/minutobahia24h.com.br\/index.php?rest_route=\/wp\/v2\/types\/post"}],"author":[{"embeddable":true,"href":"https:\/\/minutobahia24h.com.br\/index.php?rest_route=\/wp\/v2\/users\/2"}],"replies":[{"embeddable":true,"href":"https:\/\/minutobahia24h.com.br\/index.php?rest_route=%2Fwp%2Fv2%2Fcomments&post=18073"}],"version-history":[{"count":1,"href":"https:\/\/minutobahia24h.com.br\/index.php?rest_route=\/wp\/v2\/posts\/18073\/revisions"}],"predecessor-version":[{"id":18075,"href":"https:\/\/minutobahia24h.com.br\/index.php?rest_route=\/wp\/v2\/posts\/18073\/revisions\/18075"}],"wp:featuredmedia":[{"embeddable":true,"href":"https:\/\/minutobahia24h.com.br\/index.php?rest_route=\/wp\/v2\/media\/18074"}],"wp:attachment":[{"href":"https:\/\/minutobahia24h.com.br\/index.php?rest_route=%2Fwp%2Fv2%2Fmedia&parent=18073"}],"wp:term":[{"taxonomy":"category","embeddable":true,"href":"https:\/\/minutobahia24h.com.br\/index.php?rest_route=%2Fwp%2Fv2%2Fcategories&post=18073"},{"taxonomy":"post_tag","embeddable":true,"href":"https:\/\/minutobahia24h.com.br\/index.php?rest_route=%2Fwp%2Fv2%2Ftags&post=18073"}],"curies":[{"name":"wp","href":"https:\/\/api.w.org\/{rel}","templated":true}]}}