{"id":18059,"date":"2024-10-16T07:08:26","date_gmt":"2024-10-16T10:08:26","guid":{"rendered":"https:\/\/minutobahia24h.com.br\/?p=18059"},"modified":"2024-10-16T07:08:28","modified_gmt":"2024-10-16T10:08:28","slug":"corregedoria-do-tj-ba-reabre-sindicancia-contra-juiz-integrante-da-liga-da-justica-de-porto-seguro","status":"publish","type":"post","link":"https:\/\/minutobahia24h.com.br\/?p=18059","title":{"rendered":"Corregedoria do TJ-BA reabre sindic\u00e2ncia contra juiz integrante da \u201cLiga da Justi\u00e7a\u201d de Porto Seguro"},"content":{"rendered":"<div class=\"wp-block-image\">\n<figure class=\"aligncenter size-large\"><img data-recalc-dims=\"1\" fetchpriority=\"high\" decoding=\"async\" width=\"800\" height=\"420\" src=\"https:\/\/i0.wp.com\/minutobahia24h.com.br\/wp-content\/uploads\/2024\/10\/Sem-titulo-165-1024x538.jpg?resize=800%2C420&#038;ssl=1\" alt=\"\" class=\"wp-image-18060\" srcset=\"https:\/\/i0.wp.com\/minutobahia24h.com.br\/wp-content\/uploads\/2024\/10\/Sem-titulo-165.jpg?resize=1024%2C538&amp;ssl=1 1024w, https:\/\/i0.wp.com\/minutobahia24h.com.br\/wp-content\/uploads\/2024\/10\/Sem-titulo-165.jpg?resize=300%2C158&amp;ssl=1 300w, https:\/\/i0.wp.com\/minutobahia24h.com.br\/wp-content\/uploads\/2024\/10\/Sem-titulo-165.jpg?resize=768%2C403&amp;ssl=1 768w, https:\/\/i0.wp.com\/minutobahia24h.com.br\/wp-content\/uploads\/2024\/10\/Sem-titulo-165.jpg?resize=750%2C394&amp;ssl=1 750w, https:\/\/i0.wp.com\/minutobahia24h.com.br\/wp-content\/uploads\/2024\/10\/Sem-titulo-165.jpg?resize=1140%2C599&amp;ssl=1 1140w, https:\/\/i0.wp.com\/minutobahia24h.com.br\/wp-content\/uploads\/2024\/10\/Sem-titulo-165.jpg?w=1200&amp;ssl=1 1200w\" sizes=\"(max-width: 800px) 100vw, 800px\" \/><figcaption class=\"wp-element-caption\">Foto: Reprodu\u00e7\u00e3o<br><\/figcaption><\/figure>\n<\/div>\n\n\n<p>Com a finalidade de aprofundar a investiga\u00e7\u00e3o quanto \u00e0 suposta viola\u00e7\u00e3o dos deveres no exerc\u00edcio da magistratura, a Corregedoria-Geral de Justi\u00e7a (CGJ) do Tribunal de Justi\u00e7a da Bahia (TJ-BA) decidiu reabrir sindic\u00e2ncia contra o juiz Andr\u00e9 Marcelo Strogenski, titular da 1\u00aa\u00a0 Vara Criminal, J\u00fari e Execu\u00e7\u00f5es Penais de Porto Seguro.\u00a0<\/p>\n\n\n\n<p>O magistrado \u00e9 acusado de compor o que foi conhecido como\u00a0<a href=\"https:\/\/www.bahianoticias.com.br\/justica\/noticia\/70495-liga-da-justica-audios-revelam-pratica-de-agiotagem-por-juizes-e-promotor-de-porto-seguro\">\u201cLiga da Justi\u00e7a\u201d<\/a>, um\u00a0<a href=\"https:\/\/www.bahianoticias.com.br\/justica\/noticia\/70061-juizes-de-porto-seguro-sao-investigados-por-grilagem-fraude-processual-enriquecimento-ilicito-e-agiotagem\">suposto esquema corrup\u00e7\u00e3o na Costa do Descobrimento baiano<\/a>\u00a0envolvendo ju\u00edzes, advogados, promotor, empres\u00e1rios e membros do Poder Executivo municipal. Entre os crimes atribu\u00eddos ao grupo est\u00e3o corrup\u00e7\u00e3o, lavagem de dinheiro, grilagem de terra, fraude processual e agiotagem. Ap\u00f3s os fatos constatados pela CGJ,\u00a0<a href=\"https:\/\/www.bahianoticias.com.br\/justica\/noticia\/70044-tres-juizes-de-porto-seguro-sao-afastados-dos-cargos-pelo-tj-ba\">Strogenski foi afastado cautelarmente do cargo em junho deste ano<\/a>.\u00a0<\/p>\n\n\n\n<p>Para a reabertura da sindic\u00e2ncia em quest\u00e3o, o corregedor-geral de Justi\u00e7a, desembargador Roberto Maynard Frank, argumenta ser \u201cimprescind\u00edvel\u201d a retomada para conhecer com mais profundidade as circunst\u00e2ncias que ocasionaram, por exemplo, a paralisa\u00e7\u00e3o de uma a\u00e7\u00e3o penal contra o ex-prefeito de Porto Seguro, Jos\u00e9 Ubaldino Alves Pinto J\u00fanior, e Carlos Roberto de Martins por 14 anos. O pol\u00edtico virou r\u00e9u diante da suspeita de fraude em licita\u00e7\u00e3o na prefeitura e desvio de verba p\u00fablica.\u00a0<\/p>\n\n\n\n<p>Explicando um pouco mais, a sindic\u00e2ncia havia sido arquivada pelo ex-corregedor-geral do TJ-BA, desembargador Jos\u00e9 Edivaldo Rocha Rotondano, em agosto de 2023 e s\u00f3 foi informada \u00e0 Corregedoria Nacional de Justi\u00e7a em procedimento distinto no m\u00eas de outubro do mesmo ano.<\/p>\n\n\n\n<p>\u201cA quest\u00e3o relatada nestes autos n\u00e3o poderia ser analisada de maneira simplista e unicamente com base em dados processuais da unidade judicial\u201d, frisa o desembargador Roberto Maynard Frank em sua decis\u00e3o.<\/p>\n\n\n\n<p>A a\u00e7\u00e3o penal permaneceu sem julgamento desde 2008 at\u00e9 junho de 2022, quando foi extinta, sem julgamento do m\u00e9rito, por reconhecimento da prescri\u00e7\u00e3o. O juiz Andr\u00e9 Marcelo Strogenski tomou posse como titular da unidade, que era a \u00fanica vara criminal da comarca de Porto Seguro, em 2011.\u00a0<\/p>\n\n\n\n<p>Ao menos tr\u00eas processos contra Ubaldino J\u00fanior, conforme a CGJ, foram arquivados pelo juiz titular da 1\u00aa Vara Criminal em virtude do reconhecimento da prescri\u00e7\u00e3o da pena. As a\u00e7\u00f5es envolvem crimes contra a honra, cal\u00fania e inj\u00faria, com penas m\u00e1ximas de dois e cinco anos.<\/p>\n\n\n\n<p>Em outro processo que aponta para a suposta pr\u00e1tica dos crimes contra o patrim\u00f4nio e estelionato, atribu\u00eddas a Carlos Roberto de Martins, foi constatada rela\u00e7\u00e3o entre o juiz e a parte com suposto beneficiamento indevido na a\u00e7\u00e3o.\u00a0<\/p>\n\n\n\n<p>Soma-se a isso, as novas acusa\u00e7\u00f5es atribu\u00eddas ao juiz este ano, no \u00e2mbito da \u201cLiga da Justi\u00e7a\u201d. Apura\u00e7\u00f5es nas quais, segundo o corregedor, \u201csobrevieram fatos suficientemente h\u00e1beis a indicar graves ind\u00edcios de parcialidade do Magistrado Andr\u00e9 Marcelo Strogenski\u201d na a\u00e7\u00e3o penal de Ubaldino J\u00fanior, ocasionando, supostamente, morosidade injustificada e o reconhecimento da prescri\u00e7\u00e3o da pena.\u00a0<\/p>\n\n\n\n<p>LIGA DA JUSTI\u00c7A<br>No suposto esquema de corrup\u00e7\u00e3o que veio \u00e0 tona este ano, Andr\u00e9 Marcelo Strogenski \u00e9 acusado, entre outros crimes, de agiotagem, junto como os ju\u00edzes\u00a0<a href=\"https:\/\/www.bahianoticias.com.br\/justica\/noticia\/70071-dono-de-resort-de-luxo-e-pre-candidato-a-prefeito-e-citado-em-investigacao-contra-juizes-de-porto-seguro\">Fernando Machado Paropat Souza<\/a>, da 1\u00aa Vara dos Feitos Relativos \u00e0s Rela\u00e7\u00f5es de Consumo, C\u00edveis, Comerciais, Consumidor e Registro P\u00fablico; e Rog\u00e9rio Barbosa de Sousa e Silva, da Vara da Inf\u00e2ncia e Juventude e Execu\u00e7\u00e3o de Medidas S\u00f3cio-Educativas. Conforme revelado pelo em\u00a0<a href=\"https:\/\/www.bahianoticias.com.br\/justica\/noticia\/70495-liga-da-justica-audios-revelam-pratica-de-agiotagem-por-juizes-e-promotor-de-porto-seguro\">\u00e1udios obtidos pelo Fant\u00e1stico, da TV Globo, eles negociavam empr\u00e9stimos com regras pr\u00f3prias<\/a>.<\/p>\n\n\n\n<p>Os\u00a0<a href=\"https:\/\/www.bahianoticias.com.br\/justica\/noticia\/70074-titular-da-1a-vara-criminal-de-porto-seguro-cedia-veiculos-de-poder-publico-a-terceiros-e-reus-aponta-denuncia\">dados obtidos pelas correi\u00e7\u00f5es da Corregedoria-Geral de Justi\u00e7a<\/a>\u00a0apontam que a 1\u00aa Vara Criminal, J\u00fari e Execu\u00e7\u00f5es Penais da comarca de Porto Seguro n\u00e3o possui controle e registro efetivo dos bens apreendidos ou de processos da unidade.\u00a0<\/p>\n\n\n\n<p>O relat\u00f3rio da CGJ segue apontando que especialmente quanto \u00e0 nomea\u00e7\u00e3o provis\u00f3ria de deposit\u00e1rios fi\u00e9is, verificou-se que\u00a0<a href=\"https:\/\/www.bahianoticias.com.br\/justica\/noticia\/70073-assessora-de-juiz-afastado-pelo-tj-ba-em-porto-seguro-atuou-em-acoes-de-membros-de-faccao-defendidos-pelo-seu-filho-entenda\">Andr\u00e9 Marcelo Strongenski<\/a>\u00a0cedia, \u201csem qualquer controle\u201d, ve\u00edculos aos pr\u00f3prios servidores da unidade, estagi\u00e1rio, motorista\/seguran\u00e7a particular, terceiros, institui\u00e7\u00f5es policiais e ONGs.\u00a0<\/p>\n\n\n\n<p>Tamb\u00e9m foi apurada uma poss\u00edvel tramita\u00e7\u00e3o indevida de processos na Vara, \u201ca despeito de poss\u00edvel incompet\u00eancia absoluta\u201d; inobserv\u00e2ncia de oitiva pr\u00e9via do Minist\u00e9rio P\u00fablico para decis\u00f5es ou demora na sua intima\u00e7\u00e3o, inclusive que outorgam benef\u00edcios processuais; autoriza\u00e7\u00e3o para crema\u00e7\u00e3o de corpo, sem oitiva da autoridade policial investigativa ou do Minist\u00e9rio P\u00fablico, no caso de morte violenta (que deveria tramitar na Vara de Registro P\u00fablico); desbloqueio e libera\u00e7\u00e3o de valores em processo judicial, com ordem de bloqueio de outro Ju\u00edzo comunicada nos autos; utiliza\u00e7\u00e3o do Sistema SISBAJUD de outra unidade judicial, com aparente indica\u00e7\u00e3o de parte e n\u00famero de processo inexistentes; e nomea\u00e7\u00e3o de parte como fiel deposit\u00e1rio de ve\u00edculo, sem motiva\u00e7\u00e3o suficiente.\u00a0<\/p>\n\n\n\n<p>HIST\u00d3RICO DE UBALDINO<br>Ubaldino J\u00fanior foi deputado federal e em dezembro de 1996 renunciou ao mandato na C\u00e2mara dos Deputados para assumir pela primeira vez a prefeitura de Porto Seguro, em 1997. Foi reeleito em 2000 e permaneceu como prefeito at\u00e9 2004. O seu hist\u00f3rico com a Justi\u00e7a e acusa\u00e7\u00f5es de condutas il\u00edcitas \u00e9 extenso.\u00a0<\/p>\n\n\n\n<figure class=\"wp-block-image size-full\"><img data-recalc-dims=\"1\" decoding=\"async\" data-src=\"https:\/\/i0.wp.com\/minutobahia24h.com.br\/wp-content\/uploads\/2024\/10\/image-2.jpg?w=800&#038;ssl=1\" alt=\"\" class=\"wp-image-18061 lazyload\" src=\"data:image\/gif;base64,R0lGODlhAQABAAAAACH5BAEKAAEALAAAAAABAAEAAAICTAEAOw==\" \/><noscript><img data-recalc-dims=\"1\" decoding=\"async\" src=\"https:\/\/i0.wp.com\/minutobahia24h.com.br\/wp-content\/uploads\/2024\/10\/image-2.jpg?w=800&#038;ssl=1\" alt=\"\" class=\"wp-image-18061\"\/><\/noscript><\/figure>\n\n\n\n<p><br><em>Foto: Reprodu\u00e7\u00e3o<\/em><\/p>\n\n\n\n<p>Em 2003, o Minist\u00e9rio P\u00fablico Federal (MPF) pediu o afastamento do ent\u00e3o prefeito, a indisponibilidade liminar de seus bens, a quebra de seu sigilo banc\u00e1rio e o bloqueio de toda e qualquer quantia encontrada em conta banc\u00e1ria que tivesse Ubaldino como titular ou que ele mantivesse em conjunto com outras pessoas. O MPF justificou os pedidos sinalizando para os \u201cgraves ind\u00edcios de desvios de vultosas somas de recursos p\u00fablicos\u201d \u2014 um total de R$ 48,5 milh\u00f5es, como verificado pela Controladoria Geral da Uni\u00e3o (CGU).\u00a0<\/p>\n\n\n\n<p>No ano de 2008, o Tribunal de Contas da Uni\u00e3o (TCU) condenou o ex-prefeito de Porto Seguro a devolver aos cofres p\u00fablicos o valor equivalente a R$ 417.807,89. O motivo foi a n\u00e3o presta\u00e7\u00e3o de contas de recursos federais recebidos por meio de conv\u00eanio com Minist\u00e9rio Educa\u00e7\u00e3o (MEC), atrav\u00e9s do Fundo Nacional de Desenvolvimento da Educa\u00e7\u00e3o (FNDE) para a constru\u00e7\u00e3o de uma escola de ensino fundamental no munic\u00edpio.\u00a0<\/p>\n\n\n\n<p>No ano seguinte, 2009, o pol\u00edtico foi condenado pela Justi\u00e7a Federal a dois anos de pris\u00e3o no regime aberto por apropria\u00e7\u00e3o ind\u00e9bita de recursos recolhidos da contribui\u00e7\u00e3o previdenci\u00e1ria de funcion\u00e1rios municipais que deveriam ser repassados ao Instituto Nacional de Seguridade Social (INSS). Neste mesmo ano ele foi condenado pelo TCU por irregularidades na aplica\u00e7\u00e3o de recursos para a Unidade de Urg\u00eancia e Emerg\u00eancia M\u00e9dica do distrito de Arraial d\u2019Ajuda em sua gest\u00e3o como prefeito.\u00a0<\/p>\n\n\n\n<p>Seis anos depois, em 2014, Jos\u00e9 Ubaldino Alves Pinto J\u00fanior foi condenado pelo Tribunal de Contas dos Munic\u00edpios (TCM-BA) a devolver R$ 2.362.005,20 ao er\u00e1rio municipal, com recursos pessoais, por servi\u00e7os pagos e n\u00e3o realizados. Ele tamb\u00e9m foi multado em R$ 40.263,00 por irregularidades em transa\u00e7\u00f5es de sua gest\u00e3o com empresas pertencentes a ele e a parentes seus, as quais saiam vencedoras das licita\u00e7\u00f5es da prefeitura de Porto Seguro.<\/p>\n\n\n\n<p>At\u00e9 que em 2013, o Tribunal Regional Eleitoral da Bahia (TRE-BA) declarou a inelegibilidade de Ubaldino J\u00fanior pelo per\u00edodo de oito anos, por abuso de meios de comunica\u00e7\u00e3o e de poder econ\u00f4mico. As investiga\u00e7\u00f5es constataram que o pol\u00edtico violou as regras de concess\u00e3o do servi\u00e7o de radiodifus\u00e3o sonora ao ter utilizado a R\u00e1dio Porto Brasil FM para beneficiar seu irm\u00e3o mais novo, L\u00facio Caires Pinto, candidato do PMDB derrotado \u00e0 prefeitura de Porto Seguro em 2012.<\/p>\n\n\n\n<p>BN<\/p>\n","protected":false},"excerpt":{"rendered":"<p>Com a finalidade de aprofundar a investiga\u00e7\u00e3o quanto \u00e0 suposta viola\u00e7\u00e3o dos deveres no exerc\u00edcio da magistratura, a Corregedoria-Geral de Justi\u00e7a (CGJ) do Tribunal de Justi\u00e7a da Bahia (TJ-BA) decidiu reabrir sindic\u00e2ncia contra o juiz Andr\u00e9 Marcelo Strogenski, titular da 1\u00aa\u00a0 Vara Criminal, J\u00fari e Execu\u00e7\u00f5es Penais de Porto Seguro.\u00a0 O magistrado \u00e9 acusado de [&hellip;]<\/p>\n","protected":false},"author":2,"featured_media":18060,"comment_status":"open","ping_status":"open","sticky":false,"template":"","format":"standard","meta":{"_jetpack_memberships_contains_paid_content":false,"footnotes":""},"categories":[46],"tags":[],"class_list":["post-18059","post","type-post","status-publish","format-standard","has-post-thumbnail","hentry","category-noticia"],"aioseo_notices":[],"jetpack_featured_media_url":"https:\/\/i0.wp.com\/minutobahia24h.com.br\/wp-content\/uploads\/2024\/10\/Sem-titulo-165.jpg?fit=1200%2C630&ssl=1","jetpack_sharing_enabled":true,"_links":{"self":[{"href":"https:\/\/minutobahia24h.com.br\/index.php?rest_route=\/wp\/v2\/posts\/18059","targetHints":{"allow":["GET"]}}],"collection":[{"href":"https:\/\/minutobahia24h.com.br\/index.php?rest_route=\/wp\/v2\/posts"}],"about":[{"href":"https:\/\/minutobahia24h.com.br\/index.php?rest_route=\/wp\/v2\/types\/post"}],"author":[{"embeddable":true,"href":"https:\/\/minutobahia24h.com.br\/index.php?rest_route=\/wp\/v2\/users\/2"}],"replies":[{"embeddable":true,"href":"https:\/\/minutobahia24h.com.br\/index.php?rest_route=%2Fwp%2Fv2%2Fcomments&post=18059"}],"version-history":[{"count":1,"href":"https:\/\/minutobahia24h.com.br\/index.php?rest_route=\/wp\/v2\/posts\/18059\/revisions"}],"predecessor-version":[{"id":18063,"href":"https:\/\/minutobahia24h.com.br\/index.php?rest_route=\/wp\/v2\/posts\/18059\/revisions\/18063"}],"wp:featuredmedia":[{"embeddable":true,"href":"https:\/\/minutobahia24h.com.br\/index.php?rest_route=\/wp\/v2\/media\/18060"}],"wp:attachment":[{"href":"https:\/\/minutobahia24h.com.br\/index.php?rest_route=%2Fwp%2Fv2%2Fmedia&parent=18059"}],"wp:term":[{"taxonomy":"category","embeddable":true,"href":"https:\/\/minutobahia24h.com.br\/index.php?rest_route=%2Fwp%2Fv2%2Fcategories&post=18059"},{"taxonomy":"post_tag","embeddable":true,"href":"https:\/\/minutobahia24h.com.br\/index.php?rest_route=%2Fwp%2Fv2%2Ftags&post=18059"}],"curies":[{"name":"wp","href":"https:\/\/api.w.org\/{rel}","templated":true}]}}