{"id":18055,"date":"2024-10-16T07:04:18","date_gmt":"2024-10-16T10:04:18","guid":{"rendered":"https:\/\/minutobahia24h.com.br\/?p=18055"},"modified":"2024-10-16T07:04:19","modified_gmt":"2024-10-16T10:04:19","slug":"prefeitos-eleitos-no-interior-da-bahia-realizam-encontro-para-fortalecer-desenvolvimento-das-macrorregioes","status":"publish","type":"post","link":"https:\/\/minutobahia24h.com.br\/?p=18055","title":{"rendered":"Prefeitos eleitos no interior da Bahia realizam encontro para fortalecer desenvolvimento das macrorregi\u00f5es"},"content":{"rendered":"<div class=\"wp-block-image\">\n<figure class=\"aligncenter size-large\"><img data-recalc-dims=\"1\" fetchpriority=\"high\" decoding=\"async\" width=\"800\" height=\"420\" src=\"https:\/\/i0.wp.com\/minutobahia24h.com.br\/wp-content\/uploads\/2024\/10\/Sem-titulo-164-1024x538.jpg?resize=800%2C420&#038;ssl=1\" alt=\"\" class=\"wp-image-18056\" srcset=\"https:\/\/i0.wp.com\/minutobahia24h.com.br\/wp-content\/uploads\/2024\/10\/Sem-titulo-164.jpg?resize=1024%2C538&amp;ssl=1 1024w, https:\/\/i0.wp.com\/minutobahia24h.com.br\/wp-content\/uploads\/2024\/10\/Sem-titulo-164.jpg?resize=300%2C158&amp;ssl=1 300w, https:\/\/i0.wp.com\/minutobahia24h.com.br\/wp-content\/uploads\/2024\/10\/Sem-titulo-164.jpg?resize=768%2C403&amp;ssl=1 768w, https:\/\/i0.wp.com\/minutobahia24h.com.br\/wp-content\/uploads\/2024\/10\/Sem-titulo-164.jpg?resize=750%2C394&amp;ssl=1 750w, https:\/\/i0.wp.com\/minutobahia24h.com.br\/wp-content\/uploads\/2024\/10\/Sem-titulo-164.jpg?resize=1140%2C599&amp;ssl=1 1140w, https:\/\/i0.wp.com\/minutobahia24h.com.br\/wp-content\/uploads\/2024\/10\/Sem-titulo-164.jpg?w=1200&amp;ssl=1 1200w\" sizes=\"(max-width: 800px) 100vw, 800px\" \/><\/figure>\n<\/div>\n\n\n<p>O prefeito eleito de Alagoinhas, Gustavo Carmo (PSD) e o vice, Luciano S\u00e9rgio (PT), promoveram um almo\u00e7o com prefeitos eleitos e reeleitos da regi\u00e3o. Segundo o futuro chefe do Executivo da cidade, o encontro realizado nesta ter\u00e7a-feira (15) teve como objetivo fortalecer o protagonismo pol\u00edtico de Alagoinhas e estabelecer parcerias intermunicipais visando ao desenvolvimento das macrorregi\u00f5es.<\/p>\n\n\n\n<p>\u201cAgrade\u00e7o a todos por aceitarem o convite. Esperamos que esses encontros se repitam, pois acredito que as solu\u00e7\u00f5es passam pela unidade, troca de experi\u00eancias e solu\u00e7\u00f5es coletivas. Os problemas que enfrentamos s\u00e3o muito semelhantes, e se n\u00e3o tivermos a consci\u00eancia de caminhar juntos, buscando recursos junto aos governos estadual e federal, nossas dificuldades s\u00f3 aumentar\u00e3o.\u201d<\/p>\n\n\n\n<p>O prefeito Branco Sales (PP), de Cardeal da Silva, elogiou a iniciativa: \u201cEsse encontro \u00e9 essencial. A proximidade entre os prefeitos, com vis\u00f5es inovadoras e empreendedoras, nos permitir\u00e1 desenvolver solu\u00e7\u00f5es coletivas. O cons\u00f3rcio, como o Gustavo mencionou, \u00e9 uma ferramenta poderosa para facilitar licita\u00e7\u00f5es e agilizar a execu\u00e7\u00e3o de obras. Precisamos fortalecer essa uni\u00e3o, independentemente das bandeiras pol\u00edticas.\u201d<\/p>\n\n\n\n<p>O prefeito eleito Luizinho Trinch\u00e3o (PSD), de Pojuca, a articula\u00e7\u00e3o: \u201cTemos uma regi\u00e3o forte, com grande potencial industrial, comercial e agr\u00edcola. Essa uni\u00e3o \u00e9 fundamental para o desenvolvimento de todos.\u201d<\/p>\n\n\n\n<p>Dod\u00f3 (Uni\u00e3o), vice-prefeito eleito do Conde, representando o prefeito An\u00edsio Madeirol (Uni\u00e3o), tamb\u00e9m destacou a import\u00e2ncia da coopera\u00e7\u00e3o: \u201cAgrade\u00e7o a Deus e a Gustavo por esta oportunidade. A elei\u00e7\u00e3o de Alagoinhas foi dura, mas a vit\u00f3ria foi merecida. O Conde, com suas belas praias e acolhimento, est\u00e1 de portas abertas para receber ainda mais visitantes de Alagoinhas.\u201d<\/p>\n\n\n\n<p>O prefeito Marc\u00edlio Menezes (MDB), de Pedr\u00e3o, refor\u00e7ou a import\u00e2ncia do fortalecimento econ\u00f4mico: \u201cEsse encontro \u00e9 crucial para discutirmos o fortalecimento da gera\u00e7\u00e3o de emprego e renda nas macrorregi\u00f5es. Estamos abertos ao di\u00e1logo e prontos para trabalhar de m\u00e3os dadas com os governos estadual e federal.\u201d<\/p>\n\n\n\n<p>Estiveram presentes os prefeitos Leandro Dantas (Cris\u00f3polis), Eliezer Reis (representando a prefeita Carine de Ata\u00edde, de Apor\u00e1), Pedrito Cruz (S\u00e1tiro Dias), Tonho (Aramari), Rony do PT (Ouri\u00e7angas), Hugo de Le\u00f4nidas (Inhambupe), Jadiel Souza (Acajutiba), Marquinhos (Cip\u00f3), entre outros.<\/p>\n\n\n\n<p>BN<\/p>\n","protected":false},"excerpt":{"rendered":"<p>O prefeito eleito de Alagoinhas, Gustavo Carmo (PSD) e o vice, Luciano S\u00e9rgio (PT), promoveram um almo\u00e7o com prefeitos eleitos e reeleitos da regi\u00e3o. Segundo o futuro chefe do Executivo da cidade, o encontro realizado nesta ter\u00e7a-feira (15) teve como objetivo fortalecer o protagonismo pol\u00edtico de Alagoinhas e estabelecer parcerias intermunicipais visando ao desenvolvimento das [&hellip;]<\/p>\n","protected":false},"author":2,"featured_media":18056,"comment_status":"open","ping_status":"open","sticky":false,"template":"","format":"standard","meta":{"_jetpack_memberships_contains_paid_content":false,"footnotes":""},"categories":[39],"tags":[],"class_list":["post-18055","post","type-post","status-publish","format-standard","has-post-thumbnail","hentry","category-politica"],"aioseo_notices":[],"jetpack_featured_media_url":"https:\/\/i0.wp.com\/minutobahia24h.com.br\/wp-content\/uploads\/2024\/10\/Sem-titulo-164.jpg?fit=1200%2C630&ssl=1","jetpack_sharing_enabled":true,"_links":{"self":[{"href":"https:\/\/minutobahia24h.com.br\/index.php?rest_route=\/wp\/v2\/posts\/18055","targetHints":{"allow":["GET"]}}],"collection":[{"href":"https:\/\/minutobahia24h.com.br\/index.php?rest_route=\/wp\/v2\/posts"}],"about":[{"href":"https:\/\/minutobahia24h.com.br\/index.php?rest_route=\/wp\/v2\/types\/post"}],"author":[{"embeddable":true,"href":"https:\/\/minutobahia24h.com.br\/index.php?rest_route=\/wp\/v2\/users\/2"}],"replies":[{"embeddable":true,"href":"https:\/\/minutobahia24h.com.br\/index.php?rest_route=%2Fwp%2Fv2%2Fcomments&post=18055"}],"version-history":[{"count":1,"href":"https:\/\/minutobahia24h.com.br\/index.php?rest_route=\/wp\/v2\/posts\/18055\/revisions"}],"predecessor-version":[{"id":18057,"href":"https:\/\/minutobahia24h.com.br\/index.php?rest_route=\/wp\/v2\/posts\/18055\/revisions\/18057"}],"wp:featuredmedia":[{"embeddable":true,"href":"https:\/\/minutobahia24h.com.br\/index.php?rest_route=\/wp\/v2\/media\/18056"}],"wp:attachment":[{"href":"https:\/\/minutobahia24h.com.br\/index.php?rest_route=%2Fwp%2Fv2%2Fmedia&parent=18055"}],"wp:term":[{"taxonomy":"category","embeddable":true,"href":"https:\/\/minutobahia24h.com.br\/index.php?rest_route=%2Fwp%2Fv2%2Fcategories&post=18055"},{"taxonomy":"post_tag","embeddable":true,"href":"https:\/\/minutobahia24h.com.br\/index.php?rest_route=%2Fwp%2Fv2%2Ftags&post=18055"}],"curies":[{"name":"wp","href":"https:\/\/api.w.org\/{rel}","templated":true}]}}