{"id":18052,"date":"2024-10-16T07:02:29","date_gmt":"2024-10-16T10:02:29","guid":{"rendered":"https:\/\/minutobahia24h.com.br\/?p=18052"},"modified":"2024-10-16T07:02:30","modified_gmt":"2024-10-16T10:02:30","slug":"feira-de-santana-declara-situacao-de-emergencia-por-causa-da-seca","status":"publish","type":"post","link":"https:\/\/minutobahia24h.com.br\/?p=18052","title":{"rendered":"Feira de Santana declara situa\u00e7\u00e3o de emerg\u00eancia por causa da seca"},"content":{"rendered":"<div class=\"wp-block-image\">\n<figure class=\"aligncenter size-full\"><img data-recalc-dims=\"1\" fetchpriority=\"high\" decoding=\"async\" width=\"600\" height=\"415\" src=\"https:\/\/i0.wp.com\/minutobahia24h.com.br\/wp-content\/uploads\/2024\/10\/Sem-titulo-163.jpg?resize=600%2C415&#038;ssl=1\" alt=\"\" class=\"wp-image-18053\" srcset=\"https:\/\/i0.wp.com\/minutobahia24h.com.br\/wp-content\/uploads\/2024\/10\/Sem-titulo-163.jpg?w=600&amp;ssl=1 600w, https:\/\/i0.wp.com\/minutobahia24h.com.br\/wp-content\/uploads\/2024\/10\/Sem-titulo-163.jpg?resize=300%2C208&amp;ssl=1 300w\" sizes=\"(max-width: 600px) 100vw, 600px\" \/><figcaption class=\"wp-element-caption\">Foto: Jos\u00e9 Cruz\/Ag\u00eancia Brasil<br><\/figcaption><\/figure>\n<\/div>\n\n\n<p id=\"paragrafo-033401grkm\">A cidade baiana de Feira de Santana decretou situa\u00e7\u00e3o de emerg\u00eancia por conta de \u00e1reas afetadas pela estiagem. Segunda maior cidade da Bahia, Feira tem tido baixos \u00edndices de chuva por causa da La Ni\u00f1a, um fen\u00f4meno natural que diminui a temperatura da superf\u00edcie das \u00e1guas do Oceano Pac\u00edfico Tropical Central e Oriental. A varia\u00e7\u00e3o foi divulgada em um parecer t\u00e9cnico da Coordena\u00e7\u00e3o Municipal de Prote\u00e7\u00e3o e Defesa Civil.<\/p>\n\n\n\n<p>O comunicado saiu no Di\u00e1rio Oficial do Munic\u00edpio na \u00faltima segunda-feira (14), e vai abrir caminho para medidas que v\u00e3o tentar suavizar os impactos da seca na cidade. A situa\u00e7\u00e3o de Feira configura um desastre de n\u00edvel II, e a declara\u00e7\u00e3o de emerg\u00eancia a partir desse fator permite que a cidade receba apoio federal e estadual.<\/p>\n\n\n\n<p>A pr\u00f3xima etapa \u00e9 a mobiliza\u00e7\u00e3o dos \u00f3rg\u00e3os municipais, j\u00e1 convocados pelo prefeito Colbert Martins (MDB), para atuar sob a coordena\u00e7\u00e3o da Defesa Civil. As a\u00e7\u00f5es realizadas devem reabilitar as \u00e1reas afetadas pela estiagem, e reconstruir infraestruturas, para garantir a seguran\u00e7a populacional e amenizar os impactos da seca.<\/p>\n\n\n\n<p id=\"paragrafo-ut0mxmmznc\">Em situa\u00e7\u00f5es de emerg\u00eancia, \u00e9 permitida a entrada em propriedades para prestar socorro e a possibilidade de desapropria\u00e7\u00f5es de \u00e1reas em risco. Nesses casos, a a\u00e7\u00e3o deve ser o mais r\u00e1pida poss\u00edvel, sem obrigatoriedade de licita\u00e7\u00e3o para que a administra\u00e7\u00e3o p\u00fablica acesse bens e servi\u00e7os necess\u00e1rios para garantir a seguran\u00e7a da popula\u00e7\u00e3o.<\/p>\n\n\n\n<p>Bahia.ba<\/p>\n","protected":false},"excerpt":{"rendered":"<p>A cidade baiana de Feira de Santana decretou situa\u00e7\u00e3o de emerg\u00eancia por conta de \u00e1reas afetadas pela estiagem. Segunda maior cidade da Bahia, Feira tem tido baixos \u00edndices de chuva por causa da La Ni\u00f1a, um fen\u00f4meno natural que diminui a temperatura da superf\u00edcie das \u00e1guas do Oceano Pac\u00edfico Tropical Central e Oriental. A varia\u00e7\u00e3o [&hellip;]<\/p>\n","protected":false},"author":2,"featured_media":18053,"comment_status":"open","ping_status":"open","sticky":false,"template":"","format":"standard","meta":{"_jetpack_memberships_contains_paid_content":false,"footnotes":""},"categories":[3],"tags":[],"class_list":["post-18052","post","type-post","status-publish","format-standard","has-post-thumbnail","hentry","category-regional"],"aioseo_notices":[],"jetpack_featured_media_url":"https:\/\/i0.wp.com\/minutobahia24h.com.br\/wp-content\/uploads\/2024\/10\/Sem-titulo-163.jpg?fit=600%2C415&ssl=1","jetpack_sharing_enabled":true,"_links":{"self":[{"href":"https:\/\/minutobahia24h.com.br\/index.php?rest_route=\/wp\/v2\/posts\/18052","targetHints":{"allow":["GET"]}}],"collection":[{"href":"https:\/\/minutobahia24h.com.br\/index.php?rest_route=\/wp\/v2\/posts"}],"about":[{"href":"https:\/\/minutobahia24h.com.br\/index.php?rest_route=\/wp\/v2\/types\/post"}],"author":[{"embeddable":true,"href":"https:\/\/minutobahia24h.com.br\/index.php?rest_route=\/wp\/v2\/users\/2"}],"replies":[{"embeddable":true,"href":"https:\/\/minutobahia24h.com.br\/index.php?rest_route=%2Fwp%2Fv2%2Fcomments&post=18052"}],"version-history":[{"count":1,"href":"https:\/\/minutobahia24h.com.br\/index.php?rest_route=\/wp\/v2\/posts\/18052\/revisions"}],"predecessor-version":[{"id":18054,"href":"https:\/\/minutobahia24h.com.br\/index.php?rest_route=\/wp\/v2\/posts\/18052\/revisions\/18054"}],"wp:featuredmedia":[{"embeddable":true,"href":"https:\/\/minutobahia24h.com.br\/index.php?rest_route=\/wp\/v2\/media\/18053"}],"wp:attachment":[{"href":"https:\/\/minutobahia24h.com.br\/index.php?rest_route=%2Fwp%2Fv2%2Fmedia&parent=18052"}],"wp:term":[{"taxonomy":"category","embeddable":true,"href":"https:\/\/minutobahia24h.com.br\/index.php?rest_route=%2Fwp%2Fv2%2Fcategories&post=18052"},{"taxonomy":"post_tag","embeddable":true,"href":"https:\/\/minutobahia24h.com.br\/index.php?rest_route=%2Fwp%2Fv2%2Ftags&post=18052"}],"curies":[{"name":"wp","href":"https:\/\/api.w.org\/{rel}","templated":true}]}}